{"id":1089673,"date":"2023-11-18T18:13:09","date_gmt":"2023-11-18T17:13:09","guid":{"rendered":"https:\/\/theplayoffs.news\/fr\/?p=1089673"},"modified":"2023-11-18T18:13:10","modified_gmt":"2023-11-18T17:13:10","slug":"milan-lucic-conge-indefini-arrestation","status":"publish","type":"post","link":"https:\/\/theplayoffs.news\/fr\/actualite-nhl\/milan-lucic-conge-indefini-arrestation\/","title":{"rendered":"Milan Lucic prend un cong\u00e9 ind\u00e9fini suite \u00e0 son arrestation"},"content":{"rendered":"<h2>NHL &ndash; Milan Lucic, l&rsquo;ailier exp&eacute;riment&eacute; des Bruins de Boston, s&rsquo;est vu accorder un cong&eacute; ind&eacute;fini de l&rsquo;&eacute;quipe.<\/h2><p>Cette d&eacute;cision fait suite &agrave; son arrestation r&eacute;cente li&eacute;e &agrave; un pr&eacute;tendu incident domestique.<\/p><h3>D&eacute;roulement de l&rsquo;Incident<\/h3><p>Milan Lucic, une figure cl&eacute; de l&rsquo;alignement des Bruins, s&rsquo;est retrouv&eacute; en difficult&eacute; juridique suite aux &eacute;v&eacute;nements survenus vendredi soir dernier. Selon les rapports de <a href=\"https:\/\/twitter.com\/conroyherald\/status\/1725909491944693960\" class=\"trk-cta-link\" data-cta-trk='{\"ctaType\":\"Link\",\"ctaSubType\":\"main\"}'>Steve Conroy du Boston Herald<\/a>, Lucic a &eacute;t&eacute; impliqu&eacute; dans un diff&eacute;rend domestique pr&eacute;sum&eacute;. Les d&eacute;tails de l&rsquo;incident restent peu clairs, mais ils ont suffi pour que la direction des Bruins prenne des mesures imm&eacute;diates.<\/p><p>Dans une d&eacute;claration publi&eacute;e samedi, les Bruins ont reconnu la gravit&eacute; de la situation.<\/p><blockquote><p>&laquo; Les Bruins de Boston sont au courant d&rsquo;un incident impliquant Milan Lucic vendredi soir. Milan prend un cong&eacute; ind&eacute;fini de l&rsquo;&eacute;quipe. L&rsquo;organisation prend ces affaires tr&egrave;s au s&eacute;rieux et travaillera avec la famille Lucic pour fournir tout soutien et assistance dont ils pourraient avoir besoin. Nous n&rsquo;aurons pas d&rsquo;autres commentaires pour le moment &raquo;, <a href=\"https:\/\/twitter.com\/conroyherald\/status\/1725909826180415968\" class=\"trk-cta-link\" data-cta-trk='{\"ctaType\":\"Link\",\"ctaSubType\":\"main\"}'>indique le communiqu&eacute;.<\/a><\/p><\/blockquote><p>Les accusations sont li&eacute;es &agrave; un incident domestique, mais les pr&eacute;cisions des all&eacute;gations ou des parties impliqu&eacute;es n&rsquo;ont pas &eacute;t&eacute; divulgu&eacute;es.<\/p><p>Cet incident jette une ombre sur ce qui a &eacute;t&eacute; une carri&egrave;re remarquable pour Lucic avec les Bruins. Ayant sign&eacute; un contrat d&rsquo;un an pour rejoindre les Bruins la saison derni&egrave;re, <a href=\"https:\/\/theplayoffs.news\/fr\/joueur\/milan-lucic-nhl-7560\/\" class=\"trk-cta-link\" data-cta-trk='{\"ctaType\":\"Link\",\"ctaSubType\":\"main\"}'><strong>Milan Lucic<\/strong><\/a> a marqu&eacute; son retour dans une &eacute;quipe o&ugrave; il avait d&eacute;j&agrave; jou&eacute; pendant huit saisons, de 2007 &agrave; 2015. Sa pr&eacute;sence dans l&rsquo;&eacute;quipe a &eacute;t&eacute; significative, non seulement pour ses contributions sur la glace mais aussi en tant que leader v&eacute;t&eacute;ran dans le vestiaire.<\/p><p>Cette saison, Milan Lucic a disput&eacute; 4 matchs et a compil&eacute; 2 points.<\/p><p>L&rsquo;impact de son absence sur la dynamique et la performance de l&rsquo;&eacute;quipe reste &agrave; voir. Le cong&eacute; de Milan Lucic des Bruins soul&egrave;ve des questions sur son avenir avec l&rsquo;&eacute;quipe et dans la LNH, surtout compte tenu de la gravit&eacute; avec laquelle les organisations sportives traitent les incidents hors terrain ces derni&egrave;res ann&eacute;es.<\/p><p>Credit: Winslow Townson-USA TODAY Sports<\/p>\n","protected":false},"excerpt":{"rendered":"","protected":false},"author":13,"featured_media":1089674,"comment_status":"open","ping_status":"closed","sticky":false,"template":"","format":"standard","meta":{"inline_featured_image":false,"kia_subtitle":"","_mux_skip_reasons":[],"proofreadBy":0,"footnotes":""},"categories":[187,26],"tags":[253,6664],"sport":[],"saison":[],"class_list":["post-1089673","post","type-post","status-publish","format-standard","has-post-thumbnail","hentry","category-actualite-nhl","category-nhl","tag-boston-bruins","tag-milan-lucic"],"acf":[],"yoast_head":"<!-- This site is optimized with the Yoast SEO plugin v24.2 - https:\/\/yoast.com\/wordpress\/plugins\/seo\/ -->\n<title>Milan Lucic prend un cong&eacute; ind&eacute;fini suite &agrave; son arrestation - The Playoffs FR<\/title>\n<meta name=\"robots\" content=\"index, follow, max-snippet:-1, max-image-preview:large, max-video-preview:-1\" \/>\n<link rel=\"canonical\" href=\"https:\/\/theplayoffs.news\/fr\/actualite-nhl\/milan-lucic-conge-indefini-arrestation\/\" \/>\n<meta property=\"og:locale\" content=\"fr_FR\" \/>\n<meta property=\"og:type\" content=\"article\" \/>\n<meta property=\"og:title\" content=\"Milan Lucic prend un cong&eacute; ind&eacute;fini suite &agrave; son arrestation - The Playoffs FR\" \/>\n<meta property=\"og:url\" content=\"https:\/\/theplayoffs.news\/fr\/actualite-nhl\/milan-lucic-conge-indefini-arrestation\/\" \/>\n<meta property=\"og:site_name\" content=\"The Playoffs FR\" \/>\n<meta property=\"article:publisher\" content=\"https:\/\/www.facebook.com\/TheFreeAgentFR\/\" \/>\n<meta property=\"article:modified_time\" content=\"2023-11-18T18:13:10+01:00\" \/>\n<meta property=\"og:image\" content=\"https:\/\/theplayoffs.news\/fr\/wp-content\/uploads\/2023\/11\/USATSI_21715300.jpg\" \/>\n\t<meta property=\"og:image:width\" content=\"1920\" \/>\n\t<meta property=\"og:image:height\" content=\"1280\" \/>\n\t<meta property=\"og:image:type\" content=\"image\/jpeg\" \/>\n<meta name=\"author\" content=\"Charles Taudin\" \/>\n<meta name=\"twitter:card\" content=\"summary_large_image\" \/>\n<meta name=\"twitter:creator\" content=\"@TheFreeAgentFR\" \/>\n<meta name=\"twitter:site\" content=\"@TheFreeAgentFR\" \/>\n<meta name=\"twitter:label1\" content=\"\u00c9crit par\" \/>\n\t<meta name=\"twitter:data1\" content=\"Charles Taudin\" \/>\n\t<meta name=\"twitter:label2\" content=\"Dur\u00e9e de lecture estim\u00e9e\" \/>\n\t<meta name=\"twitter:data2\" content=\"2 minutes\" \/>\n<script type=\"application\/ld+json\" class=\"yoast-schema-graph\">{\"@context\":\"https:\/\/schema.org\",\"@graph\":[{\"@type\":\"WebPage\",\"@id\":\"https:\/\/theplayoffs.news\/fr\/actualite-nhl\/milan-lucic-conge-indefini-arrestation\/\",\"url\":\"https:\/\/theplayoffs.news\/fr\/actualite-nhl\/milan-lucic-conge-indefini-arrestation\/\",\"name\":\"Milan Lucic prend un cong\u00e9 ind\u00e9fini suite \u00e0 son arrestation - The Playoffs FR\",\"isPartOf\":{\"@id\":\"https:\/\/theplayoffs.news\/fr\/#website\"},\"primaryImageOfPage\":{\"@id\":\"https:\/\/theplayoffs.news\/fr\/actualite-nhl\/milan-lucic-conge-indefini-arrestation\/#primaryimage\"},\"image\":{\"@id\":\"https:\/\/theplayoffs.news\/fr\/actualite-nhl\/milan-lucic-conge-indefini-arrestation\/#primaryimage\"},\"thumbnailUrl\":\"https:\/\/theplayoffs.news\/fr\/wp-content\/uploads\/2023\/11\/USATSI_21715300.jpg\",\"datePublished\":\"2023-11-18T17:13:09+00:00\",\"dateModified\":\"2023-11-18T17:13:10+00:00\",\"author\":{\"@id\":\"https:\/\/theplayoffs.news\/fr\/#\/schema\/person\/eee5b69ad5d3c51cabe881c839dbe133\"},\"breadcrumb\":{\"@id\":\"https:\/\/theplayoffs.news\/fr\/actualite-nhl\/milan-lucic-conge-indefini-arrestation\/#breadcrumb\"},\"inLanguage\":\"fr-FR\",\"potentialAction\":[{\"@type\":\"ReadAction\",\"target\":[\"https:\/\/theplayoffs.news\/fr\/actualite-nhl\/milan-lucic-conge-indefini-arrestation\/\"]}]},{\"@type\":\"ImageObject\",\"inLanguage\":\"fr-FR\",\"@id\":\"https:\/\/theplayoffs.news\/fr\/actualite-nhl\/milan-lucic-conge-indefini-arrestation\/#primaryimage\",\"url\":\"https:\/\/theplayoffs.news\/fr\/wp-content\/uploads\/2023\/11\/USATSI_21715300.jpg\",\"contentUrl\":\"https:\/\/theplayoffs.news\/fr\/wp-content\/uploads\/2023\/11\/USATSI_21715300.jpg\",\"width\":1920,\"height\":1280,\"caption\":\"Oct 11, 2023; Boston, Massachusetts, USA; Boston Bruins left wing Milan Lucic (17) during the second period against the Chicago Blackhawks at TD Garden. Mandatory Credit: Winslow Townson-USA TODAY Sports\"},{\"@type\":\"BreadcrumbList\",\"@id\":\"https:\/\/theplayoffs.news\/fr\/actualite-nhl\/milan-lucic-conge-indefini-arrestation\/#breadcrumb\",\"itemListElement\":[{\"@type\":\"ListItem\",\"position\":1,\"name\":\"Accueil\",\"item\":\"https:\/\/theplayoffs.news\/fr\/\"},{\"@type\":\"ListItem\",\"position\":2,\"name\":\"Milan Lucic prend un cong\u00e9 ind\u00e9fini suite \u00e0 son arrestation\"}]},{\"@type\":\"WebSite\",\"@id\":\"https:\/\/theplayoffs.news\/fr\/#website\",\"url\":\"https:\/\/theplayoffs.news\/fr\/\",\"name\":\"The Playoffs FR\",\"description\":\"NBA-NFL-NHL-MLB\",\"potentialAction\":[{\"@type\":\"SearchAction\",\"target\":{\"@type\":\"EntryPoint\",\"urlTemplate\":\"https:\/\/theplayoffs.news\/fr\/?s={search_term_string}\"},\"query-input\":{\"@type\":\"PropertyValueSpecification\",\"valueRequired\":true,\"valueName\":\"search_term_string\"}}],\"inLanguage\":\"fr-FR\"},{\"@type\":\"Person\",\"@id\":\"https:\/\/theplayoffs.news\/fr\/#\/schema\/person\/eee5b69ad5d3c51cabe881c839dbe133\",\"name\":\"Charles Taudin\",\"image\":{\"@type\":\"ImageObject\",\"inLanguage\":\"fr-FR\",\"@id\":\"https:\/\/theplayoffs.news\/fr\/#\/schema\/person\/image\/\",\"url\":\"https:\/\/secure.gravatar.com\/avatar\/59a1e772205ce9fd255edfcafc93013736822e20261f294c5753b20c41ede9f2?s=96&d=mm&r=g\",\"contentUrl\":\"https:\/\/secure.gravatar.com\/avatar\/59a1e772205ce9fd255edfcafc93013736822e20261f294c5753b20c41ede9f2?s=96&d=mm&r=g\",\"caption\":\"Charles Taudin\"},\"description\":\"R\u00e9dacteur en chef global de The Playoffs, j\u2019ai cr\u00e9\u00e9 The Free Agent, devenu The Playoffs FR, en 2020 durant la pand\u00e9mie. Amoureux depuis des ann\u00e9es des 4 sports majeurs am\u00e9ricains, j\u2019organise maintenant la strat\u00e9gie \u00e9ditoriale et les r\u00e9seaux sociaux de l\u2019ensemble des versions de The Playoffs. Il m\u2019arrive encore d\u2019\u00e9crire sur certains sports que j\u2019affectionne particuli\u00e8rement comme la NFL ou la MLB. Si vous devez retenir qu\u2019une chose : Eli Manning est le vrai GOAT pour avoir battu deux fois Tom Brady.\",\"sameAs\":[\"https:\/\/www.instagram.com\/ctaudin_\/\"],\"url\":\"https:\/\/theplayoffs.news\/fr\/author\/charles-taudin\/\"}]}<\/script>\n<!-- \/ Yoast SEO plugin. -->","yoast_head_json":{"title":"Milan Lucic prend un cong&eacute; ind&eacute;fini suite &agrave; son arrestation - The Playoffs FR","robots":{"index":"index","follow":"follow","max-snippet":"max-snippet:-1","max-image-preview":"max-image-preview:large","max-video-preview":"max-video-preview:-1"},"canonical":"https:\/\/theplayoffs.news\/fr\/actualite-nhl\/milan-lucic-conge-indefini-arrestation\/","og_locale":"fr_FR","og_type":"article","og_title":"Milan Lucic prend un cong&eacute; ind&eacute;fini suite &agrave; son arrestation - The Playoffs FR","og_url":"https:\/\/theplayoffs.news\/fr\/actualite-nhl\/milan-lucic-conge-indefini-arrestation\/","og_site_name":"The Playoffs FR","article_publisher":"https:\/\/www.facebook.com\/TheFreeAgentFR\/","article_modified_time":"2023-11-18T17:13:10+00:00","og_image":[{"width":1920,"height":1280,"url":"https:\/\/theplayoffs.news\/fr\/wp-content\/uploads\/2023\/11\/USATSI_21715300.jpg","type":"image\/jpeg"}],"author":"Charles Taudin","twitter_card":"summary_large_image","twitter_creator":"@TheFreeAgentFR","twitter_site":"@TheFreeAgentFR","twitter_misc":{"\u00c9crit par":"Charles Taudin","Dur\u00e9e de lecture estim\u00e9e":"2 minutes"},"schema":{"@context":"https:\/\/schema.org","@graph":[{"@type":"WebPage","@id":"https:\/\/theplayoffs.news\/fr\/actualite-nhl\/milan-lucic-conge-indefini-arrestation\/","url":"https:\/\/theplayoffs.news\/fr\/actualite-nhl\/milan-lucic-conge-indefini-arrestation\/","name":"Milan Lucic prend un cong\u00e9 ind\u00e9fini suite \u00e0 son arrestation - The Playoffs FR","isPartOf":{"@id":"https:\/\/theplayoffs.news\/fr\/#website"},"primaryImageOfPage":{"@id":"https:\/\/theplayoffs.news\/fr\/actualite-nhl\/milan-lucic-conge-indefini-arrestation\/#primaryimage"},"image":{"@id":"https:\/\/theplayoffs.news\/fr\/actualite-nhl\/milan-lucic-conge-indefini-arrestation\/#primaryimage"},"thumbnailUrl":"https:\/\/theplayoffs.news\/fr\/wp-content\/uploads\/2023\/11\/USATSI_21715300.jpg","datePublished":"2023-11-18T17:13:09+00:00","dateModified":"2023-11-18T17:13:10+00:00","author":{"@id":"https:\/\/theplayoffs.news\/fr\/#\/schema\/person\/eee5b69ad5d3c51cabe881c839dbe133"},"breadcrumb":{"@id":"https:\/\/theplayoffs.news\/fr\/actualite-nhl\/milan-lucic-conge-indefini-arrestation\/#breadcrumb"},"inLanguage":"fr-FR","potentialAction":[{"@type":"ReadAction","target":["https:\/\/theplayoffs.news\/fr\/actualite-nhl\/milan-lucic-conge-indefini-arrestation\/"]}]},{"@type":"ImageObject","inLanguage":"fr-FR","@id":"https:\/\/theplayoffs.news\/fr\/actualite-nhl\/milan-lucic-conge-indefini-arrestation\/#primaryimage","url":"https:\/\/theplayoffs.news\/fr\/wp-content\/uploads\/2023\/11\/USATSI_21715300.jpg","contentUrl":"https:\/\/theplayoffs.news\/fr\/wp-content\/uploads\/2023\/11\/USATSI_21715300.jpg","width":1920,"height":1280,"caption":"Oct 11, 2023; Boston, Massachusetts, USA; Boston Bruins left wing Milan Lucic (17) during the second period against the Chicago Blackhawks at TD Garden. Mandatory Credit: Winslow Townson-USA TODAY Sports"},{"@type":"BreadcrumbList","@id":"https:\/\/theplayoffs.news\/fr\/actualite-nhl\/milan-lucic-conge-indefini-arrestation\/#breadcrumb","itemListElement":[{"@type":"ListItem","position":1,"name":"Accueil","item":"https:\/\/theplayoffs.news\/fr\/"},{"@type":"ListItem","position":2,"name":"Milan Lucic prend un cong\u00e9 ind\u00e9fini suite \u00e0 son arrestation"}]},{"@type":"WebSite","@id":"https:\/\/theplayoffs.news\/fr\/#website","url":"https:\/\/theplayoffs.news\/fr\/","name":"The Playoffs FR","description":"NBA-NFL-NHL-MLB","potentialAction":[{"@type":"SearchAction","target":{"@type":"EntryPoint","urlTemplate":"https:\/\/theplayoffs.news\/fr\/?s={search_term_string}"},"query-input":{"@type":"PropertyValueSpecification","valueRequired":true,"valueName":"search_term_string"}}],"inLanguage":"fr-FR"},{"@type":"Person","@id":"https:\/\/theplayoffs.news\/fr\/#\/schema\/person\/eee5b69ad5d3c51cabe881c839dbe133","name":"Charles Taudin","image":{"@type":"ImageObject","inLanguage":"fr-FR","@id":"https:\/\/theplayoffs.news\/fr\/#\/schema\/person\/image\/","url":"https:\/\/secure.gravatar.com\/avatar\/59a1e772205ce9fd255edfcafc93013736822e20261f294c5753b20c41ede9f2?s=96&d=mm&r=g","contentUrl":"https:\/\/secure.gravatar.com\/avatar\/59a1e772205ce9fd255edfcafc93013736822e20261f294c5753b20c41ede9f2?s=96&d=mm&r=g","caption":"Charles Taudin"},"description":"R\u00e9dacteur en chef global de The Playoffs, j\u2019ai cr\u00e9\u00e9 The Free Agent, devenu The Playoffs FR, en 2020 durant la pand\u00e9mie. Amoureux depuis des ann\u00e9es des 4 sports majeurs am\u00e9ricains, j\u2019organise maintenant la strat\u00e9gie \u00e9ditoriale et les r\u00e9seaux sociaux de l\u2019ensemble des versions de The Playoffs. Il m\u2019arrive encore d\u2019\u00e9crire sur certains sports que j\u2019affectionne particuli\u00e8rement comme la NFL ou la MLB. Si vous devez retenir qu\u2019une chose : Eli Manning est le vrai GOAT pour avoir battu deux fois Tom Brady.","sameAs":["https:\/\/www.instagram.com\/ctaudin_\/"],"url":"https:\/\/theplayoffs.news\/fr\/author\/charles-taudin\/"}]}},"_links":{"self":[{"href":"https:\/\/theplayoffs.news\/fr\/wp-json\/wp\/v2\/posts\/1089673","targetHints":{"allow":["GET"]}}],"collection":[{"href":"https:\/\/theplayoffs.news\/fr\/wp-json\/wp\/v2\/posts"}],"about":[{"href":"https:\/\/theplayoffs.news\/fr\/wp-json\/wp\/v2\/types\/post"}],"author":[{"embeddable":true,"href":"https:\/\/theplayoffs.news\/fr\/wp-json\/wp\/v2\/users\/13"}],"replies":[{"embeddable":true,"href":"https:\/\/theplayoffs.news\/fr\/wp-json\/wp\/v2\/comments?post=1089673"}],"version-history":[{"count":3,"href":"https:\/\/theplayoffs.news\/fr\/wp-json\/wp\/v2\/posts\/1089673\/revisions"}],"predecessor-version":[{"id":1089679,"href":"https:\/\/theplayoffs.news\/fr\/wp-json\/wp\/v2\/posts\/1089673\/revisions\/1089679"}],"wp:featuredmedia":[{"embeddable":true,"href":"https:\/\/theplayoffs.news\/fr\/wp-json\/wp\/v2\/media\/1089674"}],"wp:attachment":[{"href":"https:\/\/theplayoffs.news\/fr\/wp-json\/wp\/v2\/media?parent=1089673"}],"wp:term":[{"taxonomy":"category","embeddable":true,"href":"https:\/\/theplayoffs.news\/fr\/wp-json\/wp\/v2\/categories?post=1089673"},{"taxonomy":"post_tag","embeddable":true,"href":"https:\/\/theplayoffs.news\/fr\/wp-json\/wp\/v2\/tags?post=1089673"},{"taxonomy":"sport","embeddable":true,"href":"https:\/\/theplayoffs.news\/fr\/wp-json\/wp\/v2\/sport?post=1089673"},{"taxonomy":"saison","embeddable":true,"href":"https:\/\/theplayoffs.news\/fr\/wp-json\/wp\/v2\/saison?post=1089673"}],"curies":[{"name":"wp","href":"https:\/\/api.w.org\/{rel}","templated":true}]}}