{"id":1086847,"date":"2023-11-17T20:55:48","date_gmt":"2023-11-17T19:55:48","guid":{"rendered":"https:\/\/theplayoffs.news\/fr\/?p=1086847"},"modified":"2023-11-17T20:55:50","modified_gmt":"2023-11-17T19:55:50","slug":"joe-burrow-forfait-fin-de-la-saison-2023","status":"publish","type":"post","link":"https:\/\/theplayoffs.news\/fr\/actualite-nfl\/joe-burrow-forfait-fin-de-la-saison-2023\/","title":{"rendered":"Joe Burrow forfait pour la fin de la saison 2023"},"content":{"rendered":"<h2>NFL &ndash; Le quarterback des Bengals de Cincinnati, Joe Burrow, ne rejouera plus lors de cette saison 2023 en raison d&rsquo;une blessure &agrave; un ligament du poignet.<\/h2><p>Les choses semblent aller de mal en pis pour les Bengals de Cincinnati et <a href=\"https:\/\/theplayoffs.news\/fr\/joueur\/joe-burrow-nfl-7831022\/\" class=\"trk-cta-link\" data-cta-trk='{\"ctaType\":\"Link\",\"ctaSubType\":\"main\"}'>Joe Burrow<\/a>. D&eacute;faits pour la cinqui&egrave;me fois de la saison ce jeudi soir face aux Ravens de Baltimore, les Bengals, qui occupent actuellement la derni&egrave;re place de leur division et dont les chances de qualification en playoffs se sont consid&eacute;rablement r&eacute;duites ces deux derni&egrave;res semaines, viennent &eacute;galement de perdre leur quarterback vedette Joe Burrow pour le reste de cette saison 2023 selon <a href=\"https:\/\/twitter.com\/Bengals\/status\/1725599660876743081\" class=\"trk-cta-link\" data-cta-trk='{\"ctaType\":\"Link\",\"ctaSubType\":\"main\"}'>une annonce faite par la franchise<\/a> sur les r&eacute;seaux sociaux.<\/p><blockquote class=\"twitter-tweet\" data-width=\"500\" data-dnt=\"true\">\n<p lang=\"en\" dir=\"ltr\">Joe Burrow is out for the remainder of the season.<\/p>\n<p>&mdash; Cincinnati Bengals (@Bengals) <a href=\"https:\/\/twitter.com\/Bengals\/status\/1725599660876743081?ref_src=twsrc%5Etfw\" class=\"trk-cta-link\" data-cta-trk='{\"ctaType\":\"Link\",\"ctaSubType\":\"main\"}'>November 17, 2023<\/a><\/p><\/blockquote><p><script async src=\"https:\/\/platform.twitter.com\/widgets.js\" charset=\"utf-8\"><\/script><\/p><p>Sorti sur blessure lors de la rencontre d&rsquo;hier face aux Ravens, et peut-&ecirc;tre m&ecirc;me bless&eacute; avant selon des images que la NFL est en train d&rsquo;&eacute;tudier, Joe Burrow souffre finalement d&rsquo;une d&eacute;chirure du ligament du poignet droit. Une blessure qui le tiendra &eacute;loign&eacute; des terrains pendant plusieurs mois et qui ne lui permettra donc pas de retrouver ses co&eacute;quipiers avant la fin de la saison 2023. Cette saison, le quarterback des Bengals aura compl&eacute;t&eacute; 66.8% de ses passes, lanc&eacute; 2309 yards ainsi que 15 touchdowns pour 6 interceptions.<\/p><p>Cette saison aura vraiment &eacute;t&eacute; difficile pour Joe Burrow qui avait d&eacute;j&agrave; du se battre avec les blessures lors de la pr&eacute;-saison et qui n&rsquo;&eacute;tait visiblement pas en forme optimale lors des premi&egrave;res semaines de comp&eacute;tition. En son absence, le poste de quarterback titulaire de la franchise reviendra au rookie Jake Browning qui a d&eacute;j&agrave; remplac&eacute; Burrow au pied lev&eacute; lors de la rencontre face aux Ravens.<\/p><p><em>Cr&eacute;dit photo: Sam Greene\/The Enquirer \/ USA TODAY NETWORK<\/em><\/p>\n","protected":false},"excerpt":{"rendered":"","protected":false},"author":180309964,"featured_media":1086849,"comment_status":"open","ping_status":"closed","sticky":false,"template":"","format":"standard","meta":{"inline_featured_image":false,"kia_subtitle":"","_mux_skip_reasons":[],"proofreadBy":0,"footnotes":""},"categories":[118,40],"tags":[802,747],"sport":[2785],"saison":[3453],"class_list":["post-1086847","post","type-post","status-publish","format-standard","has-post-thumbnail","hentry","category-actualite-nfl","category-nfl","tag-cincinnati-bengals","tag-joe-burrow","sport-nfl","saison-3453"],"acf":[],"yoast_head":"<!-- This site is optimized with the Yoast SEO plugin v24.2 - https:\/\/yoast.com\/wordpress\/plugins\/seo\/ -->\n<title>Joe Burrow forfait pour la fin de la saison 2023 - The Playoffs FR<\/title>\n<meta name=\"robots\" content=\"index, follow, max-snippet:-1, max-image-preview:large, max-video-preview:-1\" \/>\n<link rel=\"canonical\" href=\"https:\/\/theplayoffs.news\/fr\/actualite-nfl\/joe-burrow-forfait-fin-de-la-saison-2023\/\" \/>\n<meta property=\"og:locale\" content=\"fr_FR\" \/>\n<meta property=\"og:type\" content=\"article\" \/>\n<meta property=\"og:title\" content=\"Joe Burrow forfait pour la fin de la saison 2023 - The Playoffs FR\" \/>\n<meta property=\"og:url\" content=\"https:\/\/theplayoffs.news\/fr\/actualite-nfl\/joe-burrow-forfait-fin-de-la-saison-2023\/\" \/>\n<meta property=\"og:site_name\" content=\"The Playoffs FR\" \/>\n<meta property=\"article:publisher\" content=\"https:\/\/www.facebook.com\/TheFreeAgentFR\/\" \/>\n<meta property=\"article:modified_time\" content=\"2023-11-17T20:55:50+01:00\" \/>\n<meta property=\"og:image\" content=\"https:\/\/theplayoffs.news\/fr\/wp-content\/uploads\/2023\/11\/USATSI_21913501.jpg\" \/>\n\t<meta property=\"og:image:width\" content=\"1920\" \/>\n\t<meta property=\"og:image:height\" content=\"1280\" \/>\n\t<meta property=\"og:image:type\" content=\"image\/jpeg\" \/>\n<meta name=\"author\" content=\"Flavien Jumeau\" \/>\n<meta name=\"twitter:card\" content=\"summary_large_image\" \/>\n<meta name=\"twitter:creator\" content=\"@TheFreeAgentFR\" \/>\n<meta name=\"twitter:site\" content=\"@TheFreeAgentFR\" \/>\n<meta name=\"twitter:label1\" content=\"\u00c9crit par\" \/>\n\t<meta name=\"twitter:data1\" content=\"Flavien Jumeau\" \/>\n\t<meta name=\"twitter:label2\" content=\"Dur\u00e9e de lecture estim\u00e9e\" \/>\n\t<meta name=\"twitter:data2\" content=\"1 minute\" \/>\n<script type=\"application\/ld+json\" class=\"yoast-schema-graph\">{\"@context\":\"https:\/\/schema.org\",\"@graph\":[{\"@type\":\"WebPage\",\"@id\":\"https:\/\/theplayoffs.news\/fr\/actualite-nfl\/joe-burrow-forfait-fin-de-la-saison-2023\/\",\"url\":\"https:\/\/theplayoffs.news\/fr\/actualite-nfl\/joe-burrow-forfait-fin-de-la-saison-2023\/\",\"name\":\"Joe Burrow forfait pour la fin de la saison 2023 - The Playoffs FR\",\"isPartOf\":{\"@id\":\"https:\/\/theplayoffs.news\/fr\/#website\"},\"primaryImageOfPage\":{\"@id\":\"https:\/\/theplayoffs.news\/fr\/actualite-nfl\/joe-burrow-forfait-fin-de-la-saison-2023\/#primaryimage\"},\"image\":{\"@id\":\"https:\/\/theplayoffs.news\/fr\/actualite-nfl\/joe-burrow-forfait-fin-de-la-saison-2023\/#primaryimage\"},\"thumbnailUrl\":\"https:\/\/theplayoffs.news\/fr\/wp-content\/uploads\/2023\/11\/USATSI_21913501.jpg\",\"datePublished\":\"2023-11-17T19:55:48+00:00\",\"dateModified\":\"2023-11-17T19:55:50+00:00\",\"author\":{\"@id\":\"https:\/\/theplayoffs.news\/fr\/#\/schema\/person\/def63bc6746dc5957469b75feb99e66d\"},\"breadcrumb\":{\"@id\":\"https:\/\/theplayoffs.news\/fr\/actualite-nfl\/joe-burrow-forfait-fin-de-la-saison-2023\/#breadcrumb\"},\"inLanguage\":\"fr-FR\",\"potentialAction\":[{\"@type\":\"ReadAction\",\"target\":[\"https:\/\/theplayoffs.news\/fr\/actualite-nfl\/joe-burrow-forfait-fin-de-la-saison-2023\/\"]}]},{\"@type\":\"ImageObject\",\"inLanguage\":\"fr-FR\",\"@id\":\"https:\/\/theplayoffs.news\/fr\/actualite-nfl\/joe-burrow-forfait-fin-de-la-saison-2023\/#primaryimage\",\"url\":\"https:\/\/theplayoffs.news\/fr\/wp-content\/uploads\/2023\/11\/USATSI_21913501.jpg\",\"contentUrl\":\"https:\/\/theplayoffs.news\/fr\/wp-content\/uploads\/2023\/11\/USATSI_21913501.jpg\",\"width\":1920,\"height\":1280,\"caption\":\"Injured Cincinnati Bengals quarterback Joe Burrow (9) paces the sideline in the fourth quarter of the NFL Week 11 game between the Baltimore Ravens and the Cincinnati Bengals at M&amp;T Bank Stadium in Baltimore on Thursday, Nov. 16, 2023. The Bengals fell to the Ravens, 34-20.\"},{\"@type\":\"BreadcrumbList\",\"@id\":\"https:\/\/theplayoffs.news\/fr\/actualite-nfl\/joe-burrow-forfait-fin-de-la-saison-2023\/#breadcrumb\",\"itemListElement\":[{\"@type\":\"ListItem\",\"position\":1,\"name\":\"Accueil\",\"item\":\"https:\/\/theplayoffs.news\/fr\/\"},{\"@type\":\"ListItem\",\"position\":2,\"name\":\"Joe Burrow forfait pour la fin de la saison 2023\"}]},{\"@type\":\"WebSite\",\"@id\":\"https:\/\/theplayoffs.news\/fr\/#website\",\"url\":\"https:\/\/theplayoffs.news\/fr\/\",\"name\":\"The Playoffs FR\",\"description\":\"NBA-NFL-NHL-MLB\",\"potentialAction\":[{\"@type\":\"SearchAction\",\"target\":{\"@type\":\"EntryPoint\",\"urlTemplate\":\"https:\/\/theplayoffs.news\/fr\/?s={search_term_string}\"},\"query-input\":{\"@type\":\"PropertyValueSpecification\",\"valueRequired\":true,\"valueName\":\"search_term_string\"}}],\"inLanguage\":\"fr-FR\"},{\"@type\":\"Person\",\"@id\":\"https:\/\/theplayoffs.news\/fr\/#\/schema\/person\/def63bc6746dc5957469b75feb99e66d\",\"name\":\"Flavien Jumeau\",\"image\":{\"@type\":\"ImageObject\",\"inLanguage\":\"fr-FR\",\"@id\":\"https:\/\/theplayoffs.news\/fr\/#\/schema\/person\/image\/\",\"url\":\"https:\/\/secure.gravatar.com\/avatar\/e7fa8ba5a4b7e4ce35fe152f083f352db28ad0acce692004ed88a7a7d78893f7?s=96&d=mm&r=g\",\"contentUrl\":\"https:\/\/secure.gravatar.com\/avatar\/e7fa8ba5a4b7e4ce35fe152f083f352db28ad0acce692004ed88a7a7d78893f7?s=96&d=mm&r=g\",\"caption\":\"Flavien Jumeau\"},\"description\":\"Amoureux du sport (et de vraiment tous les sports) depuis mon plus jeune \u00e2ge, j\u2019ai longtemps h\u00e9site entre le snooker et le curling. Finalement c\u2019est le foot US que j\u2019ai d\u00e9cid\u00e9 de choisir! Responsable foot US sur TPO et animateur du podcast Tailgate j\u2019ai pour mission de vous faire d\u00e9couvrir ce sport passionnant si ce n\u2019est pas encore fait et de vous donner les derni\u00e8res actus. Le tout dans la bonne humeur et avec toujours un jeu de mots ou deux savamment distill\u00e9s! Fan des Saints, pour moi Drew Brees est le vrai GOAT!\",\"url\":\"https:\/\/theplayoffs.news\/fr\/author\/flavien-jumeaugmail-com\/\"}]}<\/script>\n<!-- \/ Yoast SEO plugin. -->","yoast_head_json":{"title":"Joe Burrow forfait pour la fin de la saison 2023 - The Playoffs FR","robots":{"index":"index","follow":"follow","max-snippet":"max-snippet:-1","max-image-preview":"max-image-preview:large","max-video-preview":"max-video-preview:-1"},"canonical":"https:\/\/theplayoffs.news\/fr\/actualite-nfl\/joe-burrow-forfait-fin-de-la-saison-2023\/","og_locale":"fr_FR","og_type":"article","og_title":"Joe Burrow forfait pour la fin de la saison 2023 - The Playoffs FR","og_url":"https:\/\/theplayoffs.news\/fr\/actualite-nfl\/joe-burrow-forfait-fin-de-la-saison-2023\/","og_site_name":"The Playoffs FR","article_publisher":"https:\/\/www.facebook.com\/TheFreeAgentFR\/","article_modified_time":"2023-11-17T19:55:50+00:00","og_image":[{"width":1920,"height":1280,"url":"https:\/\/theplayoffs.news\/fr\/wp-content\/uploads\/2023\/11\/USATSI_21913501.jpg","type":"image\/jpeg"}],"author":"Flavien Jumeau","twitter_card":"summary_large_image","twitter_creator":"@TheFreeAgentFR","twitter_site":"@TheFreeAgentFR","twitter_misc":{"\u00c9crit par":"Flavien Jumeau","Dur\u00e9e de lecture estim\u00e9e":"1 minute"},"schema":{"@context":"https:\/\/schema.org","@graph":[{"@type":"WebPage","@id":"https:\/\/theplayoffs.news\/fr\/actualite-nfl\/joe-burrow-forfait-fin-de-la-saison-2023\/","url":"https:\/\/theplayoffs.news\/fr\/actualite-nfl\/joe-burrow-forfait-fin-de-la-saison-2023\/","name":"Joe Burrow forfait pour la fin de la saison 2023 - The Playoffs FR","isPartOf":{"@id":"https:\/\/theplayoffs.news\/fr\/#website"},"primaryImageOfPage":{"@id":"https:\/\/theplayoffs.news\/fr\/actualite-nfl\/joe-burrow-forfait-fin-de-la-saison-2023\/#primaryimage"},"image":{"@id":"https:\/\/theplayoffs.news\/fr\/actualite-nfl\/joe-burrow-forfait-fin-de-la-saison-2023\/#primaryimage"},"thumbnailUrl":"https:\/\/theplayoffs.news\/fr\/wp-content\/uploads\/2023\/11\/USATSI_21913501.jpg","datePublished":"2023-11-17T19:55:48+00:00","dateModified":"2023-11-17T19:55:50+00:00","author":{"@id":"https:\/\/theplayoffs.news\/fr\/#\/schema\/person\/def63bc6746dc5957469b75feb99e66d"},"breadcrumb":{"@id":"https:\/\/theplayoffs.news\/fr\/actualite-nfl\/joe-burrow-forfait-fin-de-la-saison-2023\/#breadcrumb"},"inLanguage":"fr-FR","potentialAction":[{"@type":"ReadAction","target":["https:\/\/theplayoffs.news\/fr\/actualite-nfl\/joe-burrow-forfait-fin-de-la-saison-2023\/"]}]},{"@type":"ImageObject","inLanguage":"fr-FR","@id":"https:\/\/theplayoffs.news\/fr\/actualite-nfl\/joe-burrow-forfait-fin-de-la-saison-2023\/#primaryimage","url":"https:\/\/theplayoffs.news\/fr\/wp-content\/uploads\/2023\/11\/USATSI_21913501.jpg","contentUrl":"https:\/\/theplayoffs.news\/fr\/wp-content\/uploads\/2023\/11\/USATSI_21913501.jpg","width":1920,"height":1280,"caption":"Injured Cincinnati Bengals quarterback Joe Burrow (9) paces the sideline in the fourth quarter of the NFL Week 11 game between the Baltimore Ravens and the Cincinnati Bengals at M&amp;T Bank Stadium in Baltimore on Thursday, Nov. 16, 2023. The Bengals fell to the Ravens, 34-20."},{"@type":"BreadcrumbList","@id":"https:\/\/theplayoffs.news\/fr\/actualite-nfl\/joe-burrow-forfait-fin-de-la-saison-2023\/#breadcrumb","itemListElement":[{"@type":"ListItem","position":1,"name":"Accueil","item":"https:\/\/theplayoffs.news\/fr\/"},{"@type":"ListItem","position":2,"name":"Joe Burrow forfait pour la fin de la saison 2023"}]},{"@type":"WebSite","@id":"https:\/\/theplayoffs.news\/fr\/#website","url":"https:\/\/theplayoffs.news\/fr\/","name":"The Playoffs FR","description":"NBA-NFL-NHL-MLB","potentialAction":[{"@type":"SearchAction","target":{"@type":"EntryPoint","urlTemplate":"https:\/\/theplayoffs.news\/fr\/?s={search_term_string}"},"query-input":{"@type":"PropertyValueSpecification","valueRequired":true,"valueName":"search_term_string"}}],"inLanguage":"fr-FR"},{"@type":"Person","@id":"https:\/\/theplayoffs.news\/fr\/#\/schema\/person\/def63bc6746dc5957469b75feb99e66d","name":"Flavien Jumeau","image":{"@type":"ImageObject","inLanguage":"fr-FR","@id":"https:\/\/theplayoffs.news\/fr\/#\/schema\/person\/image\/","url":"https:\/\/secure.gravatar.com\/avatar\/e7fa8ba5a4b7e4ce35fe152f083f352db28ad0acce692004ed88a7a7d78893f7?s=96&d=mm&r=g","contentUrl":"https:\/\/secure.gravatar.com\/avatar\/e7fa8ba5a4b7e4ce35fe152f083f352db28ad0acce692004ed88a7a7d78893f7?s=96&d=mm&r=g","caption":"Flavien Jumeau"},"description":"Amoureux du sport (et de vraiment tous les sports) depuis mon plus jeune \u00e2ge, j\u2019ai longtemps h\u00e9site entre le snooker et le curling. Finalement c\u2019est le foot US que j\u2019ai d\u00e9cid\u00e9 de choisir! Responsable foot US sur TPO et animateur du podcast Tailgate j\u2019ai pour mission de vous faire d\u00e9couvrir ce sport passionnant si ce n\u2019est pas encore fait et de vous donner les derni\u00e8res actus. Le tout dans la bonne humeur et avec toujours un jeu de mots ou deux savamment distill\u00e9s! Fan des Saints, pour moi Drew Brees est le vrai GOAT!","url":"https:\/\/theplayoffs.news\/fr\/author\/flavien-jumeaugmail-com\/"}]}},"_links":{"self":[{"href":"https:\/\/theplayoffs.news\/fr\/wp-json\/wp\/v2\/posts\/1086847","targetHints":{"allow":["GET"]}}],"collection":[{"href":"https:\/\/theplayoffs.news\/fr\/wp-json\/wp\/v2\/posts"}],"about":[{"href":"https:\/\/theplayoffs.news\/fr\/wp-json\/wp\/v2\/types\/post"}],"author":[{"embeddable":true,"href":"https:\/\/theplayoffs.news\/fr\/wp-json\/wp\/v2\/users\/180309964"}],"replies":[{"embeddable":true,"href":"https:\/\/theplayoffs.news\/fr\/wp-json\/wp\/v2\/comments?post=1086847"}],"version-history":[{"count":2,"href":"https:\/\/theplayoffs.news\/fr\/wp-json\/wp\/v2\/posts\/1086847\/revisions"}],"predecessor-version":[{"id":1086852,"href":"https:\/\/theplayoffs.news\/fr\/wp-json\/wp\/v2\/posts\/1086847\/revisions\/1086852"}],"wp:featuredmedia":[{"embeddable":true,"href":"https:\/\/theplayoffs.news\/fr\/wp-json\/wp\/v2\/media\/1086849"}],"wp:attachment":[{"href":"https:\/\/theplayoffs.news\/fr\/wp-json\/wp\/v2\/media?parent=1086847"}],"wp:term":[{"taxonomy":"category","embeddable":true,"href":"https:\/\/theplayoffs.news\/fr\/wp-json\/wp\/v2\/categories?post=1086847"},{"taxonomy":"post_tag","embeddable":true,"href":"https:\/\/theplayoffs.news\/fr\/wp-json\/wp\/v2\/tags?post=1086847"},{"taxonomy":"sport","embeddable":true,"href":"https:\/\/theplayoffs.news\/fr\/wp-json\/wp\/v2\/sport?post=1086847"},{"taxonomy":"saison","embeddable":true,"href":"https:\/\/theplayoffs.news\/fr\/wp-json\/wp\/v2\/saison?post=1086847"}],"curies":[{"name":"wp","href":"https:\/\/api.w.org\/{rel}","templated":true}]}}