{"id":1077286,"date":"2023-11-14T13:26:46","date_gmt":"2023-11-14T12:26:46","guid":{"rendered":"https:\/\/theplayoffs.news\/fr\/?p=1077286"},"modified":"2023-11-14T13:26:47","modified_gmt":"2023-11-14T12:26:47","slug":"lacharnement-de-la-conference-est-pour-patrick-kane","status":"publish","type":"post","link":"https:\/\/theplayoffs.news\/fr\/actualite-nhl\/lacharnement-de-la-conference-est-pour-patrick-kane\/","title":{"rendered":"L&rsquo;acharnement de la Conf\u00e9rence Est pour Patrick Kane\u00a0"},"content":{"rendered":"<h2>NHL &ndash; La poursuite s&rsquo;intensifie : Les &eacute;quipes de l&rsquo;Est s&rsquo;int&eacute;ressent &agrave; un v&eacute;t&eacute;ran de la Coupe Stanley, Patrick Kane.<\/h2><p>&Agrave; mesure que la saison de la LNH progresse, les &eacute;quipes de la Conf&eacute;rence Est font preuve d&rsquo;une ferveur dans leur qu&ecirc;te de <a href=\"https:\/\/theplayoffs.news\/fr\/joueur\/patrick-kane-nhl-7470\/\" class=\"trk-cta-link\" data-cta-trk='{\"ctaType\":\"Link\",\"ctaSubType\":\"main\"}'><strong>Patrick Kane<\/strong><\/a>, trois fois vainqueur de la Coupe Stanley selon <a href=\"https:\/\/twitter.com\/NHL_Watcher\/status\/1724147400829264197\" class=\"trk-cta-link\" data-cta-trk='{\"ctaType\":\"Link\",\"ctaSubType\":\"main\"}'>Elliotte Friedman<\/a>.<\/p><p>Kane, qui se remet d&rsquo;une op&eacute;ration de la hanche, est devenu un atout convoit&eacute;, li&eacute; &agrave; des &eacute;quipes comme les Sabres de Buffalo, les Red Wings de Detroit, les Panthers de Floride et les Rangers de New York. &Agrave; l&rsquo;approche du cr&eacute;puscule de sa carri&egrave;re, la qu&ecirc;te de Patrick Kane pour une nouvelle victoire dans la Coupe Stanley est devenue un point central de la dynamique de la ligue.<\/p><p>Les Florida Panthers et les New York Rangers, en particulier, sont des destinations potentielles pour Kane. Ces deux &eacute;quipes offrent un environnement propice &agrave; un joueur de son calibre, d&eacute;sireux d&rsquo;ajouter un nouveau troph&eacute;e &agrave; une carri&egrave;re d&eacute;j&agrave; illustre. Les Panthers, qui viennent de d&eacute;buter la saison en force, cherchent &agrave; renforcer leur attaque, qui a pris du retard par rapport &agrave; leur solide d&eacute;fense et aux performances de leur gardien de but. Cependant, l&rsquo;int&eacute;gration de Kane au sein de l&rsquo;&eacute;quipe des Panthers repr&eacute;sente un d&eacute;fi de taille, principalement en raison des contraintes li&eacute;es au plafond salarial.<\/p><h3>Espace salarial et retour au pays : L&rsquo;&eacute;quilibre &agrave; trouver<\/h3><p>Le dilemme des Panthers tourne autour du retour imminent des d&eacute;fenseurs Brandon Montour et Aaron Ekblad, ce qui resserrera leur marge de man&oelig;uvre d&eacute;j&agrave; limit&eacute;e. L&rsquo;acquisition de Kane pourrait l&rsquo;obliger &agrave; signer un contrat au minimum de la ligue, ce qui n&eacute;cessiterait d&rsquo;autres ajustements &agrave; l&rsquo;effectif de l&rsquo;&eacute;quipe. Ce sc&eacute;nario souligne l&rsquo;&eacute;quilibre complexe entre les aspirations d&rsquo;une &eacute;quipe et les aspects pratiques de la r&eacute;glementation de la LNH en mati&egrave;re d&rsquo;espace de capitalisation.<\/p><p>&Agrave; l&rsquo;inverse, les liens personnels de Patrick Kane avec Buffalo et son histoire r&eacute;cente avec les Rangers offrent un angle &eacute;motionnel &agrave; son transfert potentiel. L&rsquo;association de sa ville natale avec Buffalo et son exp&eacute;rience pass&eacute;e avec les Rangers pourraient influencer sa d&eacute;cision, fournissant un facteur de confort qui s&rsquo;&eacute;tend au-del&agrave; de la patinoire.<\/p><p>&nbsp;<\/p><p>Credit: Danny Wild-USA TODAY Sports<\/p>\n","protected":false},"excerpt":{"rendered":"","protected":false},"author":13,"featured_media":1077406,"comment_status":"open","ping_status":"closed","sticky":false,"template":"","format":"standard","meta":{"inline_featured_image":false,"kia_subtitle":"","_mux_skip_reasons":[],"proofreadBy":0,"footnotes":""},"categories":[187,26],"tags":[366,368,258,1802],"sport":[],"saison":[],"class_list":["post-1077286","post","type-post","status-publish","format-standard","has-post-thumbnail","hentry","category-actualite-nhl","category-nhl","tag-buffalo-sabres","tag-florida-panthers","tag-new-york-rangers","tag-patrick-kane"],"acf":[],"yoast_head":"<!-- This site is optimized with the Yoast SEO plugin v24.2 - https:\/\/yoast.com\/wordpress\/plugins\/seo\/ -->\n<title>L&#039;acharnement de la Conf&eacute;rence Est pour Patrick Kane&nbsp; - The Playoffs FR<\/title>\n<meta name=\"robots\" content=\"index, follow, max-snippet:-1, max-image-preview:large, max-video-preview:-1\" \/>\n<link rel=\"canonical\" href=\"https:\/\/theplayoffs.news\/fr\/actualite-nhl\/lacharnement-de-la-conference-est-pour-patrick-kane\/\" \/>\n<meta property=\"og:locale\" content=\"fr_FR\" \/>\n<meta property=\"og:type\" content=\"article\" \/>\n<meta property=\"og:title\" content=\"L&#039;acharnement de la Conf&eacute;rence Est pour Patrick Kane&nbsp; - The Playoffs FR\" \/>\n<meta property=\"og:url\" content=\"https:\/\/theplayoffs.news\/fr\/actualite-nhl\/lacharnement-de-la-conference-est-pour-patrick-kane\/\" \/>\n<meta property=\"og:site_name\" content=\"The Playoffs FR\" \/>\n<meta property=\"article:publisher\" content=\"https:\/\/www.facebook.com\/TheFreeAgentFR\/\" \/>\n<meta property=\"article:modified_time\" content=\"2023-11-14T13:26:47+01:00\" \/>\n<meta property=\"og:image\" content=\"https:\/\/theplayoffs.news\/fr\/wp-content\/uploads\/2023\/11\/USATSI_20575652.jpg\" \/>\n\t<meta property=\"og:image:width\" content=\"1920\" \/>\n\t<meta property=\"og:image:height\" content=\"1236\" \/>\n\t<meta property=\"og:image:type\" content=\"image\/jpeg\" \/>\n<meta name=\"author\" content=\"Charles Taudin\" \/>\n<meta name=\"twitter:card\" content=\"summary_large_image\" \/>\n<meta name=\"twitter:creator\" content=\"@TheFreeAgentFR\" \/>\n<meta name=\"twitter:site\" content=\"@TheFreeAgentFR\" \/>\n<meta name=\"twitter:label1\" content=\"\u00c9crit par\" \/>\n\t<meta name=\"twitter:data1\" content=\"Charles Taudin\" \/>\n\t<meta name=\"twitter:label2\" content=\"Dur\u00e9e de lecture estim\u00e9e\" \/>\n\t<meta name=\"twitter:data2\" content=\"2 minutes\" \/>\n<script type=\"application\/ld+json\" class=\"yoast-schema-graph\">{\"@context\":\"https:\/\/schema.org\",\"@graph\":[{\"@type\":\"WebPage\",\"@id\":\"https:\/\/theplayoffs.news\/fr\/actualite-nhl\/lacharnement-de-la-conference-est-pour-patrick-kane\/\",\"url\":\"https:\/\/theplayoffs.news\/fr\/actualite-nhl\/lacharnement-de-la-conference-est-pour-patrick-kane\/\",\"name\":\"L\\\\'acharnement de la Conf\u00e9rence Est pour Patrick Kane\u00a0 - The Playoffs FR\",\"isPartOf\":{\"@id\":\"https:\/\/theplayoffs.news\/fr\/#website\"},\"primaryImageOfPage\":{\"@id\":\"https:\/\/theplayoffs.news\/fr\/actualite-nhl\/lacharnement-de-la-conference-est-pour-patrick-kane\/#primaryimage\"},\"image\":{\"@id\":\"https:\/\/theplayoffs.news\/fr\/actualite-nhl\/lacharnement-de-la-conference-est-pour-patrick-kane\/#primaryimage\"},\"thumbnailUrl\":\"https:\/\/theplayoffs.news\/fr\/wp-content\/uploads\/2023\/11\/USATSI_20575652.jpg\",\"datePublished\":\"2023-11-14T12:26:46+00:00\",\"dateModified\":\"2023-11-14T12:26:47+00:00\",\"author\":{\"@id\":\"https:\/\/theplayoffs.news\/fr\/#\/schema\/person\/eee5b69ad5d3c51cabe881c839dbe133\"},\"breadcrumb\":{\"@id\":\"https:\/\/theplayoffs.news\/fr\/actualite-nhl\/lacharnement-de-la-conference-est-pour-patrick-kane\/#breadcrumb\"},\"inLanguage\":\"fr-FR\",\"potentialAction\":[{\"@type\":\"ReadAction\",\"target\":[\"https:\/\/theplayoffs.news\/fr\/actualite-nhl\/lacharnement-de-la-conference-est-pour-patrick-kane\/\"]}]},{\"@type\":\"ImageObject\",\"inLanguage\":\"fr-FR\",\"@id\":\"https:\/\/theplayoffs.news\/fr\/actualite-nhl\/lacharnement-de-la-conference-est-pour-patrick-kane\/#primaryimage\",\"url\":\"https:\/\/theplayoffs.news\/fr\/wp-content\/uploads\/2023\/11\/USATSI_20575652.jpg\",\"contentUrl\":\"https:\/\/theplayoffs.news\/fr\/wp-content\/uploads\/2023\/11\/USATSI_20575652.jpg\",\"width\":1920,\"height\":1236,\"caption\":\"Apr 29, 2023; New York, New York, USA; New York Rangers right wing Patrick Kane (88) skates against the New Jersey Devils during the second period in game six of the first round of the 2023 Stanley Cup Playoffs at Madison Square Garden. Mandatory Credit: Danny Wild-USA TODAY Sports\"},{\"@type\":\"BreadcrumbList\",\"@id\":\"https:\/\/theplayoffs.news\/fr\/actualite-nhl\/lacharnement-de-la-conference-est-pour-patrick-kane\/#breadcrumb\",\"itemListElement\":[{\"@type\":\"ListItem\",\"position\":1,\"name\":\"Accueil\",\"item\":\"https:\/\/theplayoffs.news\/fr\/\"},{\"@type\":\"ListItem\",\"position\":2,\"name\":\"L&rsquo;acharnement de la Conf\u00e9rence Est pour Patrick Kane\u00a0\"}]},{\"@type\":\"WebSite\",\"@id\":\"https:\/\/theplayoffs.news\/fr\/#website\",\"url\":\"https:\/\/theplayoffs.news\/fr\/\",\"name\":\"The Playoffs FR\",\"description\":\"NBA-NFL-NHL-MLB\",\"potentialAction\":[{\"@type\":\"SearchAction\",\"target\":{\"@type\":\"EntryPoint\",\"urlTemplate\":\"https:\/\/theplayoffs.news\/fr\/?s={search_term_string}\"},\"query-input\":{\"@type\":\"PropertyValueSpecification\",\"valueRequired\":true,\"valueName\":\"search_term_string\"}}],\"inLanguage\":\"fr-FR\"},{\"@type\":\"Person\",\"@id\":\"https:\/\/theplayoffs.news\/fr\/#\/schema\/person\/eee5b69ad5d3c51cabe881c839dbe133\",\"name\":\"Charles Taudin\",\"image\":{\"@type\":\"ImageObject\",\"inLanguage\":\"fr-FR\",\"@id\":\"https:\/\/theplayoffs.news\/fr\/#\/schema\/person\/image\/\",\"url\":\"https:\/\/secure.gravatar.com\/avatar\/59a1e772205ce9fd255edfcafc93013736822e20261f294c5753b20c41ede9f2?s=96&d=mm&r=g\",\"contentUrl\":\"https:\/\/secure.gravatar.com\/avatar\/59a1e772205ce9fd255edfcafc93013736822e20261f294c5753b20c41ede9f2?s=96&d=mm&r=g\",\"caption\":\"Charles Taudin\"},\"description\":\"R\u00e9dacteur en chef global de The Playoffs, j\u2019ai cr\u00e9\u00e9 The Free Agent, devenu The Playoffs FR, en 2020 durant la pand\u00e9mie. Amoureux depuis des ann\u00e9es des 4 sports majeurs am\u00e9ricains, j\u2019organise maintenant la strat\u00e9gie \u00e9ditoriale et les r\u00e9seaux sociaux de l\u2019ensemble des versions de The Playoffs. Il m\u2019arrive encore d\u2019\u00e9crire sur certains sports que j\u2019affectionne particuli\u00e8rement comme la NFL ou la MLB. Si vous devez retenir qu\u2019une chose : Eli Manning est le vrai GOAT pour avoir battu deux fois Tom Brady.\",\"sameAs\":[\"https:\/\/www.instagram.com\/ctaudin_\/\"],\"url\":\"https:\/\/theplayoffs.news\/fr\/author\/charles-taudin\/\"}]}<\/script>\n<!-- \/ Yoast SEO plugin. -->","yoast_head_json":{"title":"L&#039;acharnement de la Conf&eacute;rence Est pour Patrick Kane&nbsp; - The Playoffs FR","robots":{"index":"index","follow":"follow","max-snippet":"max-snippet:-1","max-image-preview":"max-image-preview:large","max-video-preview":"max-video-preview:-1"},"canonical":"https:\/\/theplayoffs.news\/fr\/actualite-nhl\/lacharnement-de-la-conference-est-pour-patrick-kane\/","og_locale":"fr_FR","og_type":"article","og_title":"L&#039;acharnement de la Conf&eacute;rence Est pour Patrick Kane&nbsp; - The Playoffs FR","og_url":"https:\/\/theplayoffs.news\/fr\/actualite-nhl\/lacharnement-de-la-conference-est-pour-patrick-kane\/","og_site_name":"The Playoffs FR","article_publisher":"https:\/\/www.facebook.com\/TheFreeAgentFR\/","article_modified_time":"2023-11-14T12:26:47+00:00","og_image":[{"width":1920,"height":1236,"url":"https:\/\/theplayoffs.news\/fr\/wp-content\/uploads\/2023\/11\/USATSI_20575652.jpg","type":"image\/jpeg"}],"author":"Charles Taudin","twitter_card":"summary_large_image","twitter_creator":"@TheFreeAgentFR","twitter_site":"@TheFreeAgentFR","twitter_misc":{"\u00c9crit par":"Charles Taudin","Dur\u00e9e de lecture estim\u00e9e":"2 minutes"},"schema":{"@context":"https:\/\/schema.org","@graph":[{"@type":"WebPage","@id":"https:\/\/theplayoffs.news\/fr\/actualite-nhl\/lacharnement-de-la-conference-est-pour-patrick-kane\/","url":"https:\/\/theplayoffs.news\/fr\/actualite-nhl\/lacharnement-de-la-conference-est-pour-patrick-kane\/","name":"L\\'acharnement de la Conf\u00e9rence Est pour Patrick Kane\u00a0 - The Playoffs FR","isPartOf":{"@id":"https:\/\/theplayoffs.news\/fr\/#website"},"primaryImageOfPage":{"@id":"https:\/\/theplayoffs.news\/fr\/actualite-nhl\/lacharnement-de-la-conference-est-pour-patrick-kane\/#primaryimage"},"image":{"@id":"https:\/\/theplayoffs.news\/fr\/actualite-nhl\/lacharnement-de-la-conference-est-pour-patrick-kane\/#primaryimage"},"thumbnailUrl":"https:\/\/theplayoffs.news\/fr\/wp-content\/uploads\/2023\/11\/USATSI_20575652.jpg","datePublished":"2023-11-14T12:26:46+00:00","dateModified":"2023-11-14T12:26:47+00:00","author":{"@id":"https:\/\/theplayoffs.news\/fr\/#\/schema\/person\/eee5b69ad5d3c51cabe881c839dbe133"},"breadcrumb":{"@id":"https:\/\/theplayoffs.news\/fr\/actualite-nhl\/lacharnement-de-la-conference-est-pour-patrick-kane\/#breadcrumb"},"inLanguage":"fr-FR","potentialAction":[{"@type":"ReadAction","target":["https:\/\/theplayoffs.news\/fr\/actualite-nhl\/lacharnement-de-la-conference-est-pour-patrick-kane\/"]}]},{"@type":"ImageObject","inLanguage":"fr-FR","@id":"https:\/\/theplayoffs.news\/fr\/actualite-nhl\/lacharnement-de-la-conference-est-pour-patrick-kane\/#primaryimage","url":"https:\/\/theplayoffs.news\/fr\/wp-content\/uploads\/2023\/11\/USATSI_20575652.jpg","contentUrl":"https:\/\/theplayoffs.news\/fr\/wp-content\/uploads\/2023\/11\/USATSI_20575652.jpg","width":1920,"height":1236,"caption":"Apr 29, 2023; New York, New York, USA; New York Rangers right wing Patrick Kane (88) skates against the New Jersey Devils during the second period in game six of the first round of the 2023 Stanley Cup Playoffs at Madison Square Garden. Mandatory Credit: Danny Wild-USA TODAY Sports"},{"@type":"BreadcrumbList","@id":"https:\/\/theplayoffs.news\/fr\/actualite-nhl\/lacharnement-de-la-conference-est-pour-patrick-kane\/#breadcrumb","itemListElement":[{"@type":"ListItem","position":1,"name":"Accueil","item":"https:\/\/theplayoffs.news\/fr\/"},{"@type":"ListItem","position":2,"name":"L&rsquo;acharnement de la Conf\u00e9rence Est pour Patrick Kane\u00a0"}]},{"@type":"WebSite","@id":"https:\/\/theplayoffs.news\/fr\/#website","url":"https:\/\/theplayoffs.news\/fr\/","name":"The Playoffs FR","description":"NBA-NFL-NHL-MLB","potentialAction":[{"@type":"SearchAction","target":{"@type":"EntryPoint","urlTemplate":"https:\/\/theplayoffs.news\/fr\/?s={search_term_string}"},"query-input":{"@type":"PropertyValueSpecification","valueRequired":true,"valueName":"search_term_string"}}],"inLanguage":"fr-FR"},{"@type":"Person","@id":"https:\/\/theplayoffs.news\/fr\/#\/schema\/person\/eee5b69ad5d3c51cabe881c839dbe133","name":"Charles Taudin","image":{"@type":"ImageObject","inLanguage":"fr-FR","@id":"https:\/\/theplayoffs.news\/fr\/#\/schema\/person\/image\/","url":"https:\/\/secure.gravatar.com\/avatar\/59a1e772205ce9fd255edfcafc93013736822e20261f294c5753b20c41ede9f2?s=96&d=mm&r=g","contentUrl":"https:\/\/secure.gravatar.com\/avatar\/59a1e772205ce9fd255edfcafc93013736822e20261f294c5753b20c41ede9f2?s=96&d=mm&r=g","caption":"Charles Taudin"},"description":"R\u00e9dacteur en chef global de The Playoffs, j\u2019ai cr\u00e9\u00e9 The Free Agent, devenu The Playoffs FR, en 2020 durant la pand\u00e9mie. Amoureux depuis des ann\u00e9es des 4 sports majeurs am\u00e9ricains, j\u2019organise maintenant la strat\u00e9gie \u00e9ditoriale et les r\u00e9seaux sociaux de l\u2019ensemble des versions de The Playoffs. Il m\u2019arrive encore d\u2019\u00e9crire sur certains sports que j\u2019affectionne particuli\u00e8rement comme la NFL ou la MLB. Si vous devez retenir qu\u2019une chose : Eli Manning est le vrai GOAT pour avoir battu deux fois Tom Brady.","sameAs":["https:\/\/www.instagram.com\/ctaudin_\/"],"url":"https:\/\/theplayoffs.news\/fr\/author\/charles-taudin\/"}]}},"_links":{"self":[{"href":"https:\/\/theplayoffs.news\/fr\/wp-json\/wp\/v2\/posts\/1077286","targetHints":{"allow":["GET"]}}],"collection":[{"href":"https:\/\/theplayoffs.news\/fr\/wp-json\/wp\/v2\/posts"}],"about":[{"href":"https:\/\/theplayoffs.news\/fr\/wp-json\/wp\/v2\/types\/post"}],"author":[{"embeddable":true,"href":"https:\/\/theplayoffs.news\/fr\/wp-json\/wp\/v2\/users\/13"}],"replies":[{"embeddable":true,"href":"https:\/\/theplayoffs.news\/fr\/wp-json\/wp\/v2\/comments?post=1077286"}],"version-history":[{"count":3,"href":"https:\/\/theplayoffs.news\/fr\/wp-json\/wp\/v2\/posts\/1077286\/revisions"}],"predecessor-version":[{"id":1077424,"href":"https:\/\/theplayoffs.news\/fr\/wp-json\/wp\/v2\/posts\/1077286\/revisions\/1077424"}],"wp:featuredmedia":[{"embeddable":true,"href":"https:\/\/theplayoffs.news\/fr\/wp-json\/wp\/v2\/media\/1077406"}],"wp:attachment":[{"href":"https:\/\/theplayoffs.news\/fr\/wp-json\/wp\/v2\/media?parent=1077286"}],"wp:term":[{"taxonomy":"category","embeddable":true,"href":"https:\/\/theplayoffs.news\/fr\/wp-json\/wp\/v2\/categories?post=1077286"},{"taxonomy":"post_tag","embeddable":true,"href":"https:\/\/theplayoffs.news\/fr\/wp-json\/wp\/v2\/tags?post=1077286"},{"taxonomy":"sport","embeddable":true,"href":"https:\/\/theplayoffs.news\/fr\/wp-json\/wp\/v2\/sport?post=1077286"},{"taxonomy":"saison","embeddable":true,"href":"https:\/\/theplayoffs.news\/fr\/wp-json\/wp\/v2\/saison?post=1077286"}],"curies":[{"name":"wp","href":"https:\/\/api.w.org\/{rel}","templated":true}]}}