{"id":1066469,"date":"2023-11-10T16:23:48","date_gmt":"2023-11-10T15:23:48","guid":{"rendered":"https:\/\/theplayoffs.news\/fr\/?p=1066469"},"modified":"2023-11-10T16:24:07","modified_gmt":"2023-11-10T15:24:07","slug":"mots-forts-joel-embiid-76ers","status":"publish","type":"post","link":"https:\/\/theplayoffs.news\/fr\/actualite-nba\/mots-forts-joel-embiid-76ers\/","title":{"rendered":"Les mots forts de Joel Embiid \u00e0 propos des 76ers"},"content":{"rendered":"<h2>NBA &ndash; Les Sixers sont sortis d&rsquo;un &eacute;t&eacute; mouvement&eacute; pour s&rsquo;imposer fermement comme une puissance de la Conf&eacute;rence Est.<\/h2><p>La saga autour de James Harden, une histoire qui a domin&eacute; leur intersaison, semble d&eacute;sormais n&rsquo;&ecirc;tre qu&rsquo;un lointain souvenir, &eacute;clips&eacute; par une s&eacute;rie de performances impressionnantes qui ont fait taire leurs critiques.<\/p><p>Le r&eacute;cent triomphe de l&rsquo;&eacute;quipe contre les Celtics de Boston, prolongeant leur s&eacute;quence de victoires &agrave; six, n&rsquo;est pas qu&rsquo;une simple statistique ; cela repr&eacute;sente un changement significatif dans la dynamique de la Conf&eacute;rence Est. Cette victoire t&eacute;moigne de la stabilit&eacute; et de la coh&eacute;sion retrouv&eacute;es des Sixers. La transformation de l&rsquo;&eacute;quipe est &eacute;vidente dans son gameplay, caract&eacute;ris&eacute; par une int&eacute;gration transparente de nouveaux talents et une mentalit&eacute; &laquo; d&rsquo;&eacute;quipe d&rsquo;abord &raquo;, comme le souligne son joueur vedette et MVP en titre, <a href=\"https:\/\/theplayoffs.news\/fr\/joueur\/joel-embiid-philadelphia-76ers-nba\/\" class=\"trk-cta-link\" data-cta-trk='{\"ctaType\":\"Link\",\"ctaSubType\":\"main\"}'><strong>Joel Embiid<\/strong><\/a>.<\/p><blockquote><p>&laquo;&nbsp;Je pense que c&rsquo;est tout &agrave; l&rsquo;honneur de notre culture. Personne n&rsquo;a d&rsquo;ego dans cette &eacute;quipe&nbsp;&raquo;, <a href=\"https:\/\/twitter.com\/TheDunkCentral\/status\/1722629717449396583?ref_src=twsrc%5Etfw%7Ctwcamp%5Etweetembed%7Ctwterm%5E1722629717449396583%7Ctwgr%5E0dce284f559d5070e51df2fc5ccf1a2053062f60%7Ctwcon%5Es1_c10&amp;ref_url=https%3A%2F%2Fwww.yardbarker.com%2Fnba%2Farticles%2Fjoel_embiid_has_strong_words_for_sixers_culture_post_james_harden_era%2Fs1_13132_39510579\" class=\"trk-cta-link\" data-cta-trk='{\"ctaType\":\"Link\",\"ctaSubType\":\"main\"}'>a d&eacute;clar&eacute; Joel Embiid<\/a>. &laquo;&nbsp;Les gars sont altruistes, le ballon bouge, peu importe si les tirs rentrent ou non. Les gars sont juste heureux, juste inquiets des bonnes choses, c&rsquo;est-&agrave;-dire gagner. C&rsquo;est la seule chose qui compte et c&rsquo;est la seule chose qui devrait mati&egrave;re.&nbsp;&raquo;<\/p><\/blockquote><p>Le leadership d&rsquo;Embiid, tant sur le terrain qu&rsquo;en dehors, a jou&eacute; un r&ocirc;le d&eacute;terminant dans la promotion d&rsquo;une culture sans ego, o&ugrave; l&rsquo;objectif collectif de gagner l&rsquo;emporte sur les distinctions individuelles.<\/p><h3>Une &eacute;quipe r&eacute;invent&eacute;e<\/h3><p>Le d&eacute;part de James Harden vers Los Angeles aurait pu &ecirc;tre un revers pour les Sixers. Au lieu de cela, cela a ouvert la voie &agrave; de nouvelles strat&eacute;gies et &agrave; de nouveaux visages.<\/p><p>L&rsquo;engagement in&eacute;branlable d&rsquo;Embiid envers l&rsquo;&eacute;quipe, malgr&eacute; les sp&eacute;culations de l&rsquo;intersaison sur son impatience croissante, a &eacute;t&eacute; la pierre angulaire de leur succ&egrave;s. Sa performance constante, avec une moyenne de plus de 30 points par match pour la troisi&egrave;me saison cons&eacute;cutive, en dit long sur sa volont&eacute; de conserver aussi son titre de MVP.<\/p><p>L&rsquo;effectif des Sixers cette saison est sensiblement diff&eacute;rent des ann&eacute;es pr&eacute;c&eacute;dentes, manquant de la m&ecirc;me puissance de star mais compensant par un sens strat&eacute;gique et une synergie. L&rsquo;&eacute;mergence de Tyrese Maxey et l&rsquo;acquisition de Kelly Oubre Jr. ont &eacute;t&eacute; cruciales.<\/p><p>Les 25,4 points par match de Maxey et les 17,4 points par match d&rsquo;Oubre n&rsquo;ont pas seulement combl&eacute; le vide laiss&eacute; par Harden, mais ont &eacute;galement augment&eacute; le potentiel collectif de l&rsquo;&eacute;quipe. Cette &eacute;quipe restructur&eacute;e, bien que de composition diff&eacute;rente, a montr&eacute; qu&rsquo;elle &eacute;tait plus que capable de briser sa s&eacute;quence de trois ans d&rsquo;&eacute;chec en demi-finale de conf&eacute;rence.<\/p><p>&nbsp;<\/p><p>Credit: Kyle Ross-USA TODAY Sports<\/p>\n","protected":false},"excerpt":{"rendered":"","protected":false},"author":13,"featured_media":1066499,"comment_status":"open","ping_status":"closed","sticky":false,"template":"","format":"standard","meta":{"inline_featured_image":false,"kia_subtitle":"","_mux_skip_reasons":[],"proofreadBy":0,"footnotes":""},"categories":[110,10],"tags":[742,632],"sport":[],"saison":[],"class_list":["post-1066469","post","type-post","status-publish","format-standard","has-post-thumbnail","hentry","category-actualite-nba","category-nba","tag-joel-embiid","tag-philadelphia-76ers"],"acf":[],"yoast_head":"<!-- This site is optimized with the Yoast SEO plugin v24.2 - https:\/\/yoast.com\/wordpress\/plugins\/seo\/ -->\n<title>Les mots forts de Joel Embiid &agrave; propos des 76ers - The Playoffs FR<\/title>\n<meta name=\"robots\" content=\"index, follow, max-snippet:-1, max-image-preview:large, max-video-preview:-1\" \/>\n<link rel=\"canonical\" href=\"https:\/\/theplayoffs.news\/fr\/actualite-nba\/mots-forts-joel-embiid-76ers\/\" \/>\n<meta property=\"og:locale\" content=\"fr_FR\" \/>\n<meta property=\"og:type\" content=\"article\" \/>\n<meta property=\"og:title\" content=\"Les mots forts de Joel Embiid &agrave; propos des 76ers - The Playoffs FR\" \/>\n<meta property=\"og:url\" content=\"https:\/\/theplayoffs.news\/fr\/actualite-nba\/mots-forts-joel-embiid-76ers\/\" \/>\n<meta property=\"og:site_name\" content=\"The Playoffs FR\" \/>\n<meta property=\"article:publisher\" content=\"https:\/\/www.facebook.com\/TheFreeAgentFR\/\" \/>\n<meta property=\"article:modified_time\" content=\"2023-11-10T16:24:07+01:00\" \/>\n<meta property=\"og:image\" content=\"https:\/\/theplayoffs.news\/fr\/wp-content\/uploads\/2023\/11\/USATSI_21851916.jpg\" \/>\n\t<meta property=\"og:image:width\" content=\"1920\" \/>\n\t<meta property=\"og:image:height\" content=\"1231\" \/>\n\t<meta property=\"og:image:type\" content=\"image\/jpeg\" \/>\n<meta name=\"author\" content=\"Charles Taudin\" \/>\n<meta name=\"twitter:card\" content=\"summary_large_image\" \/>\n<meta name=\"twitter:creator\" content=\"@TheFreeAgentFR\" \/>\n<meta name=\"twitter:site\" content=\"@TheFreeAgentFR\" \/>\n<meta name=\"twitter:label1\" content=\"\u00c9crit par\" \/>\n\t<meta name=\"twitter:data1\" content=\"Charles Taudin\" \/>\n\t<meta name=\"twitter:label2\" content=\"Dur\u00e9e de lecture estim\u00e9e\" \/>\n\t<meta name=\"twitter:data2\" content=\"2 minutes\" \/>\n<script type=\"application\/ld+json\" class=\"yoast-schema-graph\">{\"@context\":\"https:\/\/schema.org\",\"@graph\":[{\"@type\":\"WebPage\",\"@id\":\"https:\/\/theplayoffs.news\/fr\/actualite-nba\/mots-forts-joel-embiid-76ers\/\",\"url\":\"https:\/\/theplayoffs.news\/fr\/actualite-nba\/mots-forts-joel-embiid-76ers\/\",\"name\":\"Les mots forts de Joel Embiid \u00e0 propos des 76ers - The Playoffs FR\",\"isPartOf\":{\"@id\":\"https:\/\/theplayoffs.news\/fr\/#website\"},\"primaryImageOfPage\":{\"@id\":\"https:\/\/theplayoffs.news\/fr\/actualite-nba\/mots-forts-joel-embiid-76ers\/#primaryimage\"},\"image\":{\"@id\":\"https:\/\/theplayoffs.news\/fr\/actualite-nba\/mots-forts-joel-embiid-76ers\/#primaryimage\"},\"thumbnailUrl\":\"https:\/\/theplayoffs.news\/fr\/wp-content\/uploads\/2023\/11\/USATSI_21851916.jpg\",\"datePublished\":\"2023-11-10T15:23:48+00:00\",\"dateModified\":\"2023-11-10T15:24:07+00:00\",\"author\":{\"@id\":\"https:\/\/theplayoffs.news\/fr\/#\/schema\/person\/eee5b69ad5d3c51cabe881c839dbe133\"},\"breadcrumb\":{\"@id\":\"https:\/\/theplayoffs.news\/fr\/actualite-nba\/mots-forts-joel-embiid-76ers\/#breadcrumb\"},\"inLanguage\":\"fr-FR\",\"potentialAction\":[{\"@type\":\"ReadAction\",\"target\":[\"https:\/\/theplayoffs.news\/fr\/actualite-nba\/mots-forts-joel-embiid-76ers\/\"]}]},{\"@type\":\"ImageObject\",\"inLanguage\":\"fr-FR\",\"@id\":\"https:\/\/theplayoffs.news\/fr\/actualite-nba\/mots-forts-joel-embiid-76ers\/#primaryimage\",\"url\":\"https:\/\/theplayoffs.news\/fr\/wp-content\/uploads\/2023\/11\/USATSI_21851916.jpg\",\"contentUrl\":\"https:\/\/theplayoffs.news\/fr\/wp-content\/uploads\/2023\/11\/USATSI_21851916.jpg\",\"width\":1920,\"height\":1231,\"caption\":\"Nov 8, 2023; Philadelphia, Pennsylvania, USA; Philadelphia 76ers center Joel Embiid (21) drives against Boston Celtics guard Jrue Holiday (4) in the fourth quarter at Wells Fargo Center. Mandatory Credit: Kyle Ross-USA TODAY Sports\"},{\"@type\":\"BreadcrumbList\",\"@id\":\"https:\/\/theplayoffs.news\/fr\/actualite-nba\/mots-forts-joel-embiid-76ers\/#breadcrumb\",\"itemListElement\":[{\"@type\":\"ListItem\",\"position\":1,\"name\":\"Accueil\",\"item\":\"https:\/\/theplayoffs.news\/fr\/\"},{\"@type\":\"ListItem\",\"position\":2,\"name\":\"Les mots forts de Joel Embiid \u00e0 propos des 76ers\"}]},{\"@type\":\"WebSite\",\"@id\":\"https:\/\/theplayoffs.news\/fr\/#website\",\"url\":\"https:\/\/theplayoffs.news\/fr\/\",\"name\":\"The Playoffs FR\",\"description\":\"NBA-NFL-NHL-MLB\",\"potentialAction\":[{\"@type\":\"SearchAction\",\"target\":{\"@type\":\"EntryPoint\",\"urlTemplate\":\"https:\/\/theplayoffs.news\/fr\/?s={search_term_string}\"},\"query-input\":{\"@type\":\"PropertyValueSpecification\",\"valueRequired\":true,\"valueName\":\"search_term_string\"}}],\"inLanguage\":\"fr-FR\"},{\"@type\":\"Person\",\"@id\":\"https:\/\/theplayoffs.news\/fr\/#\/schema\/person\/eee5b69ad5d3c51cabe881c839dbe133\",\"name\":\"Charles Taudin\",\"image\":{\"@type\":\"ImageObject\",\"inLanguage\":\"fr-FR\",\"@id\":\"https:\/\/theplayoffs.news\/fr\/#\/schema\/person\/image\/\",\"url\":\"https:\/\/secure.gravatar.com\/avatar\/59a1e772205ce9fd255edfcafc93013736822e20261f294c5753b20c41ede9f2?s=96&d=mm&r=g\",\"contentUrl\":\"https:\/\/secure.gravatar.com\/avatar\/59a1e772205ce9fd255edfcafc93013736822e20261f294c5753b20c41ede9f2?s=96&d=mm&r=g\",\"caption\":\"Charles Taudin\"},\"description\":\"R\u00e9dacteur en chef global de The Playoffs, j\u2019ai cr\u00e9\u00e9 The Free Agent, devenu The Playoffs FR, en 2020 durant la pand\u00e9mie. Amoureux depuis des ann\u00e9es des 4 sports majeurs am\u00e9ricains, j\u2019organise maintenant la strat\u00e9gie \u00e9ditoriale et les r\u00e9seaux sociaux de l\u2019ensemble des versions de The Playoffs. Il m\u2019arrive encore d\u2019\u00e9crire sur certains sports que j\u2019affectionne particuli\u00e8rement comme la NFL ou la MLB. Si vous devez retenir qu\u2019une chose : Eli Manning est le vrai GOAT pour avoir battu deux fois Tom Brady.\",\"sameAs\":[\"https:\/\/www.instagram.com\/ctaudin_\/\"],\"url\":\"https:\/\/theplayoffs.news\/fr\/author\/charles-taudin\/\"}]}<\/script>\n<!-- \/ Yoast SEO plugin. -->","yoast_head_json":{"title":"Les mots forts de Joel Embiid &agrave; propos des 76ers - The Playoffs FR","robots":{"index":"index","follow":"follow","max-snippet":"max-snippet:-1","max-image-preview":"max-image-preview:large","max-video-preview":"max-video-preview:-1"},"canonical":"https:\/\/theplayoffs.news\/fr\/actualite-nba\/mots-forts-joel-embiid-76ers\/","og_locale":"fr_FR","og_type":"article","og_title":"Les mots forts de Joel Embiid &agrave; propos des 76ers - The Playoffs FR","og_url":"https:\/\/theplayoffs.news\/fr\/actualite-nba\/mots-forts-joel-embiid-76ers\/","og_site_name":"The Playoffs FR","article_publisher":"https:\/\/www.facebook.com\/TheFreeAgentFR\/","article_modified_time":"2023-11-10T15:24:07+00:00","og_image":[{"width":1920,"height":1231,"url":"https:\/\/theplayoffs.news\/fr\/wp-content\/uploads\/2023\/11\/USATSI_21851916.jpg","type":"image\/jpeg"}],"author":"Charles Taudin","twitter_card":"summary_large_image","twitter_creator":"@TheFreeAgentFR","twitter_site":"@TheFreeAgentFR","twitter_misc":{"\u00c9crit par":"Charles Taudin","Dur\u00e9e de lecture estim\u00e9e":"2 minutes"},"schema":{"@context":"https:\/\/schema.org","@graph":[{"@type":"WebPage","@id":"https:\/\/theplayoffs.news\/fr\/actualite-nba\/mots-forts-joel-embiid-76ers\/","url":"https:\/\/theplayoffs.news\/fr\/actualite-nba\/mots-forts-joel-embiid-76ers\/","name":"Les mots forts de Joel Embiid \u00e0 propos des 76ers - The Playoffs FR","isPartOf":{"@id":"https:\/\/theplayoffs.news\/fr\/#website"},"primaryImageOfPage":{"@id":"https:\/\/theplayoffs.news\/fr\/actualite-nba\/mots-forts-joel-embiid-76ers\/#primaryimage"},"image":{"@id":"https:\/\/theplayoffs.news\/fr\/actualite-nba\/mots-forts-joel-embiid-76ers\/#primaryimage"},"thumbnailUrl":"https:\/\/theplayoffs.news\/fr\/wp-content\/uploads\/2023\/11\/USATSI_21851916.jpg","datePublished":"2023-11-10T15:23:48+00:00","dateModified":"2023-11-10T15:24:07+00:00","author":{"@id":"https:\/\/theplayoffs.news\/fr\/#\/schema\/person\/eee5b69ad5d3c51cabe881c839dbe133"},"breadcrumb":{"@id":"https:\/\/theplayoffs.news\/fr\/actualite-nba\/mots-forts-joel-embiid-76ers\/#breadcrumb"},"inLanguage":"fr-FR","potentialAction":[{"@type":"ReadAction","target":["https:\/\/theplayoffs.news\/fr\/actualite-nba\/mots-forts-joel-embiid-76ers\/"]}]},{"@type":"ImageObject","inLanguage":"fr-FR","@id":"https:\/\/theplayoffs.news\/fr\/actualite-nba\/mots-forts-joel-embiid-76ers\/#primaryimage","url":"https:\/\/theplayoffs.news\/fr\/wp-content\/uploads\/2023\/11\/USATSI_21851916.jpg","contentUrl":"https:\/\/theplayoffs.news\/fr\/wp-content\/uploads\/2023\/11\/USATSI_21851916.jpg","width":1920,"height":1231,"caption":"Nov 8, 2023; Philadelphia, Pennsylvania, USA; Philadelphia 76ers center Joel Embiid (21) drives against Boston Celtics guard Jrue Holiday (4) in the fourth quarter at Wells Fargo Center. Mandatory Credit: Kyle Ross-USA TODAY Sports"},{"@type":"BreadcrumbList","@id":"https:\/\/theplayoffs.news\/fr\/actualite-nba\/mots-forts-joel-embiid-76ers\/#breadcrumb","itemListElement":[{"@type":"ListItem","position":1,"name":"Accueil","item":"https:\/\/theplayoffs.news\/fr\/"},{"@type":"ListItem","position":2,"name":"Les mots forts de Joel Embiid \u00e0 propos des 76ers"}]},{"@type":"WebSite","@id":"https:\/\/theplayoffs.news\/fr\/#website","url":"https:\/\/theplayoffs.news\/fr\/","name":"The Playoffs FR","description":"NBA-NFL-NHL-MLB","potentialAction":[{"@type":"SearchAction","target":{"@type":"EntryPoint","urlTemplate":"https:\/\/theplayoffs.news\/fr\/?s={search_term_string}"},"query-input":{"@type":"PropertyValueSpecification","valueRequired":true,"valueName":"search_term_string"}}],"inLanguage":"fr-FR"},{"@type":"Person","@id":"https:\/\/theplayoffs.news\/fr\/#\/schema\/person\/eee5b69ad5d3c51cabe881c839dbe133","name":"Charles Taudin","image":{"@type":"ImageObject","inLanguage":"fr-FR","@id":"https:\/\/theplayoffs.news\/fr\/#\/schema\/person\/image\/","url":"https:\/\/secure.gravatar.com\/avatar\/59a1e772205ce9fd255edfcafc93013736822e20261f294c5753b20c41ede9f2?s=96&d=mm&r=g","contentUrl":"https:\/\/secure.gravatar.com\/avatar\/59a1e772205ce9fd255edfcafc93013736822e20261f294c5753b20c41ede9f2?s=96&d=mm&r=g","caption":"Charles Taudin"},"description":"R\u00e9dacteur en chef global de The Playoffs, j\u2019ai cr\u00e9\u00e9 The Free Agent, devenu The Playoffs FR, en 2020 durant la pand\u00e9mie. Amoureux depuis des ann\u00e9es des 4 sports majeurs am\u00e9ricains, j\u2019organise maintenant la strat\u00e9gie \u00e9ditoriale et les r\u00e9seaux sociaux de l\u2019ensemble des versions de The Playoffs. Il m\u2019arrive encore d\u2019\u00e9crire sur certains sports que j\u2019affectionne particuli\u00e8rement comme la NFL ou la MLB. Si vous devez retenir qu\u2019une chose : Eli Manning est le vrai GOAT pour avoir battu deux fois Tom Brady.","sameAs":["https:\/\/www.instagram.com\/ctaudin_\/"],"url":"https:\/\/theplayoffs.news\/fr\/author\/charles-taudin\/"}]}},"_links":{"self":[{"href":"https:\/\/theplayoffs.news\/fr\/wp-json\/wp\/v2\/posts\/1066469","targetHints":{"allow":["GET"]}}],"collection":[{"href":"https:\/\/theplayoffs.news\/fr\/wp-json\/wp\/v2\/posts"}],"about":[{"href":"https:\/\/theplayoffs.news\/fr\/wp-json\/wp\/v2\/types\/post"}],"author":[{"embeddable":true,"href":"https:\/\/theplayoffs.news\/fr\/wp-json\/wp\/v2\/users\/13"}],"replies":[{"embeddable":true,"href":"https:\/\/theplayoffs.news\/fr\/wp-json\/wp\/v2\/comments?post=1066469"}],"version-history":[{"count":2,"href":"https:\/\/theplayoffs.news\/fr\/wp-json\/wp\/v2\/posts\/1066469\/revisions"}],"predecessor-version":[{"id":1066519,"href":"https:\/\/theplayoffs.news\/fr\/wp-json\/wp\/v2\/posts\/1066469\/revisions\/1066519"}],"wp:featuredmedia":[{"embeddable":true,"href":"https:\/\/theplayoffs.news\/fr\/wp-json\/wp\/v2\/media\/1066499"}],"wp:attachment":[{"href":"https:\/\/theplayoffs.news\/fr\/wp-json\/wp\/v2\/media?parent=1066469"}],"wp:term":[{"taxonomy":"category","embeddable":true,"href":"https:\/\/theplayoffs.news\/fr\/wp-json\/wp\/v2\/categories?post=1066469"},{"taxonomy":"post_tag","embeddable":true,"href":"https:\/\/theplayoffs.news\/fr\/wp-json\/wp\/v2\/tags?post=1066469"},{"taxonomy":"sport","embeddable":true,"href":"https:\/\/theplayoffs.news\/fr\/wp-json\/wp\/v2\/sport?post=1066469"},{"taxonomy":"saison","embeddable":true,"href":"https:\/\/theplayoffs.news\/fr\/wp-json\/wp\/v2\/saison?post=1066469"}],"curies":[{"name":"wp","href":"https:\/\/api.w.org\/{rel}","templated":true}]}}