{"id":1065082,"date":"2023-11-10T10:13:12","date_gmt":"2023-11-10T09:13:12","guid":{"rendered":"https:\/\/theplayoffs.news\/fr\/?p=1065082"},"modified":"2023-11-10T10:16:05","modified_gmt":"2023-11-10T09:16:05","slug":"le-reve-mexicain-dadam-silver","status":"publish","type":"post","link":"https:\/\/theplayoffs.news\/fr\/actualite-nba\/le-reve-mexicain-dadam-silver\/","title":{"rendered":"Le r\u00eave mexicain d&rsquo;Adam Silver"},"content":{"rendered":"<h2>NBA &ndash; La relation durable entre la NBA et Mexico, qui s&rsquo;est renforc&eacute;e depuis son premier match en 1992, est appel&eacute;e &agrave; se poursuivre, comme l&rsquo;a affirm&eacute; le commissaire de la NBA, Adam Silver.<\/h2><p>Avec le 32e match &agrave; Mexico entre les Magic d&rsquo;Orlando et les Hawks d&rsquo;Atlanta qui s&rsquo;est d&eacute;roul&eacute; cette nuit, l&rsquo;engagement de Silver &agrave; offrir davantage d&rsquo;action NBA aux fans mexicains est in&eacute;branlable. Cet effort continu refl&egrave;te la strat&eacute;gie plus large d&rsquo;expansion mondiale de la NBA, reconnaissant le r&ocirc;le important des march&eacute;s internationaux dans la croissance de la ligue.<\/p><p>Mexico, avec sa base de fans de basketball, a accueilli plus de matchs de NBA que n&rsquo;importe quel autre pays en dehors des &Eacute;tats-Unis et du Canada. L&rsquo;importance historique de la ville dans l&rsquo;histoire internationale de la NBA, qui remonte &agrave; la premi&egrave;re comp&eacute;tition de saison r&eacute;guli&egrave;re en Am&eacute;rique latine en 1997, est ind&eacute;niable. L&rsquo;int&eacute;gration r&eacute;ussie des Capitanes de Ciudad de Mexico de la G League, la premi&egrave;re &eacute;quipe affili&eacute;e &agrave; la NBA en Am&eacute;rique latine, illustre une fois de plus l&rsquo;approfondissement des liens entre la NBA et le Mexique.<\/p><h3>D&eacute;fis et opportunit&eacute;s&nbsp;: planification et expansion<\/h3><p>L&rsquo;engagement envers le Mexique n&rsquo;est cependant pas sans d&eacute;fis. L&rsquo;introduction du tournoi NBA en cours de saison, inspir&eacute; des comp&eacute;titions europ&eacute;ennes de football, pr&eacute;sente une complexit&eacute; de programmation. &Eacute;quilibrer les exigences de ce nouvel ajout avec l&rsquo;objectif de r&eacute;duire les matchs cons&eacute;cutifs est un &laquo; cauchemar de planification &raquo;, selon les mots d&rsquo;Adam Silver. Pourtant, ces d&eacute;fis sont relev&eacute;s avec une d&eacute;termination d&eacute;termin&eacute;e &agrave; maintenir, et &eacute;ventuellement &agrave; accro&icirc;tre, la pr&eacute;sence de la NBA au Mexique.<\/p><blockquote><p>&laquo;&nbsp;Nous consid&eacute;rons cela comme une porte d&rsquo;entr&eacute;e vers le reste de l&rsquo;Am&eacute;rique latine&nbsp;&raquo;, <a href=\"https:\/\/www.espn.com\/nba\/story\/_\/id\/38859914\/adam-silver-nba-definitely-back-mexico-city\" class=\"trk-cta-link\" data-cta-trk='{\"ctaType\":\"Link\",\"ctaSubType\":\"main\"}'>a d&eacute;clar&eacute; Adam Silver<\/a>. &laquo;&nbsp;Nous pensons qu&rsquo;il s&rsquo;agira de franchises suppl&eacute;mentaires de la G League &agrave; Mexico et, &agrave; terme, d&rsquo;une plus grande empreinte ici en Am&eacute;rique latine, ou du r&ecirc;ve d&rsquo;une franchise NBA venant un jour &agrave; Mexico.&nbsp;&raquo;<\/p><\/blockquote><p>L&rsquo;expansion potentielle pour inclure une franchise NBA &agrave; Mexico, un concept remontant au mandat de feu David Stern, t&eacute;moigne de la vision &agrave; long terme de la ligue.<\/p><p>Les exp&eacute;riences des joueurs au Mexique offrent une perspective unique. Trae Young des Hawks d&rsquo;Atlanta, apr&egrave;s une performance exceptionnelle, a exprim&eacute; son enthousiasme pour l&rsquo;atmosph&egrave;re &eacute;lectrisante de l&rsquo;ar&egrave;ne mexicaine. Ce sentiment a &eacute;t&eacute; repris par Jalen Suggs du Orlando Magic, qui a soulign&eacute; l&rsquo;enrichissement culturel que procure le fait de jouer dans un pays diff&eacute;rent. Pour les joueurs, ces matchs sont plus qu&rsquo;un simple rendez-vous du calendrier.<\/p><p>&nbsp;<\/p><p>Credit: Kirby Lee-USA TODAY Sports<\/p>\n","protected":false},"excerpt":{"rendered":"","protected":false},"author":13,"featured_media":1065098,"comment_status":"open","ping_status":"closed","sticky":false,"template":"","format":"standard","meta":{"inline_featured_image":false,"kia_subtitle":"","_mux_skip_reasons":[],"proofreadBy":0,"footnotes":""},"categories":[110,10],"tags":[166,5665,23],"sport":[],"saison":[],"class_list":["post-1065082","post","type-post","status-publish","format-standard","has-post-thumbnail","hentry","category-actualite-nba","category-nba","tag-adam-silver","tag-mexique","tag-nba-tag"],"acf":[],"yoast_head":"<!-- This site is optimized with the Yoast SEO plugin v24.2 - https:\/\/yoast.com\/wordpress\/plugins\/seo\/ -->\n<title>Le r&ecirc;ve mexicain d&#039;Adam Silver - The Playoffs FR<\/title>\n<meta name=\"robots\" content=\"index, follow, max-snippet:-1, max-image-preview:large, max-video-preview:-1\" \/>\n<link rel=\"canonical\" href=\"https:\/\/theplayoffs.news\/fr\/actualite-nba\/le-reve-mexicain-dadam-silver\/\" \/>\n<meta property=\"og:locale\" content=\"fr_FR\" \/>\n<meta property=\"og:type\" content=\"article\" \/>\n<meta property=\"og:title\" content=\"Le r&ecirc;ve mexicain d&#039;Adam Silver - The Playoffs FR\" \/>\n<meta property=\"og:url\" content=\"https:\/\/theplayoffs.news\/fr\/actualite-nba\/le-reve-mexicain-dadam-silver\/\" \/>\n<meta property=\"og:site_name\" content=\"The Playoffs FR\" \/>\n<meta property=\"article:publisher\" content=\"https:\/\/www.facebook.com\/TheFreeAgentFR\/\" \/>\n<meta property=\"article:modified_time\" content=\"2023-11-10T10:16:05+01:00\" \/>\n<meta property=\"og:image\" content=\"https:\/\/theplayoffs.news\/fr\/wp-content\/uploads\/2023\/11\/USATSI_21860192.jpg\" \/>\n\t<meta property=\"og:image:width\" content=\"1920\" \/>\n\t<meta property=\"og:image:height\" content=\"1280\" \/>\n\t<meta property=\"og:image:type\" content=\"image\/jpeg\" \/>\n<meta name=\"author\" content=\"Charles Taudin\" \/>\n<meta name=\"twitter:card\" content=\"summary_large_image\" \/>\n<meta name=\"twitter:creator\" content=\"@TheFreeAgentFR\" \/>\n<meta name=\"twitter:site\" content=\"@TheFreeAgentFR\" \/>\n<meta name=\"twitter:label1\" content=\"\u00c9crit par\" \/>\n\t<meta name=\"twitter:data1\" content=\"Charles Taudin\" \/>\n\t<meta name=\"twitter:label2\" content=\"Dur\u00e9e de lecture estim\u00e9e\" \/>\n\t<meta name=\"twitter:data2\" content=\"2 minutes\" \/>\n<script type=\"application\/ld+json\" class=\"yoast-schema-graph\">{\"@context\":\"https:\/\/schema.org\",\"@graph\":[{\"@type\":\"WebPage\",\"@id\":\"https:\/\/theplayoffs.news\/fr\/actualite-nba\/le-reve-mexicain-dadam-silver\/\",\"url\":\"https:\/\/theplayoffs.news\/fr\/actualite-nba\/le-reve-mexicain-dadam-silver\/\",\"name\":\"Le r\u00eave mexicain d\\\\'Adam Silver - The Playoffs FR\",\"isPartOf\":{\"@id\":\"https:\/\/theplayoffs.news\/fr\/#website\"},\"primaryImageOfPage\":{\"@id\":\"https:\/\/theplayoffs.news\/fr\/actualite-nba\/le-reve-mexicain-dadam-silver\/#primaryimage\"},\"image\":{\"@id\":\"https:\/\/theplayoffs.news\/fr\/actualite-nba\/le-reve-mexicain-dadam-silver\/#primaryimage\"},\"thumbnailUrl\":\"https:\/\/theplayoffs.news\/fr\/wp-content\/uploads\/2023\/11\/USATSI_21860192.jpg\",\"datePublished\":\"2023-11-10T09:13:12+00:00\",\"dateModified\":\"2023-11-10T09:16:05+00:00\",\"author\":{\"@id\":\"https:\/\/theplayoffs.news\/fr\/#\/schema\/person\/eee5b69ad5d3c51cabe881c839dbe133\"},\"breadcrumb\":{\"@id\":\"https:\/\/theplayoffs.news\/fr\/actualite-nba\/le-reve-mexicain-dadam-silver\/#breadcrumb\"},\"inLanguage\":\"fr-FR\",\"potentialAction\":[{\"@type\":\"ReadAction\",\"target\":[\"https:\/\/theplayoffs.news\/fr\/actualite-nba\/le-reve-mexicain-dadam-silver\/\"]}]},{\"@type\":\"ImageObject\",\"inLanguage\":\"fr-FR\",\"@id\":\"https:\/\/theplayoffs.news\/fr\/actualite-nba\/le-reve-mexicain-dadam-silver\/#primaryimage\",\"url\":\"https:\/\/theplayoffs.news\/fr\/wp-content\/uploads\/2023\/11\/USATSI_21860192.jpg\",\"contentUrl\":\"https:\/\/theplayoffs.news\/fr\/wp-content\/uploads\/2023\/11\/USATSI_21860192.jpg\",\"width\":1920,\"height\":1280,\"caption\":\"Nov 9, 2023; Mexico City, MEX; A general overall view of the the 2023 NBA Mexico City Game logo at center court at the Arena CDMX. Mandatory Credit: Kirby Lee-USA TODAY Sports\"},{\"@type\":\"BreadcrumbList\",\"@id\":\"https:\/\/theplayoffs.news\/fr\/actualite-nba\/le-reve-mexicain-dadam-silver\/#breadcrumb\",\"itemListElement\":[{\"@type\":\"ListItem\",\"position\":1,\"name\":\"Accueil\",\"item\":\"https:\/\/theplayoffs.news\/fr\/\"},{\"@type\":\"ListItem\",\"position\":2,\"name\":\"Le r\u00eave mexicain d&rsquo;Adam Silver\"}]},{\"@type\":\"WebSite\",\"@id\":\"https:\/\/theplayoffs.news\/fr\/#website\",\"url\":\"https:\/\/theplayoffs.news\/fr\/\",\"name\":\"The Playoffs FR\",\"description\":\"NBA-NFL-NHL-MLB\",\"potentialAction\":[{\"@type\":\"SearchAction\",\"target\":{\"@type\":\"EntryPoint\",\"urlTemplate\":\"https:\/\/theplayoffs.news\/fr\/?s={search_term_string}\"},\"query-input\":{\"@type\":\"PropertyValueSpecification\",\"valueRequired\":true,\"valueName\":\"search_term_string\"}}],\"inLanguage\":\"fr-FR\"},{\"@type\":\"Person\",\"@id\":\"https:\/\/theplayoffs.news\/fr\/#\/schema\/person\/eee5b69ad5d3c51cabe881c839dbe133\",\"name\":\"Charles Taudin\",\"image\":{\"@type\":\"ImageObject\",\"inLanguage\":\"fr-FR\",\"@id\":\"https:\/\/theplayoffs.news\/fr\/#\/schema\/person\/image\/\",\"url\":\"https:\/\/secure.gravatar.com\/avatar\/59a1e772205ce9fd255edfcafc93013736822e20261f294c5753b20c41ede9f2?s=96&d=mm&r=g\",\"contentUrl\":\"https:\/\/secure.gravatar.com\/avatar\/59a1e772205ce9fd255edfcafc93013736822e20261f294c5753b20c41ede9f2?s=96&d=mm&r=g\",\"caption\":\"Charles Taudin\"},\"description\":\"R\u00e9dacteur en chef global de The Playoffs, j\u2019ai cr\u00e9\u00e9 The Free Agent, devenu The Playoffs FR, en 2020 durant la pand\u00e9mie. Amoureux depuis des ann\u00e9es des 4 sports majeurs am\u00e9ricains, j\u2019organise maintenant la strat\u00e9gie \u00e9ditoriale et les r\u00e9seaux sociaux de l\u2019ensemble des versions de The Playoffs. Il m\u2019arrive encore d\u2019\u00e9crire sur certains sports que j\u2019affectionne particuli\u00e8rement comme la NFL ou la MLB. Si vous devez retenir qu\u2019une chose : Eli Manning est le vrai GOAT pour avoir battu deux fois Tom Brady.\",\"sameAs\":[\"https:\/\/www.instagram.com\/ctaudin_\/\"],\"url\":\"https:\/\/theplayoffs.news\/fr\/author\/charles-taudin\/\"}]}<\/script>\n<!-- \/ Yoast SEO plugin. -->","yoast_head_json":{"title":"Le r&ecirc;ve mexicain d&#039;Adam Silver - The Playoffs FR","robots":{"index":"index","follow":"follow","max-snippet":"max-snippet:-1","max-image-preview":"max-image-preview:large","max-video-preview":"max-video-preview:-1"},"canonical":"https:\/\/theplayoffs.news\/fr\/actualite-nba\/le-reve-mexicain-dadam-silver\/","og_locale":"fr_FR","og_type":"article","og_title":"Le r&ecirc;ve mexicain d&#039;Adam Silver - The Playoffs FR","og_url":"https:\/\/theplayoffs.news\/fr\/actualite-nba\/le-reve-mexicain-dadam-silver\/","og_site_name":"The Playoffs FR","article_publisher":"https:\/\/www.facebook.com\/TheFreeAgentFR\/","article_modified_time":"2023-11-10T09:16:05+00:00","og_image":[{"width":1920,"height":1280,"url":"https:\/\/theplayoffs.news\/fr\/wp-content\/uploads\/2023\/11\/USATSI_21860192.jpg","type":"image\/jpeg"}],"author":"Charles Taudin","twitter_card":"summary_large_image","twitter_creator":"@TheFreeAgentFR","twitter_site":"@TheFreeAgentFR","twitter_misc":{"\u00c9crit par":"Charles Taudin","Dur\u00e9e de lecture estim\u00e9e":"2 minutes"},"schema":{"@context":"https:\/\/schema.org","@graph":[{"@type":"WebPage","@id":"https:\/\/theplayoffs.news\/fr\/actualite-nba\/le-reve-mexicain-dadam-silver\/","url":"https:\/\/theplayoffs.news\/fr\/actualite-nba\/le-reve-mexicain-dadam-silver\/","name":"Le r\u00eave mexicain d\\'Adam Silver - The Playoffs FR","isPartOf":{"@id":"https:\/\/theplayoffs.news\/fr\/#website"},"primaryImageOfPage":{"@id":"https:\/\/theplayoffs.news\/fr\/actualite-nba\/le-reve-mexicain-dadam-silver\/#primaryimage"},"image":{"@id":"https:\/\/theplayoffs.news\/fr\/actualite-nba\/le-reve-mexicain-dadam-silver\/#primaryimage"},"thumbnailUrl":"https:\/\/theplayoffs.news\/fr\/wp-content\/uploads\/2023\/11\/USATSI_21860192.jpg","datePublished":"2023-11-10T09:13:12+00:00","dateModified":"2023-11-10T09:16:05+00:00","author":{"@id":"https:\/\/theplayoffs.news\/fr\/#\/schema\/person\/eee5b69ad5d3c51cabe881c839dbe133"},"breadcrumb":{"@id":"https:\/\/theplayoffs.news\/fr\/actualite-nba\/le-reve-mexicain-dadam-silver\/#breadcrumb"},"inLanguage":"fr-FR","potentialAction":[{"@type":"ReadAction","target":["https:\/\/theplayoffs.news\/fr\/actualite-nba\/le-reve-mexicain-dadam-silver\/"]}]},{"@type":"ImageObject","inLanguage":"fr-FR","@id":"https:\/\/theplayoffs.news\/fr\/actualite-nba\/le-reve-mexicain-dadam-silver\/#primaryimage","url":"https:\/\/theplayoffs.news\/fr\/wp-content\/uploads\/2023\/11\/USATSI_21860192.jpg","contentUrl":"https:\/\/theplayoffs.news\/fr\/wp-content\/uploads\/2023\/11\/USATSI_21860192.jpg","width":1920,"height":1280,"caption":"Nov 9, 2023; Mexico City, MEX; A general overall view of the the 2023 NBA Mexico City Game logo at center court at the Arena CDMX. Mandatory Credit: Kirby Lee-USA TODAY Sports"},{"@type":"BreadcrumbList","@id":"https:\/\/theplayoffs.news\/fr\/actualite-nba\/le-reve-mexicain-dadam-silver\/#breadcrumb","itemListElement":[{"@type":"ListItem","position":1,"name":"Accueil","item":"https:\/\/theplayoffs.news\/fr\/"},{"@type":"ListItem","position":2,"name":"Le r\u00eave mexicain d&rsquo;Adam Silver"}]},{"@type":"WebSite","@id":"https:\/\/theplayoffs.news\/fr\/#website","url":"https:\/\/theplayoffs.news\/fr\/","name":"The Playoffs FR","description":"NBA-NFL-NHL-MLB","potentialAction":[{"@type":"SearchAction","target":{"@type":"EntryPoint","urlTemplate":"https:\/\/theplayoffs.news\/fr\/?s={search_term_string}"},"query-input":{"@type":"PropertyValueSpecification","valueRequired":true,"valueName":"search_term_string"}}],"inLanguage":"fr-FR"},{"@type":"Person","@id":"https:\/\/theplayoffs.news\/fr\/#\/schema\/person\/eee5b69ad5d3c51cabe881c839dbe133","name":"Charles Taudin","image":{"@type":"ImageObject","inLanguage":"fr-FR","@id":"https:\/\/theplayoffs.news\/fr\/#\/schema\/person\/image\/","url":"https:\/\/secure.gravatar.com\/avatar\/59a1e772205ce9fd255edfcafc93013736822e20261f294c5753b20c41ede9f2?s=96&d=mm&r=g","contentUrl":"https:\/\/secure.gravatar.com\/avatar\/59a1e772205ce9fd255edfcafc93013736822e20261f294c5753b20c41ede9f2?s=96&d=mm&r=g","caption":"Charles Taudin"},"description":"R\u00e9dacteur en chef global de The Playoffs, j\u2019ai cr\u00e9\u00e9 The Free Agent, devenu The Playoffs FR, en 2020 durant la pand\u00e9mie. Amoureux depuis des ann\u00e9es des 4 sports majeurs am\u00e9ricains, j\u2019organise maintenant la strat\u00e9gie \u00e9ditoriale et les r\u00e9seaux sociaux de l\u2019ensemble des versions de The Playoffs. Il m\u2019arrive encore d\u2019\u00e9crire sur certains sports que j\u2019affectionne particuli\u00e8rement comme la NFL ou la MLB. Si vous devez retenir qu\u2019une chose : Eli Manning est le vrai GOAT pour avoir battu deux fois Tom Brady.","sameAs":["https:\/\/www.instagram.com\/ctaudin_\/"],"url":"https:\/\/theplayoffs.news\/fr\/author\/charles-taudin\/"}]}},"_links":{"self":[{"href":"https:\/\/theplayoffs.news\/fr\/wp-json\/wp\/v2\/posts\/1065082","targetHints":{"allow":["GET"]}}],"collection":[{"href":"https:\/\/theplayoffs.news\/fr\/wp-json\/wp\/v2\/posts"}],"about":[{"href":"https:\/\/theplayoffs.news\/fr\/wp-json\/wp\/v2\/types\/post"}],"author":[{"embeddable":true,"href":"https:\/\/theplayoffs.news\/fr\/wp-json\/wp\/v2\/users\/13"}],"replies":[{"embeddable":true,"href":"https:\/\/theplayoffs.news\/fr\/wp-json\/wp\/v2\/comments?post=1065082"}],"version-history":[{"count":2,"href":"https:\/\/theplayoffs.news\/fr\/wp-json\/wp\/v2\/posts\/1065082\/revisions"}],"predecessor-version":[{"id":1065112,"href":"https:\/\/theplayoffs.news\/fr\/wp-json\/wp\/v2\/posts\/1065082\/revisions\/1065112"}],"wp:featuredmedia":[{"embeddable":true,"href":"https:\/\/theplayoffs.news\/fr\/wp-json\/wp\/v2\/media\/1065098"}],"wp:attachment":[{"href":"https:\/\/theplayoffs.news\/fr\/wp-json\/wp\/v2\/media?parent=1065082"}],"wp:term":[{"taxonomy":"category","embeddable":true,"href":"https:\/\/theplayoffs.news\/fr\/wp-json\/wp\/v2\/categories?post=1065082"},{"taxonomy":"post_tag","embeddable":true,"href":"https:\/\/theplayoffs.news\/fr\/wp-json\/wp\/v2\/tags?post=1065082"},{"taxonomy":"sport","embeddable":true,"href":"https:\/\/theplayoffs.news\/fr\/wp-json\/wp\/v2\/sport?post=1065082"},{"taxonomy":"saison","embeddable":true,"href":"https:\/\/theplayoffs.news\/fr\/wp-json\/wp\/v2\/saison?post=1065082"}],"curies":[{"name":"wp","href":"https:\/\/api.w.org\/{rel}","templated":true}]}}