{"id":1063802,"date":"2023-11-09T19:13:26","date_gmt":"2023-11-09T18:13:26","guid":{"rendered":"https:\/\/theplayoffs.news\/fr\/?p=1063802"},"modified":"2023-11-09T19:13:27","modified_gmt":"2023-11-09T18:13:27","slug":"le-jazz-dutah-confronte-au-defi-de-la-blessure-de-walker-kessler","status":"publish","type":"post","link":"https:\/\/theplayoffs.news\/fr\/actualite-nba\/le-jazz-dutah-confronte-au-defi-de-la-blessure-de-walker-kessler\/","title":{"rendered":"Le Jazz d&rsquo;Utah confront\u00e9 au d\u00e9fi de la blessure de Walker Kessler"},"content":{"rendered":"<h2>NBA &ndash; Le Utah Jazz a connu un revers important en d&eacute;but de saison avec la blessure du pivot titulaire Walker Kessler.<\/h2><p>Le prometteur joueur de la premi&egrave;re &eacute;quipe des rookies de la saison derni&egrave;re devrait &ecirc;tre mis &agrave; l&rsquo;&eacute;cart pour un minimum de deux semaines en raison d&rsquo;une blessure au ligament collat&eacute;ral ulnaire du coude gauche.<\/p><h3>L&rsquo;impact de l&rsquo;absence de Kessler<\/h3><p>La blessure de <a href=\"https:\/\/theplayoffs.news\/fr\/joueur\/walker-kessler-nba-8866272\/\" class=\"trk-cta-link\" data-cta-trk='{\"ctaType\":\"Link\",\"ctaSubType\":\"main\"}'><strong>Walker Kessler<\/strong><\/a> est un coup dur pour la d&eacute;fense int&eacute;rieure et les efforts de rebond du Utah Jazz. Avec une moyenne de 8,3 points et 7,9 rebonds, Kessler a &eacute;t&eacute; une pr&eacute;sence essentielle dans la rotation de la franchise.<\/p><blockquote><p>&laquo;&nbsp;Nous v&eacute;rifions chaque jour comment nos joueurs se sentent et cela a atteint un niveau tel que cela a attir&eacute; beaucoup plus d&rsquo;attention&nbsp;&raquo;, <a href=\"https:\/\/www.espn.com\/nba\/story\/_\/id\/38850858\/jazz-walker-kessler-sidelined-ucl-sprain-elbow\" class=\"trk-cta-link\" data-cta-trk='{\"ctaType\":\"Link\",\"ctaSubType\":\"main\"}'>a d&eacute;clar&eacute; l&rsquo;entra&icirc;neur Will Hardy<\/a>. &laquo;&nbsp;Walker n&rsquo;est pas quelqu&rsquo;un qui va chercher des excuses pour son jeu. Je ne le ferai pas non plus.<\/p><\/blockquote><p>Le personnel m&eacute;dical de l&rsquo;&eacute;quipe, apr&egrave;s une &eacute;valuation minutieuse, a pr&eacute;conis&eacute; une p&eacute;riode de r&eacute;cup&eacute;ration sans contact pour le centre afin d&rsquo;assurer un processus de gu&eacute;rison complet. Cette d&eacute;cision m&eacute;dicale souligne l&rsquo;&eacute;volution de l&rsquo;attitude de la ligue &agrave; l&rsquo;&eacute;gard de la sant&eacute; des joueurs, qui privil&eacute;gie le bien-&ecirc;tre &agrave; long terme aux gains &agrave; court terme.<\/p><h3>Ajustements strat&eacute;giques &agrave; l&rsquo;horizon<\/h3><p>&Agrave; la lumi&egrave;re de la blessure de Kessler, Will Hardy, l&rsquo;entra&icirc;neur du Utah Jazz, est confront&eacute; &agrave; la t&acirc;che peu enviable de reconfigurer l&rsquo;effectif de l&rsquo;&eacute;quipe. Hardy a laiss&eacute; entendre qu&rsquo;il pourrait modifier les compositions d&rsquo;&eacute;quipe et faire d&eacute;buter d&rsquo;autres joueurs.<\/p><p>Cette &eacute;volution pourrait servir de creuset &agrave; des joueurs qui n&rsquo;ont pas encore fait leurs preuves.<\/p><blockquote><p>&laquo;&nbsp;La r&eacute;sistance d&rsquo;une &eacute;quipe est mise &agrave; l&rsquo;&eacute;preuve lorsque des joueurs cl&eacute;s sont absents. C&rsquo;est l&rsquo;occasion pour les autres de monter en puissance et pour l&rsquo;&eacute;quipe d&rsquo;entra&icirc;neurs d&rsquo;innover sur le plan strat&eacute;gique&nbsp;&raquo;, a d&eacute;clar&eacute; Hardy, qui voit une lueur d&rsquo;espoir dans ce revers.<\/p><\/blockquote><p>Credit: Rob Gray-USA TODAY Sports<\/p>\n","protected":false},"excerpt":{"rendered":"","protected":false},"author":13,"featured_media":1063804,"comment_status":"open","ping_status":"closed","sticky":false,"template":"","format":"standard","meta":{"inline_featured_image":false,"kia_subtitle":"","_mux_skip_reasons":[],"proofreadBy":0,"footnotes":""},"categories":[110,10],"tags":[855,5605],"sport":[],"saison":[],"class_list":["post-1063802","post","type-post","status-publish","format-standard","has-post-thumbnail","hentry","category-actualite-nba","category-nba","tag-utah-jazz","tag-walker-kessler"],"acf":[],"yoast_head":"<!-- This site is optimized with the Yoast SEO plugin v24.2 - https:\/\/yoast.com\/wordpress\/plugins\/seo\/ -->\n<title>Le Jazz d&#039;Utah confront&eacute; au d&eacute;fi de la blessure de Walker Kessler - The Playoffs FR<\/title>\n<meta name=\"robots\" content=\"index, follow, max-snippet:-1, max-image-preview:large, max-video-preview:-1\" \/>\n<link rel=\"canonical\" href=\"https:\/\/theplayoffs.news\/fr\/actualite-nba\/le-jazz-dutah-confronte-au-defi-de-la-blessure-de-walker-kessler\/\" \/>\n<meta property=\"og:locale\" content=\"fr_FR\" \/>\n<meta property=\"og:type\" content=\"article\" \/>\n<meta property=\"og:title\" content=\"Le Jazz d&#039;Utah confront&eacute; au d&eacute;fi de la blessure de Walker Kessler - The Playoffs FR\" \/>\n<meta property=\"og:url\" content=\"https:\/\/theplayoffs.news\/fr\/actualite-nba\/le-jazz-dutah-confronte-au-defi-de-la-blessure-de-walker-kessler\/\" \/>\n<meta property=\"og:site_name\" content=\"The Playoffs FR\" \/>\n<meta property=\"article:publisher\" content=\"https:\/\/www.facebook.com\/TheFreeAgentFR\/\" \/>\n<meta property=\"article:modified_time\" content=\"2023-11-09T19:13:27+01:00\" \/>\n<meta property=\"og:image\" content=\"https:\/\/theplayoffs.news\/fr\/wp-content\/uploads\/2023\/11\/USATSI_21794826.jpg\" \/>\n\t<meta property=\"og:image:width\" content=\"1920\" \/>\n\t<meta property=\"og:image:height\" content=\"1280\" \/>\n\t<meta property=\"og:image:type\" content=\"image\/jpeg\" \/>\n<meta name=\"author\" content=\"Charles Taudin\" \/>\n<meta name=\"twitter:card\" content=\"summary_large_image\" \/>\n<meta name=\"twitter:creator\" content=\"@TheFreeAgentFR\" \/>\n<meta name=\"twitter:site\" content=\"@TheFreeAgentFR\" \/>\n<meta name=\"twitter:label1\" content=\"\u00c9crit par\" \/>\n\t<meta name=\"twitter:data1\" content=\"Charles Taudin\" \/>\n\t<meta name=\"twitter:label2\" content=\"Dur\u00e9e de lecture estim\u00e9e\" \/>\n\t<meta name=\"twitter:data2\" content=\"2 minutes\" \/>\n<script type=\"application\/ld+json\" class=\"yoast-schema-graph\">{\"@context\":\"https:\/\/schema.org\",\"@graph\":[{\"@type\":\"WebPage\",\"@id\":\"https:\/\/theplayoffs.news\/fr\/actualite-nba\/le-jazz-dutah-confronte-au-defi-de-la-blessure-de-walker-kessler\/\",\"url\":\"https:\/\/theplayoffs.news\/fr\/actualite-nba\/le-jazz-dutah-confronte-au-defi-de-la-blessure-de-walker-kessler\/\",\"name\":\"Le Jazz d\\\\'Utah confront\u00e9 au d\u00e9fi de la blessure de Walker Kessler - The Playoffs FR\",\"isPartOf\":{\"@id\":\"https:\/\/theplayoffs.news\/fr\/#website\"},\"primaryImageOfPage\":{\"@id\":\"https:\/\/theplayoffs.news\/fr\/actualite-nba\/le-jazz-dutah-confronte-au-defi-de-la-blessure-de-walker-kessler\/#primaryimage\"},\"image\":{\"@id\":\"https:\/\/theplayoffs.news\/fr\/actualite-nba\/le-jazz-dutah-confronte-au-defi-de-la-blessure-de-walker-kessler\/#primaryimage\"},\"thumbnailUrl\":\"https:\/\/theplayoffs.news\/fr\/wp-content\/uploads\/2023\/11\/USATSI_21794826.jpg\",\"datePublished\":\"2023-11-09T18:13:26+00:00\",\"dateModified\":\"2023-11-09T18:13:27+00:00\",\"author\":{\"@id\":\"https:\/\/theplayoffs.news\/fr\/#\/schema\/person\/eee5b69ad5d3c51cabe881c839dbe133\"},\"breadcrumb\":{\"@id\":\"https:\/\/theplayoffs.news\/fr\/actualite-nba\/le-jazz-dutah-confronte-au-defi-de-la-blessure-de-walker-kessler\/#breadcrumb\"},\"inLanguage\":\"fr-FR\",\"potentialAction\":[{\"@type\":\"ReadAction\",\"target\":[\"https:\/\/theplayoffs.news\/fr\/actualite-nba\/le-jazz-dutah-confronte-au-defi-de-la-blessure-de-walker-kessler\/\"]}]},{\"@type\":\"ImageObject\",\"inLanguage\":\"fr-FR\",\"@id\":\"https:\/\/theplayoffs.news\/fr\/actualite-nba\/le-jazz-dutah-confronte-au-defi-de-la-blessure-de-walker-kessler\/#primaryimage\",\"url\":\"https:\/\/theplayoffs.news\/fr\/wp-content\/uploads\/2023\/11\/USATSI_21794826.jpg\",\"contentUrl\":\"https:\/\/theplayoffs.news\/fr\/wp-content\/uploads\/2023\/11\/USATSI_21794826.jpg\",\"width\":1920,\"height\":1280,\"caption\":\"Nov 1, 2023; Salt Lake City, Utah, USA; Utah Jazz center Walker Kessler (24) posts up against Memphis Grizzlies forward David Roddy (21) in the third quarter at Delta Center. Mandatory Credit: Rob Gray-USA TODAY Sports\"},{\"@type\":\"BreadcrumbList\",\"@id\":\"https:\/\/theplayoffs.news\/fr\/actualite-nba\/le-jazz-dutah-confronte-au-defi-de-la-blessure-de-walker-kessler\/#breadcrumb\",\"itemListElement\":[{\"@type\":\"ListItem\",\"position\":1,\"name\":\"Accueil\",\"item\":\"https:\/\/theplayoffs.news\/fr\/\"},{\"@type\":\"ListItem\",\"position\":2,\"name\":\"Le Jazz d&rsquo;Utah confront\u00e9 au d\u00e9fi de la blessure de Walker Kessler\"}]},{\"@type\":\"WebSite\",\"@id\":\"https:\/\/theplayoffs.news\/fr\/#website\",\"url\":\"https:\/\/theplayoffs.news\/fr\/\",\"name\":\"The Playoffs FR\",\"description\":\"NBA-NFL-NHL-MLB\",\"potentialAction\":[{\"@type\":\"SearchAction\",\"target\":{\"@type\":\"EntryPoint\",\"urlTemplate\":\"https:\/\/theplayoffs.news\/fr\/?s={search_term_string}\"},\"query-input\":{\"@type\":\"PropertyValueSpecification\",\"valueRequired\":true,\"valueName\":\"search_term_string\"}}],\"inLanguage\":\"fr-FR\"},{\"@type\":\"Person\",\"@id\":\"https:\/\/theplayoffs.news\/fr\/#\/schema\/person\/eee5b69ad5d3c51cabe881c839dbe133\",\"name\":\"Charles Taudin\",\"image\":{\"@type\":\"ImageObject\",\"inLanguage\":\"fr-FR\",\"@id\":\"https:\/\/theplayoffs.news\/fr\/#\/schema\/person\/image\/\",\"url\":\"https:\/\/secure.gravatar.com\/avatar\/59a1e772205ce9fd255edfcafc93013736822e20261f294c5753b20c41ede9f2?s=96&d=mm&r=g\",\"contentUrl\":\"https:\/\/secure.gravatar.com\/avatar\/59a1e772205ce9fd255edfcafc93013736822e20261f294c5753b20c41ede9f2?s=96&d=mm&r=g\",\"caption\":\"Charles Taudin\"},\"description\":\"R\u00e9dacteur en chef global de The Playoffs, j\u2019ai cr\u00e9\u00e9 The Free Agent, devenu The Playoffs FR, en 2020 durant la pand\u00e9mie. Amoureux depuis des ann\u00e9es des 4 sports majeurs am\u00e9ricains, j\u2019organise maintenant la strat\u00e9gie \u00e9ditoriale et les r\u00e9seaux sociaux de l\u2019ensemble des versions de The Playoffs. Il m\u2019arrive encore d\u2019\u00e9crire sur certains sports que j\u2019affectionne particuli\u00e8rement comme la NFL ou la MLB. Si vous devez retenir qu\u2019une chose : Eli Manning est le vrai GOAT pour avoir battu deux fois Tom Brady.\",\"sameAs\":[\"https:\/\/www.instagram.com\/ctaudin_\/\"],\"url\":\"https:\/\/theplayoffs.news\/fr\/author\/charles-taudin\/\"}]}<\/script>\n<!-- \/ Yoast SEO plugin. -->","yoast_head_json":{"title":"Le Jazz d&#039;Utah confront&eacute; au d&eacute;fi de la blessure de Walker Kessler - The Playoffs FR","robots":{"index":"index","follow":"follow","max-snippet":"max-snippet:-1","max-image-preview":"max-image-preview:large","max-video-preview":"max-video-preview:-1"},"canonical":"https:\/\/theplayoffs.news\/fr\/actualite-nba\/le-jazz-dutah-confronte-au-defi-de-la-blessure-de-walker-kessler\/","og_locale":"fr_FR","og_type":"article","og_title":"Le Jazz d&#039;Utah confront&eacute; au d&eacute;fi de la blessure de Walker Kessler - The Playoffs FR","og_url":"https:\/\/theplayoffs.news\/fr\/actualite-nba\/le-jazz-dutah-confronte-au-defi-de-la-blessure-de-walker-kessler\/","og_site_name":"The Playoffs FR","article_publisher":"https:\/\/www.facebook.com\/TheFreeAgentFR\/","article_modified_time":"2023-11-09T18:13:27+00:00","og_image":[{"width":1920,"height":1280,"url":"https:\/\/theplayoffs.news\/fr\/wp-content\/uploads\/2023\/11\/USATSI_21794826.jpg","type":"image\/jpeg"}],"author":"Charles Taudin","twitter_card":"summary_large_image","twitter_creator":"@TheFreeAgentFR","twitter_site":"@TheFreeAgentFR","twitter_misc":{"\u00c9crit par":"Charles Taudin","Dur\u00e9e de lecture estim\u00e9e":"2 minutes"},"schema":{"@context":"https:\/\/schema.org","@graph":[{"@type":"WebPage","@id":"https:\/\/theplayoffs.news\/fr\/actualite-nba\/le-jazz-dutah-confronte-au-defi-de-la-blessure-de-walker-kessler\/","url":"https:\/\/theplayoffs.news\/fr\/actualite-nba\/le-jazz-dutah-confronte-au-defi-de-la-blessure-de-walker-kessler\/","name":"Le Jazz d\\'Utah confront\u00e9 au d\u00e9fi de la blessure de Walker Kessler - The Playoffs FR","isPartOf":{"@id":"https:\/\/theplayoffs.news\/fr\/#website"},"primaryImageOfPage":{"@id":"https:\/\/theplayoffs.news\/fr\/actualite-nba\/le-jazz-dutah-confronte-au-defi-de-la-blessure-de-walker-kessler\/#primaryimage"},"image":{"@id":"https:\/\/theplayoffs.news\/fr\/actualite-nba\/le-jazz-dutah-confronte-au-defi-de-la-blessure-de-walker-kessler\/#primaryimage"},"thumbnailUrl":"https:\/\/theplayoffs.news\/fr\/wp-content\/uploads\/2023\/11\/USATSI_21794826.jpg","datePublished":"2023-11-09T18:13:26+00:00","dateModified":"2023-11-09T18:13:27+00:00","author":{"@id":"https:\/\/theplayoffs.news\/fr\/#\/schema\/person\/eee5b69ad5d3c51cabe881c839dbe133"},"breadcrumb":{"@id":"https:\/\/theplayoffs.news\/fr\/actualite-nba\/le-jazz-dutah-confronte-au-defi-de-la-blessure-de-walker-kessler\/#breadcrumb"},"inLanguage":"fr-FR","potentialAction":[{"@type":"ReadAction","target":["https:\/\/theplayoffs.news\/fr\/actualite-nba\/le-jazz-dutah-confronte-au-defi-de-la-blessure-de-walker-kessler\/"]}]},{"@type":"ImageObject","inLanguage":"fr-FR","@id":"https:\/\/theplayoffs.news\/fr\/actualite-nba\/le-jazz-dutah-confronte-au-defi-de-la-blessure-de-walker-kessler\/#primaryimage","url":"https:\/\/theplayoffs.news\/fr\/wp-content\/uploads\/2023\/11\/USATSI_21794826.jpg","contentUrl":"https:\/\/theplayoffs.news\/fr\/wp-content\/uploads\/2023\/11\/USATSI_21794826.jpg","width":1920,"height":1280,"caption":"Nov 1, 2023; Salt Lake City, Utah, USA; Utah Jazz center Walker Kessler (24) posts up against Memphis Grizzlies forward David Roddy (21) in the third quarter at Delta Center. Mandatory Credit: Rob Gray-USA TODAY Sports"},{"@type":"BreadcrumbList","@id":"https:\/\/theplayoffs.news\/fr\/actualite-nba\/le-jazz-dutah-confronte-au-defi-de-la-blessure-de-walker-kessler\/#breadcrumb","itemListElement":[{"@type":"ListItem","position":1,"name":"Accueil","item":"https:\/\/theplayoffs.news\/fr\/"},{"@type":"ListItem","position":2,"name":"Le Jazz d&rsquo;Utah confront\u00e9 au d\u00e9fi de la blessure de Walker Kessler"}]},{"@type":"WebSite","@id":"https:\/\/theplayoffs.news\/fr\/#website","url":"https:\/\/theplayoffs.news\/fr\/","name":"The Playoffs FR","description":"NBA-NFL-NHL-MLB","potentialAction":[{"@type":"SearchAction","target":{"@type":"EntryPoint","urlTemplate":"https:\/\/theplayoffs.news\/fr\/?s={search_term_string}"},"query-input":{"@type":"PropertyValueSpecification","valueRequired":true,"valueName":"search_term_string"}}],"inLanguage":"fr-FR"},{"@type":"Person","@id":"https:\/\/theplayoffs.news\/fr\/#\/schema\/person\/eee5b69ad5d3c51cabe881c839dbe133","name":"Charles Taudin","image":{"@type":"ImageObject","inLanguage":"fr-FR","@id":"https:\/\/theplayoffs.news\/fr\/#\/schema\/person\/image\/","url":"https:\/\/secure.gravatar.com\/avatar\/59a1e772205ce9fd255edfcafc93013736822e20261f294c5753b20c41ede9f2?s=96&d=mm&r=g","contentUrl":"https:\/\/secure.gravatar.com\/avatar\/59a1e772205ce9fd255edfcafc93013736822e20261f294c5753b20c41ede9f2?s=96&d=mm&r=g","caption":"Charles Taudin"},"description":"R\u00e9dacteur en chef global de The Playoffs, j\u2019ai cr\u00e9\u00e9 The Free Agent, devenu The Playoffs FR, en 2020 durant la pand\u00e9mie. Amoureux depuis des ann\u00e9es des 4 sports majeurs am\u00e9ricains, j\u2019organise maintenant la strat\u00e9gie \u00e9ditoriale et les r\u00e9seaux sociaux de l\u2019ensemble des versions de The Playoffs. Il m\u2019arrive encore d\u2019\u00e9crire sur certains sports que j\u2019affectionne particuli\u00e8rement comme la NFL ou la MLB. Si vous devez retenir qu\u2019une chose : Eli Manning est le vrai GOAT pour avoir battu deux fois Tom Brady.","sameAs":["https:\/\/www.instagram.com\/ctaudin_\/"],"url":"https:\/\/theplayoffs.news\/fr\/author\/charles-taudin\/"}]}},"_links":{"self":[{"href":"https:\/\/theplayoffs.news\/fr\/wp-json\/wp\/v2\/posts\/1063802","targetHints":{"allow":["GET"]}}],"collection":[{"href":"https:\/\/theplayoffs.news\/fr\/wp-json\/wp\/v2\/posts"}],"about":[{"href":"https:\/\/theplayoffs.news\/fr\/wp-json\/wp\/v2\/types\/post"}],"author":[{"embeddable":true,"href":"https:\/\/theplayoffs.news\/fr\/wp-json\/wp\/v2\/users\/13"}],"replies":[{"embeddable":true,"href":"https:\/\/theplayoffs.news\/fr\/wp-json\/wp\/v2\/comments?post=1063802"}],"version-history":[{"count":2,"href":"https:\/\/theplayoffs.news\/fr\/wp-json\/wp\/v2\/posts\/1063802\/revisions"}],"predecessor-version":[{"id":1063807,"href":"https:\/\/theplayoffs.news\/fr\/wp-json\/wp\/v2\/posts\/1063802\/revisions\/1063807"}],"wp:featuredmedia":[{"embeddable":true,"href":"https:\/\/theplayoffs.news\/fr\/wp-json\/wp\/v2\/media\/1063804"}],"wp:attachment":[{"href":"https:\/\/theplayoffs.news\/fr\/wp-json\/wp\/v2\/media?parent=1063802"}],"wp:term":[{"taxonomy":"category","embeddable":true,"href":"https:\/\/theplayoffs.news\/fr\/wp-json\/wp\/v2\/categories?post=1063802"},{"taxonomy":"post_tag","embeddable":true,"href":"https:\/\/theplayoffs.news\/fr\/wp-json\/wp\/v2\/tags?post=1063802"},{"taxonomy":"sport","embeddable":true,"href":"https:\/\/theplayoffs.news\/fr\/wp-json\/wp\/v2\/sport?post=1063802"},{"taxonomy":"saison","embeddable":true,"href":"https:\/\/theplayoffs.news\/fr\/wp-json\/wp\/v2\/saison?post=1063802"}],"curies":[{"name":"wp","href":"https:\/\/api.w.org\/{rel}","templated":true}]}}