{"id":1060926,"date":"2023-11-09T06:32:35","date_gmt":"2023-11-09T05:32:35","guid":{"rendered":"https:\/\/theplayoffs.news\/fr\/?p=1060926"},"modified":"2023-11-09T06:35:43","modified_gmt":"2023-11-09T05:35:43","slug":"victor-wembanyama-perd-au-garden","status":"publish","type":"post","link":"https:\/\/theplayoffs.news\/fr\/actualite-nba\/victor-wembanyama-perd-au-garden\/","title":{"rendered":"Victor Wembanyama passe \u00e0 cot\u00e9 de son match au Garden"},"content":{"rendered":"<h2><span id=\"p189\">Alors que tout le monde attendait les d&eacute;buts de Victor&nbsp;<span id=\"202\">Wembanyama<\/span>&nbsp;au Madison Square&nbsp;<span id=\"203\">Garden<\/span>.<\/span><span id=\"p190\">&nbsp;Il a sombr&eacute; comme toute son &eacute;quipe.<\/span><\/h2><p>&nbsp;<\/p><p><span id=\"p192\">Pour la deuxi&egrave;me fois cons&eacute;cutive les&nbsp;<span id=\"204\">San Antonio<\/span>&nbsp;Spurs sombrent et <a href=\"https:\/\/www.statmuse.com\/nba\/player\/victor-wembanyama-30249\" class=\"trk-cta-link\" data-cta-trk='{\"ctaType\":\"Link\",\"ctaSubType\":\"main\"}'>Victor&nbsp;<span id=\"205\">Wembanyama<\/span><\/a>&nbsp;est en difficult&eacute; face&nbsp;<span id=\"206\">aux<\/span>&nbsp;New York&nbsp;<span id=\"207\">Knicks<\/span>. <\/span><span id=\"p193\"><\/span><span id=\"p194\">Les <span id=\"208\" class=\"s-rg-t\">Knicks<\/span> b&eacute;n&eacute;ficient d&rsquo;une grande adresse &agrave; trois points avec 19 sur 42, soit 45&eacute;% et une d&eacute;fense des spurs trop lache au large.<\/span><\/p><p>&nbsp;<\/p><p>\n<div id=\"attachment_1060929\" style=\"width: 834px\" class=\"wp-caption alignnone\"><img loading=\"lazy\" decoding=\"async\" aria-describedby=\"caption-attachment-1060929\" class=\"size-large wp-image-1060929\" src=\"https:\/\/theplayoffs.news\/fr\/wp-content\/uploads\/2023\/11\/USATSI_21850553_168402440_lowres-824x1030.jpg\" alt=\"\" width=\"824\" height=\"1030\" srcset=\"https:\/\/theplayoffs.news\/fr\/wp-content\/uploads\/2023\/11\/USATSI_21850553_168402440_lowres-824x1030.jpg 824w, https:\/\/theplayoffs.news\/fr\/wp-content\/uploads\/2023\/11\/USATSI_21850553_168402440_lowres-240x300.jpg 240w, https:\/\/theplayoffs.news\/fr\/wp-content\/uploads\/2023\/11\/USATSI_21850553_168402440_lowres-768x960.jpg 768w, https:\/\/theplayoffs.news\/fr\/wp-content\/uploads\/2023\/11\/USATSI_21850553_168402440_lowres-1229x1536.jpg 1229w, https:\/\/theplayoffs.news\/fr\/wp-content\/uploads\/2023\/11\/USATSI_21850553_168402440_lowres-1200x1500.jpg 1200w, https:\/\/theplayoffs.news\/fr\/wp-content\/uploads\/2023\/11\/USATSI_21850553_168402440_lowres-564x705.jpg 564w, https:\/\/theplayoffs.news\/fr\/wp-content\/uploads\/2023\/11\/USATSI_21850553_168402440_lowres-1320x1650.jpg 1320w, https:\/\/theplayoffs.news\/fr\/wp-content\/uploads\/2023\/11\/USATSI_21850553_168402440_lowres.jpg 1436w\" sizes=\"auto, (max-width: 824px) 100vw, 824px\" \/><p id=\"caption-attachment-1060929\" class=\"wp-caption-text\">Mandatory Credit: Brad Penner-USA TODAY Sports<\/p><\/div>\n<\/p><p>&nbsp;<\/p><p><span id=\"p225\">Les statistiques sont l&agrave;, d&eacute;faite 126 &agrave; 105 et un premier panier en fin de troisi&egrave;me quart-temps avec une adresse catastrophique en premi&egrave;re mi-temps de 0 sur 5 au tir.<\/span><span id=\"p226\">&nbsp;La seconde mi-temps et l&rsquo;&eacute;tat d&rsquo;esprit sont l&agrave;.<\/span><\/p><p><span id=\"p227\">Il finit avec 14 points &agrave; 4 sur 14 au tir, 9 rebonds, 2 passes, un contre et trois pertes de balles.<\/span><\/p><p><span id=\"p228\">De match, il n&rsquo;y en a pas eu ou presque avec un 13 &agrave; 0 conc&eacute;d&eacute; d&rsquo;entr&eacute;e de match et un&nbsp;<span id=\"229\">Wembanyama<\/span>&nbsp;qui prend les trois premiers tirs pour trois &eacute;checs.<\/span><\/p><p>\n<div id=\"attachment_1060930\" style=\"width: 1040px\" class=\"wp-caption alignnone\"><img loading=\"lazy\" decoding=\"async\" aria-describedby=\"caption-attachment-1060930\" class=\"size-large wp-image-1060930\" src=\"https:\/\/theplayoffs.news\/fr\/wp-content\/uploads\/2023\/11\/USATSI_21851695_168402440_lowres-1030x687.jpg\" alt=\"\" width=\"1030\" height=\"687\" srcset=\"https:\/\/theplayoffs.news\/fr\/wp-content\/uploads\/2023\/11\/USATSI_21851695_168402440_lowres-1030x687.jpg 1030w, https:\/\/theplayoffs.news\/fr\/wp-content\/uploads\/2023\/11\/USATSI_21851695_168402440_lowres-300x200.jpg 300w, https:\/\/theplayoffs.news\/fr\/wp-content\/uploads\/2023\/11\/USATSI_21851695_168402440_lowres-768x512.jpg 768w, https:\/\/theplayoffs.news\/fr\/wp-content\/uploads\/2023\/11\/USATSI_21851695_168402440_lowres-1536x1024.jpg 1536w, https:\/\/theplayoffs.news\/fr\/wp-content\/uploads\/2023\/11\/USATSI_21851695_168402440_lowres-1500x1000.jpg 1500w, https:\/\/theplayoffs.news\/fr\/wp-content\/uploads\/2023\/11\/USATSI_21851695_168402440_lowres-705x470.jpg 705w, https:\/\/theplayoffs.news\/fr\/wp-content\/uploads\/2023\/11\/USATSI_21851695_168402440_lowres-1320x880.jpg 1320w, https:\/\/theplayoffs.news\/fr\/wp-content\/uploads\/2023\/11\/USATSI_21851695_168402440_lowres.jpg 1740w\" sizes=\"auto, (max-width: 1030px) 100vw, 1030px\" \/><p id=\"caption-attachment-1060930\" class=\"wp-caption-text\">Mandatory Credit: Brad Penner-USA TODAY Sports<\/p><\/div>\n<\/p><p>&nbsp;<\/p><p><span id=\"p221\">Victor Wembanyama et l&rsquo;&eacute;quipe apprennent doucement, mais durement la loi de la NBA.<\/span><span id=\"p199\">&nbsp;Deux victoires convaincantes contre les Phoenix&nbsp;<span id=\"212\" class=\"s-rg-t\">Suns<\/span> et tros grosses d&eacute;faites contre Toronto, Indiana et donc les <span id=\"213\" class=\"s-rg-t\">Knicks<\/span> ce&nbsp;soir.&nbsp;<\/span><span id=\"p200\">La d&eacute;fense des&nbsp;<span id=\"215\" class=\"s-rg-t\">Spurs<\/span> est l&rsquo;avant-derni&egrave;re&nbsp;en nombre de points conc&eacute;d&eacute; avec plus de 123 points conc&eacute;d&eacute;s pour la troisi&egrave;me fois cons&eacute;cutive.<\/span><\/p><p><span id=\"p201\">La reconstruction des&nbsp;<a href=\"https:\/\/theplayoffs.news\/fr\/equipe\/san-antonio-spurs-nba\/\" class=\"trk-cta-link\" data-cta-trk='{\"ctaType\":\"Link\",\"ctaSubType\":\"main\"}'><span id=\"217\">San Antonio<\/span>&nbsp;Spurs<\/a> est un long chemin.<\/span><\/p><p>Et voici en comparaison les statistiques les d&eacute;buts des autres rookies<\/p><p><img decoding=\"async\" src=\"https:\/\/cdn.discordapp.com\/attachments\/760861170034540575\/1171999116839104533\/FB_IMG_1699496748703.jpg\"><\/p><p><img decoding=\"async\" src=\"https:\/\/cdn.discordapp.com\/attachments\/760861170034540575\/1171999118944645214\/FB_IMG_1699496731164.jpg\"><\/p><p><img decoding=\"async\" src=\"https:\/\/cdn.discordapp.com\/attachments\/760861170034540575\/1171999118516818010\/FB_IMG_1699496735426.jpg\"><\/p><p>&nbsp;<\/p>\n","protected":false},"excerpt":{"rendered":"","protected":false},"author":180309821,"featured_media":1060932,"comment_status":"open","ping_status":"closed","sticky":false,"template":"","format":"standard","meta":{"inline_featured_image":false,"kia_subtitle":"","_mux_skip_reasons":[],"proofreadBy":0,"footnotes":""},"categories":[110,10],"tags":[131,1194],"sport":[2783],"saison":[3453],"class_list":["post-1060926","post","type-post","status-publish","format-standard","has-post-thumbnail","hentry","category-actualite-nba","category-nba","tag-san-antonio-spurs","tag-victor-wembanyama","sport-nba","saison-3453"],"acf":[],"yoast_head":"<!-- This site is optimized with the Yoast SEO plugin v24.2 - https:\/\/yoast.com\/wordpress\/plugins\/seo\/ -->\n<title>Victor Wembanyama passe &agrave; cot&eacute; de son match au Garden - The Playoffs FR<\/title>\n<meta name=\"robots\" content=\"index, follow, max-snippet:-1, max-image-preview:large, max-video-preview:-1\" \/>\n<link rel=\"canonical\" href=\"https:\/\/theplayoffs.news\/fr\/actualite-nba\/victor-wembanyama-perd-au-garden\/\" \/>\n<meta property=\"og:locale\" content=\"fr_FR\" \/>\n<meta property=\"og:type\" content=\"article\" \/>\n<meta property=\"og:title\" content=\"Victor Wembanyama passe &agrave; cot&eacute; de son match au Garden - The Playoffs FR\" \/>\n<meta property=\"og:url\" content=\"https:\/\/theplayoffs.news\/fr\/actualite-nba\/victor-wembanyama-perd-au-garden\/\" \/>\n<meta property=\"og:site_name\" content=\"The Playoffs FR\" \/>\n<meta property=\"article:publisher\" content=\"https:\/\/www.facebook.com\/TheFreeAgentFR\/\" \/>\n<meta property=\"article:modified_time\" content=\"2023-11-09T06:35:43+01:00\" \/>\n<meta property=\"og:image\" content=\"https:\/\/theplayoffs.news\/fr\/wp-content\/uploads\/2023\/11\/USATSI_21850619_168402440_lowres.jpg\" \/>\n\t<meta property=\"og:image:width\" content=\"1695\" \/>\n\t<meta property=\"og:image:height\" content=\"1130\" \/>\n\t<meta property=\"og:image:type\" content=\"image\/jpeg\" \/>\n<meta name=\"author\" content=\"Maxime Le Gorjus\" \/>\n<meta name=\"twitter:card\" content=\"summary_large_image\" \/>\n<meta name=\"twitter:creator\" content=\"@TheFreeAgentFR\" \/>\n<meta name=\"twitter:site\" content=\"@TheFreeAgentFR\" \/>\n<meta name=\"twitter:label1\" content=\"\u00c9crit par\" \/>\n\t<meta name=\"twitter:data1\" content=\"Maxime Le Gorjus\" \/>\n\t<meta name=\"twitter:label2\" content=\"Dur\u00e9e de lecture estim\u00e9e\" \/>\n\t<meta name=\"twitter:data2\" content=\"1 minute\" \/>\n<script type=\"application\/ld+json\" class=\"yoast-schema-graph\">{\"@context\":\"https:\/\/schema.org\",\"@graph\":[{\"@type\":\"WebPage\",\"@id\":\"https:\/\/theplayoffs.news\/fr\/actualite-nba\/victor-wembanyama-perd-au-garden\/\",\"url\":\"https:\/\/theplayoffs.news\/fr\/actualite-nba\/victor-wembanyama-perd-au-garden\/\",\"name\":\"Victor Wembanyama passe \u00e0 cot\u00e9 de son match au Garden - The Playoffs FR\",\"isPartOf\":{\"@id\":\"https:\/\/theplayoffs.news\/fr\/#website\"},\"primaryImageOfPage\":{\"@id\":\"https:\/\/theplayoffs.news\/fr\/actualite-nba\/victor-wembanyama-perd-au-garden\/#primaryimage\"},\"image\":{\"@id\":\"https:\/\/theplayoffs.news\/fr\/actualite-nba\/victor-wembanyama-perd-au-garden\/#primaryimage\"},\"thumbnailUrl\":\"https:\/\/theplayoffs.news\/fr\/wp-content\/uploads\/2023\/11\/USATSI_21850619_168402440_lowres.jpg\",\"datePublished\":\"2023-11-09T05:32:35+00:00\",\"dateModified\":\"2023-11-09T05:35:43+00:00\",\"author\":{\"@id\":\"https:\/\/theplayoffs.news\/fr\/#\/schema\/person\/e71dc12410195fc77183dda929d3a10c\"},\"breadcrumb\":{\"@id\":\"https:\/\/theplayoffs.news\/fr\/actualite-nba\/victor-wembanyama-perd-au-garden\/#breadcrumb\"},\"inLanguage\":\"fr-FR\",\"potentialAction\":[{\"@type\":\"ReadAction\",\"target\":[\"https:\/\/theplayoffs.news\/fr\/actualite-nba\/victor-wembanyama-perd-au-garden\/\"]}]},{\"@type\":\"ImageObject\",\"inLanguage\":\"fr-FR\",\"@id\":\"https:\/\/theplayoffs.news\/fr\/actualite-nba\/victor-wembanyama-perd-au-garden\/#primaryimage\",\"url\":\"https:\/\/theplayoffs.news\/fr\/wp-content\/uploads\/2023\/11\/USATSI_21850619_168402440_lowres.jpg\",\"contentUrl\":\"https:\/\/theplayoffs.news\/fr\/wp-content\/uploads\/2023\/11\/USATSI_21850619_168402440_lowres.jpg\",\"width\":1695,\"height\":1130,\"caption\":\"Mandatory Credit: Brad Penner-USA TODAY Sports\"},{\"@type\":\"BreadcrumbList\",\"@id\":\"https:\/\/theplayoffs.news\/fr\/actualite-nba\/victor-wembanyama-perd-au-garden\/#breadcrumb\",\"itemListElement\":[{\"@type\":\"ListItem\",\"position\":1,\"name\":\"Accueil\",\"item\":\"https:\/\/theplayoffs.news\/fr\/\"},{\"@type\":\"ListItem\",\"position\":2,\"name\":\"Victor Wembanyama passe \u00e0 cot\u00e9 de son match au Garden\"}]},{\"@type\":\"WebSite\",\"@id\":\"https:\/\/theplayoffs.news\/fr\/#website\",\"url\":\"https:\/\/theplayoffs.news\/fr\/\",\"name\":\"The Playoffs FR\",\"description\":\"NBA-NFL-NHL-MLB\",\"potentialAction\":[{\"@type\":\"SearchAction\",\"target\":{\"@type\":\"EntryPoint\",\"urlTemplate\":\"https:\/\/theplayoffs.news\/fr\/?s={search_term_string}\"},\"query-input\":{\"@type\":\"PropertyValueSpecification\",\"valueRequired\":true,\"valueName\":\"search_term_string\"}}],\"inLanguage\":\"fr-FR\"},{\"@type\":\"Person\",\"@id\":\"https:\/\/theplayoffs.news\/fr\/#\/schema\/person\/e71dc12410195fc77183dda929d3a10c\",\"name\":\"Maxime Le Gorjus\",\"image\":{\"@type\":\"ImageObject\",\"inLanguage\":\"fr-FR\",\"@id\":\"https:\/\/theplayoffs.news\/fr\/#\/schema\/person\/image\/\",\"url\":\"https:\/\/secure.gravatar.com\/avatar\/e9d907366de9735d771ce06fa32e62740f99d507b84a46e08ed7e5e05c120b42?s=96&d=mm&r=g\",\"contentUrl\":\"https:\/\/secure.gravatar.com\/avatar\/e9d907366de9735d771ce06fa32e62740f99d507b84a46e08ed7e5e05c120b42?s=96&d=mm&r=g\",\"caption\":\"Maxime Le Gorjus\"},\"url\":\"https:\/\/theplayoffs.news\/fr\/author\/maximelegorjus\/\"}]}<\/script>\n<!-- \/ Yoast SEO plugin. -->","yoast_head_json":{"title":"Victor Wembanyama passe &agrave; cot&eacute; de son match au Garden - The Playoffs FR","robots":{"index":"index","follow":"follow","max-snippet":"max-snippet:-1","max-image-preview":"max-image-preview:large","max-video-preview":"max-video-preview:-1"},"canonical":"https:\/\/theplayoffs.news\/fr\/actualite-nba\/victor-wembanyama-perd-au-garden\/","og_locale":"fr_FR","og_type":"article","og_title":"Victor Wembanyama passe &agrave; cot&eacute; de son match au Garden - The Playoffs FR","og_url":"https:\/\/theplayoffs.news\/fr\/actualite-nba\/victor-wembanyama-perd-au-garden\/","og_site_name":"The Playoffs FR","article_publisher":"https:\/\/www.facebook.com\/TheFreeAgentFR\/","article_modified_time":"2023-11-09T05:35:43+00:00","og_image":[{"width":1695,"height":1130,"url":"https:\/\/theplayoffs.news\/fr\/wp-content\/uploads\/2023\/11\/USATSI_21850619_168402440_lowres.jpg","type":"image\/jpeg"}],"author":"Maxime Le Gorjus","twitter_card":"summary_large_image","twitter_creator":"@TheFreeAgentFR","twitter_site":"@TheFreeAgentFR","twitter_misc":{"\u00c9crit par":"Maxime Le Gorjus","Dur\u00e9e de lecture estim\u00e9e":"1 minute"},"schema":{"@context":"https:\/\/schema.org","@graph":[{"@type":"WebPage","@id":"https:\/\/theplayoffs.news\/fr\/actualite-nba\/victor-wembanyama-perd-au-garden\/","url":"https:\/\/theplayoffs.news\/fr\/actualite-nba\/victor-wembanyama-perd-au-garden\/","name":"Victor Wembanyama passe \u00e0 cot\u00e9 de son match au Garden - The Playoffs FR","isPartOf":{"@id":"https:\/\/theplayoffs.news\/fr\/#website"},"primaryImageOfPage":{"@id":"https:\/\/theplayoffs.news\/fr\/actualite-nba\/victor-wembanyama-perd-au-garden\/#primaryimage"},"image":{"@id":"https:\/\/theplayoffs.news\/fr\/actualite-nba\/victor-wembanyama-perd-au-garden\/#primaryimage"},"thumbnailUrl":"https:\/\/theplayoffs.news\/fr\/wp-content\/uploads\/2023\/11\/USATSI_21850619_168402440_lowres.jpg","datePublished":"2023-11-09T05:32:35+00:00","dateModified":"2023-11-09T05:35:43+00:00","author":{"@id":"https:\/\/theplayoffs.news\/fr\/#\/schema\/person\/e71dc12410195fc77183dda929d3a10c"},"breadcrumb":{"@id":"https:\/\/theplayoffs.news\/fr\/actualite-nba\/victor-wembanyama-perd-au-garden\/#breadcrumb"},"inLanguage":"fr-FR","potentialAction":[{"@type":"ReadAction","target":["https:\/\/theplayoffs.news\/fr\/actualite-nba\/victor-wembanyama-perd-au-garden\/"]}]},{"@type":"ImageObject","inLanguage":"fr-FR","@id":"https:\/\/theplayoffs.news\/fr\/actualite-nba\/victor-wembanyama-perd-au-garden\/#primaryimage","url":"https:\/\/theplayoffs.news\/fr\/wp-content\/uploads\/2023\/11\/USATSI_21850619_168402440_lowres.jpg","contentUrl":"https:\/\/theplayoffs.news\/fr\/wp-content\/uploads\/2023\/11\/USATSI_21850619_168402440_lowres.jpg","width":1695,"height":1130,"caption":"Mandatory Credit: Brad Penner-USA TODAY Sports"},{"@type":"BreadcrumbList","@id":"https:\/\/theplayoffs.news\/fr\/actualite-nba\/victor-wembanyama-perd-au-garden\/#breadcrumb","itemListElement":[{"@type":"ListItem","position":1,"name":"Accueil","item":"https:\/\/theplayoffs.news\/fr\/"},{"@type":"ListItem","position":2,"name":"Victor Wembanyama passe \u00e0 cot\u00e9 de son match au Garden"}]},{"@type":"WebSite","@id":"https:\/\/theplayoffs.news\/fr\/#website","url":"https:\/\/theplayoffs.news\/fr\/","name":"The Playoffs FR","description":"NBA-NFL-NHL-MLB","potentialAction":[{"@type":"SearchAction","target":{"@type":"EntryPoint","urlTemplate":"https:\/\/theplayoffs.news\/fr\/?s={search_term_string}"},"query-input":{"@type":"PropertyValueSpecification","valueRequired":true,"valueName":"search_term_string"}}],"inLanguage":"fr-FR"},{"@type":"Person","@id":"https:\/\/theplayoffs.news\/fr\/#\/schema\/person\/e71dc12410195fc77183dda929d3a10c","name":"Maxime Le Gorjus","image":{"@type":"ImageObject","inLanguage":"fr-FR","@id":"https:\/\/theplayoffs.news\/fr\/#\/schema\/person\/image\/","url":"https:\/\/secure.gravatar.com\/avatar\/e9d907366de9735d771ce06fa32e62740f99d507b84a46e08ed7e5e05c120b42?s=96&d=mm&r=g","contentUrl":"https:\/\/secure.gravatar.com\/avatar\/e9d907366de9735d771ce06fa32e62740f99d507b84a46e08ed7e5e05c120b42?s=96&d=mm&r=g","caption":"Maxime Le Gorjus"},"url":"https:\/\/theplayoffs.news\/fr\/author\/maximelegorjus\/"}]}},"_links":{"self":[{"href":"https:\/\/theplayoffs.news\/fr\/wp-json\/wp\/v2\/posts\/1060926","targetHints":{"allow":["GET"]}}],"collection":[{"href":"https:\/\/theplayoffs.news\/fr\/wp-json\/wp\/v2\/posts"}],"about":[{"href":"https:\/\/theplayoffs.news\/fr\/wp-json\/wp\/v2\/types\/post"}],"author":[{"embeddable":true,"href":"https:\/\/theplayoffs.news\/fr\/wp-json\/wp\/v2\/users\/180309821"}],"replies":[{"embeddable":true,"href":"https:\/\/theplayoffs.news\/fr\/wp-json\/wp\/v2\/comments?post=1060926"}],"version-history":[{"count":6,"href":"https:\/\/theplayoffs.news\/fr\/wp-json\/wp\/v2\/posts\/1060926\/revisions"}],"predecessor-version":[{"id":1061330,"href":"https:\/\/theplayoffs.news\/fr\/wp-json\/wp\/v2\/posts\/1060926\/revisions\/1061330"}],"wp:featuredmedia":[{"embeddable":true,"href":"https:\/\/theplayoffs.news\/fr\/wp-json\/wp\/v2\/media\/1060932"}],"wp:attachment":[{"href":"https:\/\/theplayoffs.news\/fr\/wp-json\/wp\/v2\/media?parent=1060926"}],"wp:term":[{"taxonomy":"category","embeddable":true,"href":"https:\/\/theplayoffs.news\/fr\/wp-json\/wp\/v2\/categories?post=1060926"},{"taxonomy":"post_tag","embeddable":true,"href":"https:\/\/theplayoffs.news\/fr\/wp-json\/wp\/v2\/tags?post=1060926"},{"taxonomy":"sport","embeddable":true,"href":"https:\/\/theplayoffs.news\/fr\/wp-json\/wp\/v2\/sport?post=1060926"},{"taxonomy":"saison","embeddable":true,"href":"https:\/\/theplayoffs.news\/fr\/wp-json\/wp\/v2\/saison?post=1060926"}],"curies":[{"name":"wp","href":"https:\/\/api.w.org\/{rel}","templated":true}]}}