{"id":1060903,"date":"2023-11-08T20:37:04","date_gmt":"2023-11-08T19:37:04","guid":{"rendered":"https:\/\/theplayoffs.news\/fr\/?p=1060903"},"modified":"2023-11-08T20:37:05","modified_gmt":"2023-11-08T19:37:05","slug":"la-nba-envisage-detendre-la-draft-sur-2-jours","status":"publish","type":"post","link":"https:\/\/theplayoffs.news\/fr\/actualite-nba\/la-nba-envisage-detendre-la-draft-sur-2-jours\/","title":{"rendered":"La NBA envisage d&rsquo;\u00e9tendre la draft sur 2 jours"},"content":{"rendered":"<h2>NBA &ndash; La NBA est en train de discuter pour transformer sa draft en un spectacle sur deux jours.<\/h2><p>Les d&eacute;lib&eacute;rations, qui ont &eacute;t&eacute; r&eacute;v&eacute;l&eacute;es &agrave; la suite d&rsquo;une rencontre avec les directeurs g&eacute;n&eacute;raux de la ligue, sugg&egrave;rent un changement important par rapport au format traditionnel d&rsquo;une seule soir&eacute;e. La proposition, telle que rapport&eacute;e par <a href=\"https:\/\/twitter.com\/ShamsCharania\/status\/1722318942553723176\" class=\"trk-cta-link\" data-cta-trk='{\"ctaType\":\"Link\",\"ctaSubType\":\"main\"}'>Shams Charania de The Athletic et Stadium<\/a>, prend de l&rsquo;ampleur parmi les dirigeants d&rsquo;&eacute;quipe qui estiment qu&rsquo;un projet prolong&eacute; am&eacute;liorerait &agrave; la fois les d&eacute;cisions strat&eacute;giques et l&rsquo;engagement des fans.<\/p><p>Le concept emprunte une page du playbook de la NFL, o&ugrave; le rep&ecirc;chage se d&eacute;roule sur trois jours.<\/p><p>La version de la NBA verrait probablement le premier tour comme un &eacute;v&eacute;nement en prime-time, les tours restants se d&eacute;roulant le lendemain. Cette restructuration vise &agrave; donner aux franchises plus de marge de man&oelig;uvre pour la prise de d&eacute;cision et les n&eacute;gociations, augmentant potentiellement la profondeur strat&eacute;gique du projet. De plus, cela amplifierait la stature du projet en tant qu&rsquo;&eacute;v&eacute;nement phare, se transformant en un ph&eacute;nom&egrave;ne m&eacute;diatique de plusieurs jours qui pourrait captiver le public avec un suspense et des discussions soutenus.<\/p><h3>Implications pour les &eacute;quipes et les prospects<\/h3><p>Ce changement potentiel soul&egrave;ve des questions sur l&rsquo;impact de la draft sur la s&eacute;lection des joueurs, en particulier sur ceux qui sont consid&eacute;r&eacute;s comme des atouts de grande valeur pour les &eacute;quipes.<\/p><p>Le format &eacute;tendu mettrait non seulement en lumi&egrave;re les choix de la loterie, mais permettrait &eacute;galement une analyse plus approfondie et une c&eacute;l&eacute;bration des s&eacute;lections du deuxi&egrave;me tour, qui passent souvent inaper&ccedil;ues dans le syst&egrave;me actuel.<\/p><p>La tendance selon laquelle les joueurs non universitaires dominent les meilleures s&eacute;lections, comme on l&rsquo;a vu lors de la draft de l&rsquo;ann&eacute;e pr&eacute;c&eacute;dente, est susceptible de se poursuivre. Ce changement souligne la diversit&eacute; croissante des sources de talents, avec des joueurs comme Victor Wembanyama et Brandon Miller illustrant les parcours internationaux et universitaires menant &agrave; la NBA.<\/p><p>&nbsp;<\/p><p>Credit: Wendell Cruz-USA TODAY Sports<\/p>\n","protected":false},"excerpt":{"rendered":"","protected":false},"author":13,"featured_media":1060904,"comment_status":"open","ping_status":"closed","sticky":false,"template":"","format":"standard","meta":{"inline_featured_image":false,"kia_subtitle":"","_mux_skip_reasons":[],"proofreadBy":0,"footnotes":""},"categories":[110,10],"tags":[1620],"sport":[],"saison":[],"class_list":["post-1060903","post","type-post","status-publish","format-standard","has-post-thumbnail","hentry","category-actualite-nba","category-nba","tag-draft-nba"],"acf":[],"yoast_head":"<!-- This site is optimized with the Yoast SEO plugin v24.2 - https:\/\/yoast.com\/wordpress\/plugins\/seo\/ -->\n<title>La NBA envisage d&#039;&eacute;tendre la draft sur 2 jours - The Playoffs FR<\/title>\n<meta name=\"robots\" content=\"index, follow, max-snippet:-1, max-image-preview:large, max-video-preview:-1\" \/>\n<link rel=\"canonical\" href=\"https:\/\/theplayoffs.news\/fr\/actualite-nba\/la-nba-envisage-detendre-la-draft-sur-2-jours\/\" \/>\n<meta property=\"og:locale\" content=\"fr_FR\" \/>\n<meta property=\"og:type\" content=\"article\" \/>\n<meta property=\"og:title\" content=\"La NBA envisage d&#039;&eacute;tendre la draft sur 2 jours - The Playoffs FR\" \/>\n<meta property=\"og:url\" content=\"https:\/\/theplayoffs.news\/fr\/actualite-nba\/la-nba-envisage-detendre-la-draft-sur-2-jours\/\" \/>\n<meta property=\"og:site_name\" content=\"The Playoffs FR\" \/>\n<meta property=\"article:publisher\" content=\"https:\/\/www.facebook.com\/TheFreeAgentFR\/\" \/>\n<meta property=\"article:modified_time\" content=\"2023-11-08T20:37:05+01:00\" \/>\n<meta property=\"og:image\" content=\"https:\/\/theplayoffs.news\/fr\/wp-content\/uploads\/2023\/11\/USATSI_20933867.jpg\" \/>\n\t<meta property=\"og:image:width\" content=\"1920\" \/>\n\t<meta property=\"og:image:height\" content=\"1280\" \/>\n\t<meta property=\"og:image:type\" content=\"image\/jpeg\" \/>\n<meta name=\"author\" content=\"Charles Taudin\" \/>\n<meta name=\"twitter:card\" content=\"summary_large_image\" \/>\n<meta name=\"twitter:creator\" content=\"@TheFreeAgentFR\" \/>\n<meta name=\"twitter:site\" content=\"@TheFreeAgentFR\" \/>\n<meta name=\"twitter:label1\" content=\"\u00c9crit par\" \/>\n\t<meta name=\"twitter:data1\" content=\"Charles Taudin\" \/>\n\t<meta name=\"twitter:label2\" content=\"Dur\u00e9e de lecture estim\u00e9e\" \/>\n\t<meta name=\"twitter:data2\" content=\"2 minutes\" \/>\n<script type=\"application\/ld+json\" class=\"yoast-schema-graph\">{\"@context\":\"https:\/\/schema.org\",\"@graph\":[{\"@type\":\"WebPage\",\"@id\":\"https:\/\/theplayoffs.news\/fr\/actualite-nba\/la-nba-envisage-detendre-la-draft-sur-2-jours\/\",\"url\":\"https:\/\/theplayoffs.news\/fr\/actualite-nba\/la-nba-envisage-detendre-la-draft-sur-2-jours\/\",\"name\":\"La NBA envisage d\\\\'\u00e9tendre la draft sur 2 jours - The Playoffs FR\",\"isPartOf\":{\"@id\":\"https:\/\/theplayoffs.news\/fr\/#website\"},\"primaryImageOfPage\":{\"@id\":\"https:\/\/theplayoffs.news\/fr\/actualite-nba\/la-nba-envisage-detendre-la-draft-sur-2-jours\/#primaryimage\"},\"image\":{\"@id\":\"https:\/\/theplayoffs.news\/fr\/actualite-nba\/la-nba-envisage-detendre-la-draft-sur-2-jours\/#primaryimage\"},\"thumbnailUrl\":\"https:\/\/theplayoffs.news\/fr\/wp-content\/uploads\/2023\/11\/USATSI_20933867.jpg\",\"datePublished\":\"2023-11-08T19:37:04+00:00\",\"dateModified\":\"2023-11-08T19:37:05+00:00\",\"author\":{\"@id\":\"https:\/\/theplayoffs.news\/fr\/#\/schema\/person\/eee5b69ad5d3c51cabe881c839dbe133\"},\"breadcrumb\":{\"@id\":\"https:\/\/theplayoffs.news\/fr\/actualite-nba\/la-nba-envisage-detendre-la-draft-sur-2-jours\/#breadcrumb\"},\"inLanguage\":\"fr-FR\",\"potentialAction\":[{\"@type\":\"ReadAction\",\"target\":[\"https:\/\/theplayoffs.news\/fr\/actualite-nba\/la-nba-envisage-detendre-la-draft-sur-2-jours\/\"]}]},{\"@type\":\"ImageObject\",\"inLanguage\":\"fr-FR\",\"@id\":\"https:\/\/theplayoffs.news\/fr\/actualite-nba\/la-nba-envisage-detendre-la-draft-sur-2-jours\/#primaryimage\",\"url\":\"https:\/\/theplayoffs.news\/fr\/wp-content\/uploads\/2023\/11\/USATSI_20933867.jpg\",\"contentUrl\":\"https:\/\/theplayoffs.news\/fr\/wp-content\/uploads\/2023\/11\/USATSI_20933867.jpg\",\"width\":1920,\"height\":1280,\"caption\":\"Jun 22, 2023; Brooklyn, NY, USA; NBA commissioner Adam Silver announces Amen Thompson as the fourth selection by the Houston Rockets in the first round of the 2023 NBA Draft at Barclays Arena. Mandatory Credit: Wendell Cruz-USA TODAY Sports\"},{\"@type\":\"BreadcrumbList\",\"@id\":\"https:\/\/theplayoffs.news\/fr\/actualite-nba\/la-nba-envisage-detendre-la-draft-sur-2-jours\/#breadcrumb\",\"itemListElement\":[{\"@type\":\"ListItem\",\"position\":1,\"name\":\"Accueil\",\"item\":\"https:\/\/theplayoffs.news\/fr\/\"},{\"@type\":\"ListItem\",\"position\":2,\"name\":\"La NBA envisage d&rsquo;\u00e9tendre la draft sur 2 jours\"}]},{\"@type\":\"WebSite\",\"@id\":\"https:\/\/theplayoffs.news\/fr\/#website\",\"url\":\"https:\/\/theplayoffs.news\/fr\/\",\"name\":\"The Playoffs FR\",\"description\":\"NBA-NFL-NHL-MLB\",\"potentialAction\":[{\"@type\":\"SearchAction\",\"target\":{\"@type\":\"EntryPoint\",\"urlTemplate\":\"https:\/\/theplayoffs.news\/fr\/?s={search_term_string}\"},\"query-input\":{\"@type\":\"PropertyValueSpecification\",\"valueRequired\":true,\"valueName\":\"search_term_string\"}}],\"inLanguage\":\"fr-FR\"},{\"@type\":\"Person\",\"@id\":\"https:\/\/theplayoffs.news\/fr\/#\/schema\/person\/eee5b69ad5d3c51cabe881c839dbe133\",\"name\":\"Charles Taudin\",\"image\":{\"@type\":\"ImageObject\",\"inLanguage\":\"fr-FR\",\"@id\":\"https:\/\/theplayoffs.news\/fr\/#\/schema\/person\/image\/\",\"url\":\"https:\/\/secure.gravatar.com\/avatar\/59a1e772205ce9fd255edfcafc93013736822e20261f294c5753b20c41ede9f2?s=96&d=mm&r=g\",\"contentUrl\":\"https:\/\/secure.gravatar.com\/avatar\/59a1e772205ce9fd255edfcafc93013736822e20261f294c5753b20c41ede9f2?s=96&d=mm&r=g\",\"caption\":\"Charles Taudin\"},\"description\":\"R\u00e9dacteur en chef global de The Playoffs, j\u2019ai cr\u00e9\u00e9 The Free Agent, devenu The Playoffs FR, en 2020 durant la pand\u00e9mie. Amoureux depuis des ann\u00e9es des 4 sports majeurs am\u00e9ricains, j\u2019organise maintenant la strat\u00e9gie \u00e9ditoriale et les r\u00e9seaux sociaux de l\u2019ensemble des versions de The Playoffs. Il m\u2019arrive encore d\u2019\u00e9crire sur certains sports que j\u2019affectionne particuli\u00e8rement comme la NFL ou la MLB. Si vous devez retenir qu\u2019une chose : Eli Manning est le vrai GOAT pour avoir battu deux fois Tom Brady.\",\"sameAs\":[\"https:\/\/www.instagram.com\/ctaudin_\/\"],\"url\":\"https:\/\/theplayoffs.news\/fr\/author\/charles-taudin\/\"}]}<\/script>\n<!-- \/ Yoast SEO plugin. -->","yoast_head_json":{"title":"La NBA envisage d&#039;&eacute;tendre la draft sur 2 jours - The Playoffs FR","robots":{"index":"index","follow":"follow","max-snippet":"max-snippet:-1","max-image-preview":"max-image-preview:large","max-video-preview":"max-video-preview:-1"},"canonical":"https:\/\/theplayoffs.news\/fr\/actualite-nba\/la-nba-envisage-detendre-la-draft-sur-2-jours\/","og_locale":"fr_FR","og_type":"article","og_title":"La NBA envisage d&#039;&eacute;tendre la draft sur 2 jours - The Playoffs FR","og_url":"https:\/\/theplayoffs.news\/fr\/actualite-nba\/la-nba-envisage-detendre-la-draft-sur-2-jours\/","og_site_name":"The Playoffs FR","article_publisher":"https:\/\/www.facebook.com\/TheFreeAgentFR\/","article_modified_time":"2023-11-08T19:37:05+00:00","og_image":[{"width":1920,"height":1280,"url":"https:\/\/theplayoffs.news\/fr\/wp-content\/uploads\/2023\/11\/USATSI_20933867.jpg","type":"image\/jpeg"}],"author":"Charles Taudin","twitter_card":"summary_large_image","twitter_creator":"@TheFreeAgentFR","twitter_site":"@TheFreeAgentFR","twitter_misc":{"\u00c9crit par":"Charles Taudin","Dur\u00e9e de lecture estim\u00e9e":"2 minutes"},"schema":{"@context":"https:\/\/schema.org","@graph":[{"@type":"WebPage","@id":"https:\/\/theplayoffs.news\/fr\/actualite-nba\/la-nba-envisage-detendre-la-draft-sur-2-jours\/","url":"https:\/\/theplayoffs.news\/fr\/actualite-nba\/la-nba-envisage-detendre-la-draft-sur-2-jours\/","name":"La NBA envisage d\\'\u00e9tendre la draft sur 2 jours - The Playoffs FR","isPartOf":{"@id":"https:\/\/theplayoffs.news\/fr\/#website"},"primaryImageOfPage":{"@id":"https:\/\/theplayoffs.news\/fr\/actualite-nba\/la-nba-envisage-detendre-la-draft-sur-2-jours\/#primaryimage"},"image":{"@id":"https:\/\/theplayoffs.news\/fr\/actualite-nba\/la-nba-envisage-detendre-la-draft-sur-2-jours\/#primaryimage"},"thumbnailUrl":"https:\/\/theplayoffs.news\/fr\/wp-content\/uploads\/2023\/11\/USATSI_20933867.jpg","datePublished":"2023-11-08T19:37:04+00:00","dateModified":"2023-11-08T19:37:05+00:00","author":{"@id":"https:\/\/theplayoffs.news\/fr\/#\/schema\/person\/eee5b69ad5d3c51cabe881c839dbe133"},"breadcrumb":{"@id":"https:\/\/theplayoffs.news\/fr\/actualite-nba\/la-nba-envisage-detendre-la-draft-sur-2-jours\/#breadcrumb"},"inLanguage":"fr-FR","potentialAction":[{"@type":"ReadAction","target":["https:\/\/theplayoffs.news\/fr\/actualite-nba\/la-nba-envisage-detendre-la-draft-sur-2-jours\/"]}]},{"@type":"ImageObject","inLanguage":"fr-FR","@id":"https:\/\/theplayoffs.news\/fr\/actualite-nba\/la-nba-envisage-detendre-la-draft-sur-2-jours\/#primaryimage","url":"https:\/\/theplayoffs.news\/fr\/wp-content\/uploads\/2023\/11\/USATSI_20933867.jpg","contentUrl":"https:\/\/theplayoffs.news\/fr\/wp-content\/uploads\/2023\/11\/USATSI_20933867.jpg","width":1920,"height":1280,"caption":"Jun 22, 2023; Brooklyn, NY, USA; NBA commissioner Adam Silver announces Amen Thompson as the fourth selection by the Houston Rockets in the first round of the 2023 NBA Draft at Barclays Arena. Mandatory Credit: Wendell Cruz-USA TODAY Sports"},{"@type":"BreadcrumbList","@id":"https:\/\/theplayoffs.news\/fr\/actualite-nba\/la-nba-envisage-detendre-la-draft-sur-2-jours\/#breadcrumb","itemListElement":[{"@type":"ListItem","position":1,"name":"Accueil","item":"https:\/\/theplayoffs.news\/fr\/"},{"@type":"ListItem","position":2,"name":"La NBA envisage d&rsquo;\u00e9tendre la draft sur 2 jours"}]},{"@type":"WebSite","@id":"https:\/\/theplayoffs.news\/fr\/#website","url":"https:\/\/theplayoffs.news\/fr\/","name":"The Playoffs FR","description":"NBA-NFL-NHL-MLB","potentialAction":[{"@type":"SearchAction","target":{"@type":"EntryPoint","urlTemplate":"https:\/\/theplayoffs.news\/fr\/?s={search_term_string}"},"query-input":{"@type":"PropertyValueSpecification","valueRequired":true,"valueName":"search_term_string"}}],"inLanguage":"fr-FR"},{"@type":"Person","@id":"https:\/\/theplayoffs.news\/fr\/#\/schema\/person\/eee5b69ad5d3c51cabe881c839dbe133","name":"Charles Taudin","image":{"@type":"ImageObject","inLanguage":"fr-FR","@id":"https:\/\/theplayoffs.news\/fr\/#\/schema\/person\/image\/","url":"https:\/\/secure.gravatar.com\/avatar\/59a1e772205ce9fd255edfcafc93013736822e20261f294c5753b20c41ede9f2?s=96&d=mm&r=g","contentUrl":"https:\/\/secure.gravatar.com\/avatar\/59a1e772205ce9fd255edfcafc93013736822e20261f294c5753b20c41ede9f2?s=96&d=mm&r=g","caption":"Charles Taudin"},"description":"R\u00e9dacteur en chef global de The Playoffs, j\u2019ai cr\u00e9\u00e9 The Free Agent, devenu The Playoffs FR, en 2020 durant la pand\u00e9mie. Amoureux depuis des ann\u00e9es des 4 sports majeurs am\u00e9ricains, j\u2019organise maintenant la strat\u00e9gie \u00e9ditoriale et les r\u00e9seaux sociaux de l\u2019ensemble des versions de The Playoffs. Il m\u2019arrive encore d\u2019\u00e9crire sur certains sports que j\u2019affectionne particuli\u00e8rement comme la NFL ou la MLB. Si vous devez retenir qu\u2019une chose : Eli Manning est le vrai GOAT pour avoir battu deux fois Tom Brady.","sameAs":["https:\/\/www.instagram.com\/ctaudin_\/"],"url":"https:\/\/theplayoffs.news\/fr\/author\/charles-taudin\/"}]}},"_links":{"self":[{"href":"https:\/\/theplayoffs.news\/fr\/wp-json\/wp\/v2\/posts\/1060903","targetHints":{"allow":["GET"]}}],"collection":[{"href":"https:\/\/theplayoffs.news\/fr\/wp-json\/wp\/v2\/posts"}],"about":[{"href":"https:\/\/theplayoffs.news\/fr\/wp-json\/wp\/v2\/types\/post"}],"author":[{"embeddable":true,"href":"https:\/\/theplayoffs.news\/fr\/wp-json\/wp\/v2\/users\/13"}],"replies":[{"embeddable":true,"href":"https:\/\/theplayoffs.news\/fr\/wp-json\/wp\/v2\/comments?post=1060903"}],"version-history":[{"count":3,"href":"https:\/\/theplayoffs.news\/fr\/wp-json\/wp\/v2\/posts\/1060903\/revisions"}],"predecessor-version":[{"id":1060907,"href":"https:\/\/theplayoffs.news\/fr\/wp-json\/wp\/v2\/posts\/1060903\/revisions\/1060907"}],"wp:featuredmedia":[{"embeddable":true,"href":"https:\/\/theplayoffs.news\/fr\/wp-json\/wp\/v2\/media\/1060904"}],"wp:attachment":[{"href":"https:\/\/theplayoffs.news\/fr\/wp-json\/wp\/v2\/media?parent=1060903"}],"wp:term":[{"taxonomy":"category","embeddable":true,"href":"https:\/\/theplayoffs.news\/fr\/wp-json\/wp\/v2\/categories?post=1060903"},{"taxonomy":"post_tag","embeddable":true,"href":"https:\/\/theplayoffs.news\/fr\/wp-json\/wp\/v2\/tags?post=1060903"},{"taxonomy":"sport","embeddable":true,"href":"https:\/\/theplayoffs.news\/fr\/wp-json\/wp\/v2\/sport?post=1060903"},{"taxonomy":"saison","embeddable":true,"href":"https:\/\/theplayoffs.news\/fr\/wp-json\/wp\/v2\/saison?post=1060903"}],"curies":[{"name":"wp","href":"https:\/\/api.w.org\/{rel}","templated":true}]}}