{"id":1057215,"date":"2023-11-07T14:13:24","date_gmt":"2023-11-07T13:13:24","guid":{"rendered":"https:\/\/theplayoffs.news\/fr\/?p=1057215"},"modified":"2023-11-07T14:16:06","modified_gmt":"2023-11-07T13:16:06","slug":"edmonton-oilers-il-est-temps-de-reagir-cote-gardien","status":"publish","type":"post","link":"https:\/\/theplayoffs.news\/fr\/actualite-nhl\/edmonton-oilers-il-est-temps-de-reagir-cote-gardien\/","title":{"rendered":"Edmonton Oilers : il est temps de r\u00e9agir c\u00f4t\u00e9 gardien"},"content":{"rendered":"<h2>NHL &ndash; Pour les Oilers d&rsquo;Edmonton, le d&eacute;but de saison est une calamit&eacute; due &agrave; plusieurs facteurs mais un ressort en particulier : celui des gardiens de buts.<\/h2><p>La dure r&eacute;alit&eacute; a &eacute;t&eacute; mise &agrave; nu lors d&rsquo;un r&eacute;cent match qui a vu les Canucks de Vancouver d&eacute;manteler les Oilers avec une victoire d&eacute;cisive de 6-2.<\/p><p>La d&eacute;faite, embl&eacute;matique des difficult&eacute;s de la saison des Oilers, n&rsquo;&eacute;tait pas seulement une d&eacute;faite dans les colonnes mais le reflet d&rsquo;un malaise plus profond qui refl&egrave;te une &eacute;quipe en plein doute en ce d&eacute;but de saison. Tout n&rsquo;est pas imputable aux gardiens, mais c&rsquo;est ce qui saute aux yeux de prime abord.<\/p><h3>L&rsquo;&eacute;nigme des gardiens de but<\/h3><p>Les probl&egrave;mes des gardiens de but des Oilers sont devenus le pivot de leur campagne chancelante.<\/p><p>Le contrat de Jack Campbell, autrefois une lueur d&rsquo;espoir, plane d&eacute;sormais sur la franchise comme un albatros, avec des discussions sur un rachat circulant &agrave; voix basse parmi les fid&egrave;les d&rsquo;Edmonton. Pendant ce temps, Skinner, dont le potentiel est remarqu&eacute;, se retrouve aux prises avec un calendrier de d&eacute;veloppement qui ne correspond pas aux ambitions imm&eacute;diates de l&rsquo;&eacute;quipe.<\/p><p>Avec un pourcentage d&rsquo;arr&ecirc;t cette saison &agrave; pr&eacute;sent de .856, on est loin de ce que ce jeune gardien devait apporter. Sa baisse de forme l&rsquo;an pass&eacute; dans les playoffs pouvait &ecirc;tre en partie expliqu&eacute;e par l&rsquo;atmosph&egrave;re que repr&eacute;sente les playoffs et la difficult&eacute; pour g&eacute;rer cette pression chez un jeune gardien.<\/p><p>Probl&egrave;me : les choses se poursuivent encore cette saison.<\/p><p>Et &agrave; pr&eacute;sent, une &eacute;quipe qui avait des aspirations pour le titre, se retrouve avant derni&egrave;re de la ligue surclass&eacute;e dans la m&eacute;diocrit&eacute; d&eacute;fensive par les San Jose Sharks qui ont r&eacute;ussit l&rsquo;exploit d&rsquo;encaisser 20 buts en 2 matchs.<\/p><h3>Alors que faire ?<\/h3><p>Le front office des Oilers, dirig&eacute; par le directeur g&eacute;n&eacute;ral Ken Holland, se trouve maintenant dans la position peu enviable de concilier les exigences actuelles de l&rsquo;&eacute;quipe avec ses perspectives d&rsquo;avenir, un exercice d&rsquo;&eacute;quilibre qui devient de plus en plus pr&eacute;caire &agrave; mesure que la saison avance.<\/p><p>La seule solution viable qui puisse &ecirc;tre envisag&eacute;e &agrave; court terme pour cette franchise et de soit se s&eacute;parer de Jack Campbell ou de l&rsquo;envoyer en AHL et de faire monter des gardiens, Olivier Rodrigue ou Calvin Pickard, qui eux au moins ont un pourcentage d&rsquo;arr&ecirc;t plus d&eacute;cent.<\/p><p>Une mise en comp&eacute;tition de Skinner avec ces deux autres gardiens pourrait cr&eacute;er une certaine &eacute;mulation dans cette &eacute;quipe.<\/p><p>Malheureusement, il faut aussi que devant le gardien, l&rsquo;intensit&eacute; soit pr&eacute;sente, ce qui n&rsquo;est pas encore le cas. Dans de trop nombreuses situation, face &agrave; Vancouver hier mais aussi face &agrave; Nashville samedi, les d&eacute;fenseurs des Oilers &eacute;taient davantage spectateurs qu&rsquo;acteurs.<\/p><p>&nbsp;<\/p><p>Credit: Bob Frid-USA TODAY Sports<\/p>\n","protected":false},"excerpt":{"rendered":"","protected":false},"author":13,"featured_media":1057277,"comment_status":"open","ping_status":"closed","sticky":false,"template":"","format":"standard","meta":{"inline_featured_image":false,"kia_subtitle":"","_mux_skip_reasons":[],"proofreadBy":0,"footnotes":""},"categories":[187,26],"tags":[352,5165],"sport":[],"saison":[],"class_list":["post-1057215","post","type-post","status-publish","format-standard","has-post-thumbnail","hentry","category-actualite-nhl","category-nhl","tag-edmonton-oilers","tag-stuart-skinner"],"acf":[],"yoast_head":"<!-- This site is optimized with the Yoast SEO plugin v24.2 - https:\/\/yoast.com\/wordpress\/plugins\/seo\/ -->\n<title>Edmonton Oilers : il est temps de r&eacute;agir c&ocirc;t&eacute; gardien - The Playoffs FR<\/title>\n<meta name=\"robots\" content=\"index, follow, max-snippet:-1, max-image-preview:large, max-video-preview:-1\" \/>\n<link rel=\"canonical\" href=\"https:\/\/theplayoffs.news\/fr\/actualite-nhl\/edmonton-oilers-il-est-temps-de-reagir-cote-gardien\/\" \/>\n<meta property=\"og:locale\" content=\"fr_FR\" \/>\n<meta property=\"og:type\" content=\"article\" \/>\n<meta property=\"og:title\" content=\"Edmonton Oilers : il est temps de r&eacute;agir c&ocirc;t&eacute; gardien - The Playoffs FR\" \/>\n<meta property=\"og:url\" content=\"https:\/\/theplayoffs.news\/fr\/actualite-nhl\/edmonton-oilers-il-est-temps-de-reagir-cote-gardien\/\" \/>\n<meta property=\"og:site_name\" content=\"The Playoffs FR\" \/>\n<meta property=\"article:publisher\" content=\"https:\/\/www.facebook.com\/TheFreeAgentFR\/\" \/>\n<meta property=\"article:modified_time\" content=\"2023-11-07T14:16:06+01:00\" \/>\n<meta property=\"og:image\" content=\"https:\/\/theplayoffs.news\/fr\/wp-content\/uploads\/2023\/11\/USATSI_21837137.jpg\" \/>\n\t<meta property=\"og:image:width\" content=\"1920\" \/>\n\t<meta property=\"og:image:height\" content=\"1280\" \/>\n\t<meta property=\"og:image:type\" content=\"image\/jpeg\" \/>\n<meta name=\"author\" content=\"Charles Taudin\" \/>\n<meta name=\"twitter:card\" content=\"summary_large_image\" \/>\n<meta name=\"twitter:creator\" content=\"@TheFreeAgentFR\" \/>\n<meta name=\"twitter:site\" content=\"@TheFreeAgentFR\" \/>\n<meta name=\"twitter:label1\" content=\"\u00c9crit par\" \/>\n\t<meta name=\"twitter:data1\" content=\"Charles Taudin\" \/>\n\t<meta name=\"twitter:label2\" content=\"Dur\u00e9e de lecture estim\u00e9e\" \/>\n\t<meta name=\"twitter:data2\" content=\"2 minutes\" \/>\n<script type=\"application\/ld+json\" class=\"yoast-schema-graph\">{\"@context\":\"https:\/\/schema.org\",\"@graph\":[{\"@type\":\"WebPage\",\"@id\":\"https:\/\/theplayoffs.news\/fr\/actualite-nhl\/edmonton-oilers-il-est-temps-de-reagir-cote-gardien\/\",\"url\":\"https:\/\/theplayoffs.news\/fr\/actualite-nhl\/edmonton-oilers-il-est-temps-de-reagir-cote-gardien\/\",\"name\":\"Edmonton Oilers : il est temps de r\u00e9agir c\u00f4t\u00e9 gardien - The Playoffs FR\",\"isPartOf\":{\"@id\":\"https:\/\/theplayoffs.news\/fr\/#website\"},\"primaryImageOfPage\":{\"@id\":\"https:\/\/theplayoffs.news\/fr\/actualite-nhl\/edmonton-oilers-il-est-temps-de-reagir-cote-gardien\/#primaryimage\"},\"image\":{\"@id\":\"https:\/\/theplayoffs.news\/fr\/actualite-nhl\/edmonton-oilers-il-est-temps-de-reagir-cote-gardien\/#primaryimage\"},\"thumbnailUrl\":\"https:\/\/theplayoffs.news\/fr\/wp-content\/uploads\/2023\/11\/USATSI_21837137.jpg\",\"datePublished\":\"2023-11-07T13:13:24+00:00\",\"dateModified\":\"2023-11-07T13:16:06+00:00\",\"author\":{\"@id\":\"https:\/\/theplayoffs.news\/fr\/#\/schema\/person\/eee5b69ad5d3c51cabe881c839dbe133\"},\"breadcrumb\":{\"@id\":\"https:\/\/theplayoffs.news\/fr\/actualite-nhl\/edmonton-oilers-il-est-temps-de-reagir-cote-gardien\/#breadcrumb\"},\"inLanguage\":\"fr-FR\",\"potentialAction\":[{\"@type\":\"ReadAction\",\"target\":[\"https:\/\/theplayoffs.news\/fr\/actualite-nhl\/edmonton-oilers-il-est-temps-de-reagir-cote-gardien\/\"]}]},{\"@type\":\"ImageObject\",\"inLanguage\":\"fr-FR\",\"@id\":\"https:\/\/theplayoffs.news\/fr\/actualite-nhl\/edmonton-oilers-il-est-temps-de-reagir-cote-gardien\/#primaryimage\",\"url\":\"https:\/\/theplayoffs.news\/fr\/wp-content\/uploads\/2023\/11\/USATSI_21837137.jpg\",\"contentUrl\":\"https:\/\/theplayoffs.news\/fr\/wp-content\/uploads\/2023\/11\/USATSI_21837137.jpg\",\"width\":1920,\"height\":1280,\"caption\":\"Nov 6, 2023; Vancouver, British Columbia, CAN; Edmonton Oilers goalie Stuart Skinner (74) watches as Vancouver Canucks forward Brock Boeser (6) and forward J.T. Miller (9) and forward Andrei Kuzmenko (96) celebrate Boesser\u00d5s goal in the first period at Rogers Arena. Mandatory Credit: Bob Frid-USA TODAY Sports\"},{\"@type\":\"BreadcrumbList\",\"@id\":\"https:\/\/theplayoffs.news\/fr\/actualite-nhl\/edmonton-oilers-il-est-temps-de-reagir-cote-gardien\/#breadcrumb\",\"itemListElement\":[{\"@type\":\"ListItem\",\"position\":1,\"name\":\"Accueil\",\"item\":\"https:\/\/theplayoffs.news\/fr\/\"},{\"@type\":\"ListItem\",\"position\":2,\"name\":\"Edmonton Oilers : il est temps de r\u00e9agir c\u00f4t\u00e9 gardien\"}]},{\"@type\":\"WebSite\",\"@id\":\"https:\/\/theplayoffs.news\/fr\/#website\",\"url\":\"https:\/\/theplayoffs.news\/fr\/\",\"name\":\"The Playoffs FR\",\"description\":\"NBA-NFL-NHL-MLB\",\"potentialAction\":[{\"@type\":\"SearchAction\",\"target\":{\"@type\":\"EntryPoint\",\"urlTemplate\":\"https:\/\/theplayoffs.news\/fr\/?s={search_term_string}\"},\"query-input\":{\"@type\":\"PropertyValueSpecification\",\"valueRequired\":true,\"valueName\":\"search_term_string\"}}],\"inLanguage\":\"fr-FR\"},{\"@type\":\"Person\",\"@id\":\"https:\/\/theplayoffs.news\/fr\/#\/schema\/person\/eee5b69ad5d3c51cabe881c839dbe133\",\"name\":\"Charles Taudin\",\"image\":{\"@type\":\"ImageObject\",\"inLanguage\":\"fr-FR\",\"@id\":\"https:\/\/theplayoffs.news\/fr\/#\/schema\/person\/image\/\",\"url\":\"https:\/\/secure.gravatar.com\/avatar\/59a1e772205ce9fd255edfcafc93013736822e20261f294c5753b20c41ede9f2?s=96&d=mm&r=g\",\"contentUrl\":\"https:\/\/secure.gravatar.com\/avatar\/59a1e772205ce9fd255edfcafc93013736822e20261f294c5753b20c41ede9f2?s=96&d=mm&r=g\",\"caption\":\"Charles Taudin\"},\"description\":\"R\u00e9dacteur en chef global de The Playoffs, j\u2019ai cr\u00e9\u00e9 The Free Agent, devenu The Playoffs FR, en 2020 durant la pand\u00e9mie. Amoureux depuis des ann\u00e9es des 4 sports majeurs am\u00e9ricains, j\u2019organise maintenant la strat\u00e9gie \u00e9ditoriale et les r\u00e9seaux sociaux de l\u2019ensemble des versions de The Playoffs. Il m\u2019arrive encore d\u2019\u00e9crire sur certains sports que j\u2019affectionne particuli\u00e8rement comme la NFL ou la MLB. Si vous devez retenir qu\u2019une chose : Eli Manning est le vrai GOAT pour avoir battu deux fois Tom Brady.\",\"sameAs\":[\"https:\/\/www.instagram.com\/ctaudin_\/\"],\"url\":\"https:\/\/theplayoffs.news\/fr\/author\/charles-taudin\/\"}]}<\/script>\n<!-- \/ Yoast SEO plugin. -->","yoast_head_json":{"title":"Edmonton Oilers : il est temps de r&eacute;agir c&ocirc;t&eacute; gardien - The Playoffs FR","robots":{"index":"index","follow":"follow","max-snippet":"max-snippet:-1","max-image-preview":"max-image-preview:large","max-video-preview":"max-video-preview:-1"},"canonical":"https:\/\/theplayoffs.news\/fr\/actualite-nhl\/edmonton-oilers-il-est-temps-de-reagir-cote-gardien\/","og_locale":"fr_FR","og_type":"article","og_title":"Edmonton Oilers : il est temps de r&eacute;agir c&ocirc;t&eacute; gardien - The Playoffs FR","og_url":"https:\/\/theplayoffs.news\/fr\/actualite-nhl\/edmonton-oilers-il-est-temps-de-reagir-cote-gardien\/","og_site_name":"The Playoffs FR","article_publisher":"https:\/\/www.facebook.com\/TheFreeAgentFR\/","article_modified_time":"2023-11-07T13:16:06+00:00","og_image":[{"width":1920,"height":1280,"url":"https:\/\/theplayoffs.news\/fr\/wp-content\/uploads\/2023\/11\/USATSI_21837137.jpg","type":"image\/jpeg"}],"author":"Charles Taudin","twitter_card":"summary_large_image","twitter_creator":"@TheFreeAgentFR","twitter_site":"@TheFreeAgentFR","twitter_misc":{"\u00c9crit par":"Charles Taudin","Dur\u00e9e de lecture estim\u00e9e":"2 minutes"},"schema":{"@context":"https:\/\/schema.org","@graph":[{"@type":"WebPage","@id":"https:\/\/theplayoffs.news\/fr\/actualite-nhl\/edmonton-oilers-il-est-temps-de-reagir-cote-gardien\/","url":"https:\/\/theplayoffs.news\/fr\/actualite-nhl\/edmonton-oilers-il-est-temps-de-reagir-cote-gardien\/","name":"Edmonton Oilers : il est temps de r\u00e9agir c\u00f4t\u00e9 gardien - The Playoffs FR","isPartOf":{"@id":"https:\/\/theplayoffs.news\/fr\/#website"},"primaryImageOfPage":{"@id":"https:\/\/theplayoffs.news\/fr\/actualite-nhl\/edmonton-oilers-il-est-temps-de-reagir-cote-gardien\/#primaryimage"},"image":{"@id":"https:\/\/theplayoffs.news\/fr\/actualite-nhl\/edmonton-oilers-il-est-temps-de-reagir-cote-gardien\/#primaryimage"},"thumbnailUrl":"https:\/\/theplayoffs.news\/fr\/wp-content\/uploads\/2023\/11\/USATSI_21837137.jpg","datePublished":"2023-11-07T13:13:24+00:00","dateModified":"2023-11-07T13:16:06+00:00","author":{"@id":"https:\/\/theplayoffs.news\/fr\/#\/schema\/person\/eee5b69ad5d3c51cabe881c839dbe133"},"breadcrumb":{"@id":"https:\/\/theplayoffs.news\/fr\/actualite-nhl\/edmonton-oilers-il-est-temps-de-reagir-cote-gardien\/#breadcrumb"},"inLanguage":"fr-FR","potentialAction":[{"@type":"ReadAction","target":["https:\/\/theplayoffs.news\/fr\/actualite-nhl\/edmonton-oilers-il-est-temps-de-reagir-cote-gardien\/"]}]},{"@type":"ImageObject","inLanguage":"fr-FR","@id":"https:\/\/theplayoffs.news\/fr\/actualite-nhl\/edmonton-oilers-il-est-temps-de-reagir-cote-gardien\/#primaryimage","url":"https:\/\/theplayoffs.news\/fr\/wp-content\/uploads\/2023\/11\/USATSI_21837137.jpg","contentUrl":"https:\/\/theplayoffs.news\/fr\/wp-content\/uploads\/2023\/11\/USATSI_21837137.jpg","width":1920,"height":1280,"caption":"Nov 6, 2023; Vancouver, British Columbia, CAN; Edmonton Oilers goalie Stuart Skinner (74) watches as Vancouver Canucks forward Brock Boeser (6) and forward J.T. Miller (9) and forward Andrei Kuzmenko (96) celebrate Boesser\u00d5s goal in the first period at Rogers Arena. Mandatory Credit: Bob Frid-USA TODAY Sports"},{"@type":"BreadcrumbList","@id":"https:\/\/theplayoffs.news\/fr\/actualite-nhl\/edmonton-oilers-il-est-temps-de-reagir-cote-gardien\/#breadcrumb","itemListElement":[{"@type":"ListItem","position":1,"name":"Accueil","item":"https:\/\/theplayoffs.news\/fr\/"},{"@type":"ListItem","position":2,"name":"Edmonton Oilers : il est temps de r\u00e9agir c\u00f4t\u00e9 gardien"}]},{"@type":"WebSite","@id":"https:\/\/theplayoffs.news\/fr\/#website","url":"https:\/\/theplayoffs.news\/fr\/","name":"The Playoffs FR","description":"NBA-NFL-NHL-MLB","potentialAction":[{"@type":"SearchAction","target":{"@type":"EntryPoint","urlTemplate":"https:\/\/theplayoffs.news\/fr\/?s={search_term_string}"},"query-input":{"@type":"PropertyValueSpecification","valueRequired":true,"valueName":"search_term_string"}}],"inLanguage":"fr-FR"},{"@type":"Person","@id":"https:\/\/theplayoffs.news\/fr\/#\/schema\/person\/eee5b69ad5d3c51cabe881c839dbe133","name":"Charles Taudin","image":{"@type":"ImageObject","inLanguage":"fr-FR","@id":"https:\/\/theplayoffs.news\/fr\/#\/schema\/person\/image\/","url":"https:\/\/secure.gravatar.com\/avatar\/59a1e772205ce9fd255edfcafc93013736822e20261f294c5753b20c41ede9f2?s=96&d=mm&r=g","contentUrl":"https:\/\/secure.gravatar.com\/avatar\/59a1e772205ce9fd255edfcafc93013736822e20261f294c5753b20c41ede9f2?s=96&d=mm&r=g","caption":"Charles Taudin"},"description":"R\u00e9dacteur en chef global de The Playoffs, j\u2019ai cr\u00e9\u00e9 The Free Agent, devenu The Playoffs FR, en 2020 durant la pand\u00e9mie. Amoureux depuis des ann\u00e9es des 4 sports majeurs am\u00e9ricains, j\u2019organise maintenant la strat\u00e9gie \u00e9ditoriale et les r\u00e9seaux sociaux de l\u2019ensemble des versions de The Playoffs. Il m\u2019arrive encore d\u2019\u00e9crire sur certains sports que j\u2019affectionne particuli\u00e8rement comme la NFL ou la MLB. Si vous devez retenir qu\u2019une chose : Eli Manning est le vrai GOAT pour avoir battu deux fois Tom Brady.","sameAs":["https:\/\/www.instagram.com\/ctaudin_\/"],"url":"https:\/\/theplayoffs.news\/fr\/author\/charles-taudin\/"}]}},"_links":{"self":[{"href":"https:\/\/theplayoffs.news\/fr\/wp-json\/wp\/v2\/posts\/1057215","targetHints":{"allow":["GET"]}}],"collection":[{"href":"https:\/\/theplayoffs.news\/fr\/wp-json\/wp\/v2\/posts"}],"about":[{"href":"https:\/\/theplayoffs.news\/fr\/wp-json\/wp\/v2\/types\/post"}],"author":[{"embeddable":true,"href":"https:\/\/theplayoffs.news\/fr\/wp-json\/wp\/v2\/users\/13"}],"replies":[{"embeddable":true,"href":"https:\/\/theplayoffs.news\/fr\/wp-json\/wp\/v2\/comments?post=1057215"}],"version-history":[{"count":2,"href":"https:\/\/theplayoffs.news\/fr\/wp-json\/wp\/v2\/posts\/1057215\/revisions"}],"predecessor-version":[{"id":1057283,"href":"https:\/\/theplayoffs.news\/fr\/wp-json\/wp\/v2\/posts\/1057215\/revisions\/1057283"}],"wp:featuredmedia":[{"embeddable":true,"href":"https:\/\/theplayoffs.news\/fr\/wp-json\/wp\/v2\/media\/1057277"}],"wp:attachment":[{"href":"https:\/\/theplayoffs.news\/fr\/wp-json\/wp\/v2\/media?parent=1057215"}],"wp:term":[{"taxonomy":"category","embeddable":true,"href":"https:\/\/theplayoffs.news\/fr\/wp-json\/wp\/v2\/categories?post=1057215"},{"taxonomy":"post_tag","embeddable":true,"href":"https:\/\/theplayoffs.news\/fr\/wp-json\/wp\/v2\/tags?post=1057215"},{"taxonomy":"sport","embeddable":true,"href":"https:\/\/theplayoffs.news\/fr\/wp-json\/wp\/v2\/sport?post=1057215"},{"taxonomy":"saison","embeddable":true,"href":"https:\/\/theplayoffs.news\/fr\/wp-json\/wp\/v2\/saison?post=1057215"}],"curies":[{"name":"wp","href":"https:\/\/api.w.org\/{rel}","templated":true}]}}