{"id":1055025,"date":"2023-11-07T07:02:12","date_gmt":"2023-11-07T06:02:12","guid":{"rendered":"https:\/\/theplayoffs.news\/fr\/?p=1055025"},"modified":"2023-11-07T07:04:06","modified_gmt":"2023-11-07T06:04:06","slug":"podcast-nba-le-debut-de-saison-des-suns","status":"publish","type":"post","link":"https:\/\/theplayoffs.news\/fr\/actualite-nba\/podcast-nba-le-debut-de-saison-des-suns\/","title":{"rendered":"Podcast NBA : Le d\u00e9but de saison des Suns"},"content":{"rendered":"<h2>Podcast NBA &ndash; Retour sur le d&eacute;but de saison des Phoenix Suns<\/h2><p class=\"p1\">Compos&eacute; d&rsquo;un trio redoutable : Bradley Beal, Kevin Durant et Devin Booker, les Suns font figure d&rsquo;&eacute;pouvantail dans la conf&eacute;rence Ouest.<\/p><p class=\"p1\">Oui mais probl&egrave;me, le d&eacute;but de saison de la franchise ne laisse pas pr&eacute;sager une r&eacute;elle domination. Blessure, d&eacute;pendance &agrave; Durant : les Suns inqui&egrave;tent.<\/p><h3><strong>O&ugrave; &eacute;couter le podcast NBA de&nbsp;<a href=\"https:\/\/theplayoffs.news\/fr\/nba-basketball\/\" class=\"trk-cta-link\" data-cta-trk='{\"ctaType\":\"Link\",\"ctaSubType\":\"main\"}'>TFA<\/a>&nbsp;?&nbsp;<\/strong><\/h3><ul>\n<li><a href=\"https:\/\/open.spotify.com\/show\/12rbf0HOG3Kxc4QjnDeBpc\" target=\"_blank\" rel=\"noopener\" class=\"trk-cta-link\" data-cta-trk='{\"ctaType\":\"Link\",\"ctaSubType\":\"main\"}'>Spotify<\/a><\/li>\n<li><a href=\"https:\/\/podcasts.apple.com\/us\/podcast\/stepback-le-podcast-nba-de-the-free-agent\/id1627529982\" target=\"_blank\" rel=\"noopener\" class=\"trk-cta-link\" data-cta-trk='{\"ctaType\":\"Link\",\"ctaSubType\":\"main\"}'>Apple<\/a><\/li>\n<li><a href=\"https:\/\/www.deezer.com\/show\/3767197\" target=\"_blank\" rel=\"noopener\" class=\"trk-cta-link\" data-cta-trk='{\"ctaType\":\"Link\",\"ctaSubType\":\"main\"}'>Deezer<\/a><\/li>\n<li><a href=\"https:\/\/podcasts.google.com\/feed\/aHR0cHM6Ly9mZWVkLmF1c2hhLmNvL2JXS1hBVW1WWVJKbg?sa=X&amp;ved=0CAMQ4aUDahcKEwiYnc26pef4AhUAAAAAHQAAAAAQNQ\" target=\"_blank\" rel=\"noopener\" class=\"trk-cta-link\" data-cta-trk='{\"ctaType\":\"Link\",\"ctaSubType\":\"main\"}'>Google<\/a><\/li>\n<li><a href=\"https:\/\/music.amazon.com\/podcasts\/f5019385-00b6-4393-b3bb-46eb5e9b1904\" target=\"_blank\" rel=\"noopener\" class=\"trk-cta-link\" data-cta-trk='{\"ctaType\":\"Link\",\"ctaSubType\":\"main\"}'>Amazon<\/a><\/li>\n<li><a href=\"https:\/\/podcastaddict.com\/podcast\/3985747\" target=\"_blank\" rel=\"noopener\" class=\"trk-cta-link\" data-cta-trk='{\"ctaType\":\"Link\",\"ctaSubType\":\"main\"}'>Podcast Addict<\/a><\/li>\n<\/ul><p>N&rsquo;h&eacute;sitez pas &agrave; partager et &agrave; noter ce podcast !<\/p><p>&nbsp;<\/p>\n","protected":false},"excerpt":{"rendered":"","protected":false},"author":180310001,"featured_media":339351,"comment_status":"open","ping_status":"closed","sticky":false,"template":"","format":"standard","meta":{"inline_featured_image":false,"kia_subtitle":"","_mux_skip_reasons":[],"proofreadBy":0,"footnotes":""},"categories":[110,10],"tags":[804,4504],"sport":[],"saison":[],"class_list":["post-1055025","post","type-post","status-publish","format-standard","has-post-thumbnail","hentry","category-actualite-nba","category-nba","tag-phoenix-suns","tag-podcast-nba"],"acf":[],"yoast_head":"<!-- This site is optimized with the Yoast SEO plugin v24.2 - https:\/\/yoast.com\/wordpress\/plugins\/seo\/ -->\n<title>Podcast NBA : Le d&eacute;but de saison des Suns - The Playoffs FR<\/title>\n<meta name=\"robots\" content=\"index, follow, max-snippet:-1, max-image-preview:large, max-video-preview:-1\" \/>\n<link rel=\"canonical\" href=\"https:\/\/theplayoffs.news\/fr\/actualite-nba\/podcast-nba-le-debut-de-saison-des-suns\/\" \/>\n<meta property=\"og:locale\" content=\"fr_FR\" \/>\n<meta property=\"og:type\" content=\"article\" \/>\n<meta property=\"og:title\" content=\"Podcast NBA : Le d&eacute;but de saison des Suns - The Playoffs FR\" \/>\n<meta property=\"og:url\" content=\"https:\/\/theplayoffs.news\/fr\/actualite-nba\/podcast-nba-le-debut-de-saison-des-suns\/\" \/>\n<meta property=\"og:site_name\" content=\"The Playoffs FR\" \/>\n<meta property=\"article:publisher\" content=\"https:\/\/www.facebook.com\/TheFreeAgentFR\/\" \/>\n<meta property=\"article:modified_time\" content=\"2023-11-07T07:04:06+01:00\" \/>\n<meta property=\"og:image\" content=\"https:\/\/theplayoffs.news\/fr\/wp-content\/uploads\/2022\/05\/PODCAST-2.png\" \/>\n\t<meta property=\"og:image:width\" content=\"1080\" \/>\n\t<meta property=\"og:image:height\" content=\"1080\" \/>\n\t<meta property=\"og:image:type\" content=\"image\/png\" \/>\n<meta name=\"author\" content=\"Christopher Marrec-Top\" \/>\n<meta name=\"twitter:card\" content=\"summary_large_image\" \/>\n<meta name=\"twitter:creator\" content=\"@TheFreeAgentFR\" \/>\n<meta name=\"twitter:site\" content=\"@TheFreeAgentFR\" \/>\n<meta name=\"twitter:label1\" content=\"\u00c9crit par\" \/>\n\t<meta name=\"twitter:data1\" content=\"Christopher Marrec-Top\" \/>\n<script type=\"application\/ld+json\" class=\"yoast-schema-graph\">{\"@context\":\"https:\/\/schema.org\",\"@graph\":[{\"@type\":\"WebPage\",\"@id\":\"https:\/\/theplayoffs.news\/fr\/actualite-nba\/podcast-nba-le-debut-de-saison-des-suns\/\",\"url\":\"https:\/\/theplayoffs.news\/fr\/actualite-nba\/podcast-nba-le-debut-de-saison-des-suns\/\",\"name\":\"Podcast NBA : Le d\u00e9but de saison des Suns - The Playoffs FR\",\"isPartOf\":{\"@id\":\"https:\/\/theplayoffs.news\/fr\/#website\"},\"primaryImageOfPage\":{\"@id\":\"https:\/\/theplayoffs.news\/fr\/actualite-nba\/podcast-nba-le-debut-de-saison-des-suns\/#primaryimage\"},\"image\":{\"@id\":\"https:\/\/theplayoffs.news\/fr\/actualite-nba\/podcast-nba-le-debut-de-saison-des-suns\/#primaryimage\"},\"thumbnailUrl\":\"https:\/\/theplayoffs.news\/fr\/wp-content\/uploads\/2022\/05\/PODCAST-2.png\",\"datePublished\":\"2023-11-07T06:02:12+00:00\",\"dateModified\":\"2023-11-07T06:04:06+00:00\",\"author\":{\"@id\":\"https:\/\/theplayoffs.news\/fr\/#\/schema\/person\/863ce84969b07bfc09ef81750720e42a\"},\"breadcrumb\":{\"@id\":\"https:\/\/theplayoffs.news\/fr\/actualite-nba\/podcast-nba-le-debut-de-saison-des-suns\/#breadcrumb\"},\"inLanguage\":\"fr-FR\",\"potentialAction\":[{\"@type\":\"ReadAction\",\"target\":[\"https:\/\/theplayoffs.news\/fr\/actualite-nba\/podcast-nba-le-debut-de-saison-des-suns\/\"]}]},{\"@type\":\"ImageObject\",\"inLanguage\":\"fr-FR\",\"@id\":\"https:\/\/theplayoffs.news\/fr\/actualite-nba\/podcast-nba-le-debut-de-saison-des-suns\/#primaryimage\",\"url\":\"https:\/\/theplayoffs.news\/fr\/wp-content\/uploads\/2022\/05\/PODCAST-2.png\",\"contentUrl\":\"https:\/\/theplayoffs.news\/fr\/wp-content\/uploads\/2022\/05\/PODCAST-2.png\",\"width\":1080,\"height\":1080,\"caption\":\"podcast NBA\"},{\"@type\":\"BreadcrumbList\",\"@id\":\"https:\/\/theplayoffs.news\/fr\/actualite-nba\/podcast-nba-le-debut-de-saison-des-suns\/#breadcrumb\",\"itemListElement\":[{\"@type\":\"ListItem\",\"position\":1,\"name\":\"Accueil\",\"item\":\"https:\/\/theplayoffs.news\/fr\/\"},{\"@type\":\"ListItem\",\"position\":2,\"name\":\"Podcast NBA : Le d\u00e9but de saison des Suns\"}]},{\"@type\":\"WebSite\",\"@id\":\"https:\/\/theplayoffs.news\/fr\/#website\",\"url\":\"https:\/\/theplayoffs.news\/fr\/\",\"name\":\"The Playoffs FR\",\"description\":\"NBA-NFL-NHL-MLB\",\"potentialAction\":[{\"@type\":\"SearchAction\",\"target\":{\"@type\":\"EntryPoint\",\"urlTemplate\":\"https:\/\/theplayoffs.news\/fr\/?s={search_term_string}\"},\"query-input\":{\"@type\":\"PropertyValueSpecification\",\"valueRequired\":true,\"valueName\":\"search_term_string\"}}],\"inLanguage\":\"fr-FR\"},{\"@type\":\"Person\",\"@id\":\"https:\/\/theplayoffs.news\/fr\/#\/schema\/person\/863ce84969b07bfc09ef81750720e42a\",\"name\":\"Christopher Marrec-Top\",\"image\":{\"@type\":\"ImageObject\",\"inLanguage\":\"fr-FR\",\"@id\":\"https:\/\/theplayoffs.news\/fr\/#\/schema\/person\/image\/\",\"url\":\"https:\/\/secure.gravatar.com\/avatar\/3102192a417211661aecac9ec415c973058438e49145f224d4e3273853f80021?s=96&d=mm&r=g\",\"contentUrl\":\"https:\/\/secure.gravatar.com\/avatar\/3102192a417211661aecac9ec415c973058438e49145f224d4e3273853f80021?s=96&d=mm&r=g\",\"caption\":\"Christopher Marrec-Top\"},\"description\":\"Christopher, 37 ans et biberonn\u00e9 au cidre et aux cr\u00eapes (rien de plus normal pour un breton). Animateur du podcast \\\\\\\"And One\\\\\\\", d\u00e9di\u00e9 \u00e0 l\u2019univers du basket (NBA, WNBA, Draft), et r\u00e9dacteur pour le site ThePlayoffs. Je suis entr\u00e9 dans le monde des m\u00e9dias il y a quelques ann\u00e9es en tant que novice, mais ma passion pour le sport m\u2019anime au quotidien. Admirateur inconditionnel d\\\\'un certain \\\\\\\"Chosen One\\\\\\\", je l\\\\'ai particuli\u00e8rement suivi avec un maillot noir orn\u00e9 d\\\\'un grand C (avec le maillot \\\\\\\"purple and gold\\\\\\\" il se d\u00e9brouille toujours pas trop mal). Amoureux du sport am\u00e9ricain dans son ensemble, je reste fid\u00e8le \u00e0 la discipline fond\u00e9e par James Naismith. ENJOY !! Et longue vie \u00e0 ThePlayoffs !\",\"url\":\"https:\/\/theplayoffs.news\/fr\/author\/christophertop\/\"}]}<\/script>\n<!-- \/ Yoast SEO plugin. -->","yoast_head_json":{"title":"Podcast NBA : Le d&eacute;but de saison des Suns - The Playoffs FR","robots":{"index":"index","follow":"follow","max-snippet":"max-snippet:-1","max-image-preview":"max-image-preview:large","max-video-preview":"max-video-preview:-1"},"canonical":"https:\/\/theplayoffs.news\/fr\/actualite-nba\/podcast-nba-le-debut-de-saison-des-suns\/","og_locale":"fr_FR","og_type":"article","og_title":"Podcast NBA : Le d&eacute;but de saison des Suns - The Playoffs FR","og_url":"https:\/\/theplayoffs.news\/fr\/actualite-nba\/podcast-nba-le-debut-de-saison-des-suns\/","og_site_name":"The Playoffs FR","article_publisher":"https:\/\/www.facebook.com\/TheFreeAgentFR\/","article_modified_time":"2023-11-07T06:04:06+00:00","og_image":[{"width":1080,"height":1080,"url":"https:\/\/theplayoffs.news\/fr\/wp-content\/uploads\/2022\/05\/PODCAST-2.png","type":"image\/png"}],"author":"Christopher Marrec-Top","twitter_card":"summary_large_image","twitter_creator":"@TheFreeAgentFR","twitter_site":"@TheFreeAgentFR","twitter_misc":{"\u00c9crit par":"Christopher Marrec-Top"},"schema":{"@context":"https:\/\/schema.org","@graph":[{"@type":"WebPage","@id":"https:\/\/theplayoffs.news\/fr\/actualite-nba\/podcast-nba-le-debut-de-saison-des-suns\/","url":"https:\/\/theplayoffs.news\/fr\/actualite-nba\/podcast-nba-le-debut-de-saison-des-suns\/","name":"Podcast NBA : Le d\u00e9but de saison des Suns - The Playoffs FR","isPartOf":{"@id":"https:\/\/theplayoffs.news\/fr\/#website"},"primaryImageOfPage":{"@id":"https:\/\/theplayoffs.news\/fr\/actualite-nba\/podcast-nba-le-debut-de-saison-des-suns\/#primaryimage"},"image":{"@id":"https:\/\/theplayoffs.news\/fr\/actualite-nba\/podcast-nba-le-debut-de-saison-des-suns\/#primaryimage"},"thumbnailUrl":"https:\/\/theplayoffs.news\/fr\/wp-content\/uploads\/2022\/05\/PODCAST-2.png","datePublished":"2023-11-07T06:02:12+00:00","dateModified":"2023-11-07T06:04:06+00:00","author":{"@id":"https:\/\/theplayoffs.news\/fr\/#\/schema\/person\/863ce84969b07bfc09ef81750720e42a"},"breadcrumb":{"@id":"https:\/\/theplayoffs.news\/fr\/actualite-nba\/podcast-nba-le-debut-de-saison-des-suns\/#breadcrumb"},"inLanguage":"fr-FR","potentialAction":[{"@type":"ReadAction","target":["https:\/\/theplayoffs.news\/fr\/actualite-nba\/podcast-nba-le-debut-de-saison-des-suns\/"]}]},{"@type":"ImageObject","inLanguage":"fr-FR","@id":"https:\/\/theplayoffs.news\/fr\/actualite-nba\/podcast-nba-le-debut-de-saison-des-suns\/#primaryimage","url":"https:\/\/theplayoffs.news\/fr\/wp-content\/uploads\/2022\/05\/PODCAST-2.png","contentUrl":"https:\/\/theplayoffs.news\/fr\/wp-content\/uploads\/2022\/05\/PODCAST-2.png","width":1080,"height":1080,"caption":"podcast NBA"},{"@type":"BreadcrumbList","@id":"https:\/\/theplayoffs.news\/fr\/actualite-nba\/podcast-nba-le-debut-de-saison-des-suns\/#breadcrumb","itemListElement":[{"@type":"ListItem","position":1,"name":"Accueil","item":"https:\/\/theplayoffs.news\/fr\/"},{"@type":"ListItem","position":2,"name":"Podcast NBA : Le d\u00e9but de saison des Suns"}]},{"@type":"WebSite","@id":"https:\/\/theplayoffs.news\/fr\/#website","url":"https:\/\/theplayoffs.news\/fr\/","name":"The Playoffs FR","description":"NBA-NFL-NHL-MLB","potentialAction":[{"@type":"SearchAction","target":{"@type":"EntryPoint","urlTemplate":"https:\/\/theplayoffs.news\/fr\/?s={search_term_string}"},"query-input":{"@type":"PropertyValueSpecification","valueRequired":true,"valueName":"search_term_string"}}],"inLanguage":"fr-FR"},{"@type":"Person","@id":"https:\/\/theplayoffs.news\/fr\/#\/schema\/person\/863ce84969b07bfc09ef81750720e42a","name":"Christopher Marrec-Top","image":{"@type":"ImageObject","inLanguage":"fr-FR","@id":"https:\/\/theplayoffs.news\/fr\/#\/schema\/person\/image\/","url":"https:\/\/secure.gravatar.com\/avatar\/3102192a417211661aecac9ec415c973058438e49145f224d4e3273853f80021?s=96&d=mm&r=g","contentUrl":"https:\/\/secure.gravatar.com\/avatar\/3102192a417211661aecac9ec415c973058438e49145f224d4e3273853f80021?s=96&d=mm&r=g","caption":"Christopher Marrec-Top"},"description":"Christopher, 37 ans et biberonn\u00e9 au cidre et aux cr\u00eapes (rien de plus normal pour un breton). Animateur du podcast \\\"And One\\\", d\u00e9di\u00e9 \u00e0 l\u2019univers du basket (NBA, WNBA, Draft), et r\u00e9dacteur pour le site ThePlayoffs. Je suis entr\u00e9 dans le monde des m\u00e9dias il y a quelques ann\u00e9es en tant que novice, mais ma passion pour le sport m\u2019anime au quotidien. Admirateur inconditionnel d\\'un certain \\\"Chosen One\\\", je l\\'ai particuli\u00e8rement suivi avec un maillot noir orn\u00e9 d\\'un grand C (avec le maillot \\\"purple and gold\\\" il se d\u00e9brouille toujours pas trop mal). Amoureux du sport am\u00e9ricain dans son ensemble, je reste fid\u00e8le \u00e0 la discipline fond\u00e9e par James Naismith. ENJOY !! Et longue vie \u00e0 ThePlayoffs !","url":"https:\/\/theplayoffs.news\/fr\/author\/christophertop\/"}]}},"_links":{"self":[{"href":"https:\/\/theplayoffs.news\/fr\/wp-json\/wp\/v2\/posts\/1055025","targetHints":{"allow":["GET"]}}],"collection":[{"href":"https:\/\/theplayoffs.news\/fr\/wp-json\/wp\/v2\/posts"}],"about":[{"href":"https:\/\/theplayoffs.news\/fr\/wp-json\/wp\/v2\/types\/post"}],"author":[{"embeddable":true,"href":"https:\/\/theplayoffs.news\/fr\/wp-json\/wp\/v2\/users\/180310001"}],"replies":[{"embeddable":true,"href":"https:\/\/theplayoffs.news\/fr\/wp-json\/wp\/v2\/comments?post=1055025"}],"version-history":[{"count":4,"href":"https:\/\/theplayoffs.news\/fr\/wp-json\/wp\/v2\/posts\/1055025\/revisions"}],"predecessor-version":[{"id":1055599,"href":"https:\/\/theplayoffs.news\/fr\/wp-json\/wp\/v2\/posts\/1055025\/revisions\/1055599"}],"wp:featuredmedia":[{"embeddable":true,"href":"https:\/\/theplayoffs.news\/fr\/wp-json\/wp\/v2\/media\/339351"}],"wp:attachment":[{"href":"https:\/\/theplayoffs.news\/fr\/wp-json\/wp\/v2\/media?parent=1055025"}],"wp:term":[{"taxonomy":"category","embeddable":true,"href":"https:\/\/theplayoffs.news\/fr\/wp-json\/wp\/v2\/categories?post=1055025"},{"taxonomy":"post_tag","embeddable":true,"href":"https:\/\/theplayoffs.news\/fr\/wp-json\/wp\/v2\/tags?post=1055025"},{"taxonomy":"sport","embeddable":true,"href":"https:\/\/theplayoffs.news\/fr\/wp-json\/wp\/v2\/sport?post=1055025"},{"taxonomy":"saison","embeddable":true,"href":"https:\/\/theplayoffs.news\/fr\/wp-json\/wp\/v2\/saison?post=1055025"}],"curies":[{"name":"wp","href":"https:\/\/api.w.org\/{rel}","templated":true}]}}