{"id":1054500,"date":"2023-11-06T15:19:24","date_gmt":"2023-11-06T14:19:24","guid":{"rendered":"https:\/\/theplayoffs.news\/fr\/?p=1054500"},"modified":"2023-11-06T15:19:25","modified_gmt":"2023-11-06T14:19:25","slug":"steve-kerr-terminera-fin-mandat-team-usa","status":"publish","type":"post","link":"https:\/\/theplayoffs.news\/fr\/actualite-nba\/steve-kerr-terminera-fin-mandat-team-usa\/","title":{"rendered":"Transition \u00e0 l&rsquo;horizon : Steve Kerr terminera son mandat d&rsquo;entra\u00eeneur de Team USA apr\u00e8s les Jeux Olympiques de Paris"},"content":{"rendered":"<h2>NBA &ndash; Alors que les Jeux olympiques de Paris se profilent &agrave; l&rsquo;horizon, un changement important va s&rsquo;op&eacute;rer au sein de l&rsquo;&eacute;quipe de basket-ball des &Eacute;tats-Unis.<\/h2><p>L&rsquo;entra&icirc;neur principal des Golden State Warriors, Steve Kerr, a clairement annonc&eacute; ses intentions : les Jeux de Paris marqueront la fin de son parcours en tant qu&rsquo;entra&icirc;neur de Team USA.<\/p><p>La d&eacute;cision de Kerr fait &eacute;cho &agrave; une philosophie d&rsquo;entra&icirc;nement qui valorise les nouvelles perspectives. &laquo;&nbsp;Non&nbsp;&raquo;, a d&eacute;clar&eacute; Steve Kerr, avec la franchise qui caract&eacute;rise son mandat :<\/p><blockquote><p>&laquo;&nbsp;Pour moi, c&rsquo;est une p&eacute;riode de deux ans, c&rsquo;est un cycle&nbsp;&raquo;. Il a ensuite expliqu&eacute; sa position via <a href=\"https:\/\/theathletic.com\/5034808\/2023\/11\/06\/warriors-steve-kerr-team-usa-paris\/?source=twitterhq\" class=\"trk-cta-link\" data-cta-trk='{\"ctaType\":\"Link\",\"ctaSubType\":\"main\"}'>The Athletic<\/a> : &laquo;&nbsp;Pop a entra&icirc;n&eacute; une Coupe du monde et les Jeux olympiques, maintenant c&rsquo;est &agrave; mon tour de passer le relais. Je pense que c&rsquo;est un peu comme &ccedil;a que &ccedil;a doit se passer&nbsp;&raquo;.<\/p><\/blockquote><p>Apr&egrave;s avoir rev&ecirc;tu le maillot national en 1986 et avoir &eacute;t&eacute; entra&icirc;neur adjoint, Steve Kerr a fait le tour de la question lorsqu&rsquo;il est devenu entra&icirc;neur principal. Sous sa direction, Team USA a d&eacute;croch&eacute; une quatri&egrave;me m&eacute;daille d&rsquo;or cons&eacute;cutive aux Jeux olympiques de Tokyo en 2021.<\/p><p>Pourtant, le chemin &agrave; parcourir par Team USA est sem&eacute; d&rsquo;emb&ucirc;ches et de d&eacute;cisions &agrave; prendre. La composition de l&rsquo;&eacute;quipe pour Paris est encore &agrave; l&rsquo;&eacute;tude, sous la houlette de Kerr et du directeur g&eacute;n&eacute;ral Grant Hill.<\/p><blockquote><p>&laquo;&nbsp;Nous aimerions avoir une liste &eacute;tablie le plus t&ocirc;t possible&nbsp;&raquo;, a d&eacute;clar&eacute; Steve Kerr, soulignant la complexit&eacute; de la s&eacute;lection d&rsquo;une &eacute;quipe &eacute;quilibr&eacute;e au milieu d&rsquo;une pl&eacute;thore de talents.<\/p><\/blockquote><p>Dans ses r&eacute;flexions sur le pass&eacute; et le d&eacute;fi olympique &agrave; venir, Steve Kerr n&rsquo;a pas h&eacute;sit&eacute; &agrave; se remettre en question.<\/p><blockquote><p>&laquo;&nbsp;Nous n&rsquo;&eacute;tions pas assez concentr&eacute;s d&eacute;fensivement pour gagner le match&nbsp;&raquo;, a-t-il fait remarquer &agrave; propos des &eacute;checs de la Coupe du monde, d&eacute;montrant ainsi son engagement &agrave; s&rsquo;am&eacute;liorer continuellement.<\/p><\/blockquote><p>Avec des puissances comme la Serbie, le Canada et l&rsquo;Allemagne qui apportent une formidable profondeur &agrave; la NBA, Steve Kerr reconna&icirc;t que m&ecirc;me une &eacute;quipe am&eacute;ricaine compos&eacute;e de stars ne garantit pas un chemin facile vers la m&eacute;daille d&rsquo;or.<\/p><p>&nbsp;<\/p><p>Credit: Alonzo Adams-USA TODAY Sports<\/p>\n","protected":false},"excerpt":{"rendered":"","protected":false},"author":180310178,"featured_media":1054509,"comment_status":"open","ping_status":"closed","sticky":false,"template":"","format":"standard","meta":{"inline_featured_image":false,"kia_subtitle":"","_mux_skip_reasons":[],"proofreadBy":0,"footnotes":""},"categories":[110,10],"tags":[1098,1904],"sport":[],"saison":[],"class_list":["post-1054500","post","type-post","status-publish","format-standard","has-post-thumbnail","hentry","category-actualite-nba","category-nba","tag-steve-kerr","tag-team-usa"],"acf":[],"yoast_head":"<!-- This site is optimized with the Yoast SEO plugin v24.2 - https:\/\/yoast.com\/wordpress\/plugins\/seo\/ -->\n<title>Transition &agrave; l&#039;horizon : Steve Kerr terminera son mandat d&#039;entra&icirc;neur de Team USA apr&egrave;s les Jeux Olympiques de Paris - The Playoffs FR<\/title>\n<meta name=\"robots\" content=\"index, follow, max-snippet:-1, max-image-preview:large, max-video-preview:-1\" \/>\n<link rel=\"canonical\" href=\"https:\/\/theplayoffs.news\/fr\/actualite-nba\/steve-kerr-terminera-fin-mandat-team-usa\/\" \/>\n<meta property=\"og:locale\" content=\"fr_FR\" \/>\n<meta property=\"og:type\" content=\"article\" \/>\n<meta property=\"og:title\" content=\"Transition &agrave; l&#039;horizon : Steve Kerr terminera son mandat d&#039;entra&icirc;neur de Team USA apr&egrave;s les Jeux Olympiques de Paris - The Playoffs FR\" \/>\n<meta property=\"og:url\" content=\"https:\/\/theplayoffs.news\/fr\/actualite-nba\/steve-kerr-terminera-fin-mandat-team-usa\/\" \/>\n<meta property=\"og:site_name\" content=\"The Playoffs FR\" \/>\n<meta property=\"article:publisher\" content=\"https:\/\/www.facebook.com\/TheFreeAgentFR\/\" \/>\n<meta property=\"article:modified_time\" content=\"2023-11-06T15:19:25+01:00\" \/>\n<meta property=\"og:image\" content=\"https:\/\/theplayoffs.news\/fr\/wp-content\/uploads\/2023\/11\/USATSI_21811116.jpg\" \/>\n\t<meta property=\"og:image:width\" content=\"1920\" \/>\n\t<meta property=\"og:image:height\" content=\"1280\" \/>\n\t<meta property=\"og:image:type\" content=\"image\/jpeg\" \/>\n<meta name=\"author\" content=\"Arthur Berlemont\" \/>\n<meta name=\"twitter:card\" content=\"summary_large_image\" \/>\n<meta name=\"twitter:creator\" content=\"@TheFreeAgentFR\" \/>\n<meta name=\"twitter:site\" content=\"@TheFreeAgentFR\" \/>\n<meta name=\"twitter:label1\" content=\"\u00c9crit par\" \/>\n\t<meta name=\"twitter:data1\" content=\"Arthur Berlemont\" \/>\n\t<meta name=\"twitter:label2\" content=\"Dur\u00e9e de lecture estim\u00e9e\" \/>\n\t<meta name=\"twitter:data2\" content=\"2 minutes\" \/>\n<script type=\"application\/ld+json\" class=\"yoast-schema-graph\">{\"@context\":\"https:\/\/schema.org\",\"@graph\":[{\"@type\":\"WebPage\",\"@id\":\"https:\/\/theplayoffs.news\/fr\/actualite-nba\/steve-kerr-terminera-fin-mandat-team-usa\/\",\"url\":\"https:\/\/theplayoffs.news\/fr\/actualite-nba\/steve-kerr-terminera-fin-mandat-team-usa\/\",\"name\":\"Transition \u00e0 l\\\\'horizon : Steve Kerr terminera son mandat d\\\\'entra\u00eeneur de Team USA apr\u00e8s les Jeux Olympiques de Paris - The Playoffs FR\",\"isPartOf\":{\"@id\":\"https:\/\/theplayoffs.news\/fr\/#website\"},\"primaryImageOfPage\":{\"@id\":\"https:\/\/theplayoffs.news\/fr\/actualite-nba\/steve-kerr-terminera-fin-mandat-team-usa\/#primaryimage\"},\"image\":{\"@id\":\"https:\/\/theplayoffs.news\/fr\/actualite-nba\/steve-kerr-terminera-fin-mandat-team-usa\/#primaryimage\"},\"thumbnailUrl\":\"https:\/\/theplayoffs.news\/fr\/wp-content\/uploads\/2023\/11\/USATSI_21811116.jpg\",\"datePublished\":\"2023-11-06T14:19:24+00:00\",\"dateModified\":\"2023-11-06T14:19:25+00:00\",\"author\":{\"@id\":\"https:\/\/theplayoffs.news\/fr\/#\/schema\/person\/b6b04a451dab03a5ab75cec8912e8942\"},\"breadcrumb\":{\"@id\":\"https:\/\/theplayoffs.news\/fr\/actualite-nba\/steve-kerr-terminera-fin-mandat-team-usa\/#breadcrumb\"},\"inLanguage\":\"fr-FR\",\"potentialAction\":[{\"@type\":\"ReadAction\",\"target\":[\"https:\/\/theplayoffs.news\/fr\/actualite-nba\/steve-kerr-terminera-fin-mandat-team-usa\/\"]}]},{\"@type\":\"ImageObject\",\"inLanguage\":\"fr-FR\",\"@id\":\"https:\/\/theplayoffs.news\/fr\/actualite-nba\/steve-kerr-terminera-fin-mandat-team-usa\/#primaryimage\",\"url\":\"https:\/\/theplayoffs.news\/fr\/wp-content\/uploads\/2023\/11\/USATSI_21811116.jpg\",\"contentUrl\":\"https:\/\/theplayoffs.news\/fr\/wp-content\/uploads\/2023\/11\/USATSI_21811116.jpg\",\"width\":1920,\"height\":1280,\"caption\":\"Nov 3, 2023; Oklahoma City, Oklahoma, USA; Golden State Warriors head coach Steve Kerr reacts after a play against the Oklahoma City Thunder during the second half at Paycom Center. Mandatory Credit: Alonzo Adams-USA TODAY Sports\"},{\"@type\":\"BreadcrumbList\",\"@id\":\"https:\/\/theplayoffs.news\/fr\/actualite-nba\/steve-kerr-terminera-fin-mandat-team-usa\/#breadcrumb\",\"itemListElement\":[{\"@type\":\"ListItem\",\"position\":1,\"name\":\"Accueil\",\"item\":\"https:\/\/theplayoffs.news\/fr\/\"},{\"@type\":\"ListItem\",\"position\":2,\"name\":\"Transition \u00e0 l&rsquo;horizon : Steve Kerr terminera son mandat d&rsquo;entra\u00eeneur de Team USA apr\u00e8s les Jeux Olympiques de Paris\"}]},{\"@type\":\"WebSite\",\"@id\":\"https:\/\/theplayoffs.news\/fr\/#website\",\"url\":\"https:\/\/theplayoffs.news\/fr\/\",\"name\":\"The Playoffs FR\",\"description\":\"NBA-NFL-NHL-MLB\",\"potentialAction\":[{\"@type\":\"SearchAction\",\"target\":{\"@type\":\"EntryPoint\",\"urlTemplate\":\"https:\/\/theplayoffs.news\/fr\/?s={search_term_string}\"},\"query-input\":{\"@type\":\"PropertyValueSpecification\",\"valueRequired\":true,\"valueName\":\"search_term_string\"}}],\"inLanguage\":\"fr-FR\"},{\"@type\":\"Person\",\"@id\":\"https:\/\/theplayoffs.news\/fr\/#\/schema\/person\/b6b04a451dab03a5ab75cec8912e8942\",\"name\":\"Arthur Berlemont\",\"image\":{\"@type\":\"ImageObject\",\"inLanguage\":\"fr-FR\",\"@id\":\"https:\/\/theplayoffs.news\/fr\/#\/schema\/person\/image\/\",\"url\":\"https:\/\/secure.gravatar.com\/avatar\/19ddab1d62ab0a19b186b86cee130432b120dd6f085625a6a6757dd1aa90a5f3?s=96&d=mm&r=g\",\"contentUrl\":\"https:\/\/secure.gravatar.com\/avatar\/19ddab1d62ab0a19b186b86cee130432b120dd6f085625a6a6757dd1aa90a5f3?s=96&d=mm&r=g\",\"caption\":\"Arthur Berlemont\"},\"description\":\"Etudiant passionn\u00e9 de sport, avant tout m\u00e9caniques, j\\\\'ai d\u00e9couvert les sports US il y a quelques ann\u00e9es. J\\\\'ai tout de suite accroch\u00e9 pour la ville de Cincinnati et ses franchises de NFL et MLB. Aujourd\\\\'hui, je suis l\u00e0 par passion dans la r\u00e9daction d\\\\'articles sur divers sports que j\\\\'affectionne.\",\"url\":\"https:\/\/theplayoffs.news\/fr\/author\/arthur-berlemontgmail-com\/\"}]}<\/script>\n<!-- \/ Yoast SEO plugin. -->","yoast_head_json":{"title":"Transition &agrave; l&#039;horizon : Steve Kerr terminera son mandat d&#039;entra&icirc;neur de Team USA apr&egrave;s les Jeux Olympiques de Paris - The Playoffs FR","robots":{"index":"index","follow":"follow","max-snippet":"max-snippet:-1","max-image-preview":"max-image-preview:large","max-video-preview":"max-video-preview:-1"},"canonical":"https:\/\/theplayoffs.news\/fr\/actualite-nba\/steve-kerr-terminera-fin-mandat-team-usa\/","og_locale":"fr_FR","og_type":"article","og_title":"Transition &agrave; l&#039;horizon : Steve Kerr terminera son mandat d&#039;entra&icirc;neur de Team USA apr&egrave;s les Jeux Olympiques de Paris - The Playoffs FR","og_url":"https:\/\/theplayoffs.news\/fr\/actualite-nba\/steve-kerr-terminera-fin-mandat-team-usa\/","og_site_name":"The Playoffs FR","article_publisher":"https:\/\/www.facebook.com\/TheFreeAgentFR\/","article_modified_time":"2023-11-06T14:19:25+00:00","og_image":[{"width":1920,"height":1280,"url":"https:\/\/theplayoffs.news\/fr\/wp-content\/uploads\/2023\/11\/USATSI_21811116.jpg","type":"image\/jpeg"}],"author":"Arthur Berlemont","twitter_card":"summary_large_image","twitter_creator":"@TheFreeAgentFR","twitter_site":"@TheFreeAgentFR","twitter_misc":{"\u00c9crit par":"Arthur Berlemont","Dur\u00e9e de lecture estim\u00e9e":"2 minutes"},"schema":{"@context":"https:\/\/schema.org","@graph":[{"@type":"WebPage","@id":"https:\/\/theplayoffs.news\/fr\/actualite-nba\/steve-kerr-terminera-fin-mandat-team-usa\/","url":"https:\/\/theplayoffs.news\/fr\/actualite-nba\/steve-kerr-terminera-fin-mandat-team-usa\/","name":"Transition \u00e0 l\\'horizon : Steve Kerr terminera son mandat d\\'entra\u00eeneur de Team USA apr\u00e8s les Jeux Olympiques de Paris - The Playoffs FR","isPartOf":{"@id":"https:\/\/theplayoffs.news\/fr\/#website"},"primaryImageOfPage":{"@id":"https:\/\/theplayoffs.news\/fr\/actualite-nba\/steve-kerr-terminera-fin-mandat-team-usa\/#primaryimage"},"image":{"@id":"https:\/\/theplayoffs.news\/fr\/actualite-nba\/steve-kerr-terminera-fin-mandat-team-usa\/#primaryimage"},"thumbnailUrl":"https:\/\/theplayoffs.news\/fr\/wp-content\/uploads\/2023\/11\/USATSI_21811116.jpg","datePublished":"2023-11-06T14:19:24+00:00","dateModified":"2023-11-06T14:19:25+00:00","author":{"@id":"https:\/\/theplayoffs.news\/fr\/#\/schema\/person\/b6b04a451dab03a5ab75cec8912e8942"},"breadcrumb":{"@id":"https:\/\/theplayoffs.news\/fr\/actualite-nba\/steve-kerr-terminera-fin-mandat-team-usa\/#breadcrumb"},"inLanguage":"fr-FR","potentialAction":[{"@type":"ReadAction","target":["https:\/\/theplayoffs.news\/fr\/actualite-nba\/steve-kerr-terminera-fin-mandat-team-usa\/"]}]},{"@type":"ImageObject","inLanguage":"fr-FR","@id":"https:\/\/theplayoffs.news\/fr\/actualite-nba\/steve-kerr-terminera-fin-mandat-team-usa\/#primaryimage","url":"https:\/\/theplayoffs.news\/fr\/wp-content\/uploads\/2023\/11\/USATSI_21811116.jpg","contentUrl":"https:\/\/theplayoffs.news\/fr\/wp-content\/uploads\/2023\/11\/USATSI_21811116.jpg","width":1920,"height":1280,"caption":"Nov 3, 2023; Oklahoma City, Oklahoma, USA; Golden State Warriors head coach Steve Kerr reacts after a play against the Oklahoma City Thunder during the second half at Paycom Center. Mandatory Credit: Alonzo Adams-USA TODAY Sports"},{"@type":"BreadcrumbList","@id":"https:\/\/theplayoffs.news\/fr\/actualite-nba\/steve-kerr-terminera-fin-mandat-team-usa\/#breadcrumb","itemListElement":[{"@type":"ListItem","position":1,"name":"Accueil","item":"https:\/\/theplayoffs.news\/fr\/"},{"@type":"ListItem","position":2,"name":"Transition \u00e0 l&rsquo;horizon : Steve Kerr terminera son mandat d&rsquo;entra\u00eeneur de Team USA apr\u00e8s les Jeux Olympiques de Paris"}]},{"@type":"WebSite","@id":"https:\/\/theplayoffs.news\/fr\/#website","url":"https:\/\/theplayoffs.news\/fr\/","name":"The Playoffs FR","description":"NBA-NFL-NHL-MLB","potentialAction":[{"@type":"SearchAction","target":{"@type":"EntryPoint","urlTemplate":"https:\/\/theplayoffs.news\/fr\/?s={search_term_string}"},"query-input":{"@type":"PropertyValueSpecification","valueRequired":true,"valueName":"search_term_string"}}],"inLanguage":"fr-FR"},{"@type":"Person","@id":"https:\/\/theplayoffs.news\/fr\/#\/schema\/person\/b6b04a451dab03a5ab75cec8912e8942","name":"Arthur Berlemont","image":{"@type":"ImageObject","inLanguage":"fr-FR","@id":"https:\/\/theplayoffs.news\/fr\/#\/schema\/person\/image\/","url":"https:\/\/secure.gravatar.com\/avatar\/19ddab1d62ab0a19b186b86cee130432b120dd6f085625a6a6757dd1aa90a5f3?s=96&d=mm&r=g","contentUrl":"https:\/\/secure.gravatar.com\/avatar\/19ddab1d62ab0a19b186b86cee130432b120dd6f085625a6a6757dd1aa90a5f3?s=96&d=mm&r=g","caption":"Arthur Berlemont"},"description":"Etudiant passionn\u00e9 de sport, avant tout m\u00e9caniques, j\\'ai d\u00e9couvert les sports US il y a quelques ann\u00e9es. J\\'ai tout de suite accroch\u00e9 pour la ville de Cincinnati et ses franchises de NFL et MLB. Aujourd\\'hui, je suis l\u00e0 par passion dans la r\u00e9daction d\\'articles sur divers sports que j\\'affectionne.","url":"https:\/\/theplayoffs.news\/fr\/author\/arthur-berlemontgmail-com\/"}]}},"_links":{"self":[{"href":"https:\/\/theplayoffs.news\/fr\/wp-json\/wp\/v2\/posts\/1054500","targetHints":{"allow":["GET"]}}],"collection":[{"href":"https:\/\/theplayoffs.news\/fr\/wp-json\/wp\/v2\/posts"}],"about":[{"href":"https:\/\/theplayoffs.news\/fr\/wp-json\/wp\/v2\/types\/post"}],"author":[{"embeddable":true,"href":"https:\/\/theplayoffs.news\/fr\/wp-json\/wp\/v2\/users\/180310178"}],"replies":[{"embeddable":true,"href":"https:\/\/theplayoffs.news\/fr\/wp-json\/wp\/v2\/comments?post=1054500"}],"version-history":[{"count":2,"href":"https:\/\/theplayoffs.news\/fr\/wp-json\/wp\/v2\/posts\/1054500\/revisions"}],"predecessor-version":[{"id":1054531,"href":"https:\/\/theplayoffs.news\/fr\/wp-json\/wp\/v2\/posts\/1054500\/revisions\/1054531"}],"wp:featuredmedia":[{"embeddable":true,"href":"https:\/\/theplayoffs.news\/fr\/wp-json\/wp\/v2\/media\/1054509"}],"wp:attachment":[{"href":"https:\/\/theplayoffs.news\/fr\/wp-json\/wp\/v2\/media?parent=1054500"}],"wp:term":[{"taxonomy":"category","embeddable":true,"href":"https:\/\/theplayoffs.news\/fr\/wp-json\/wp\/v2\/categories?post=1054500"},{"taxonomy":"post_tag","embeddable":true,"href":"https:\/\/theplayoffs.news\/fr\/wp-json\/wp\/v2\/tags?post=1054500"},{"taxonomy":"sport","embeddable":true,"href":"https:\/\/theplayoffs.news\/fr\/wp-json\/wp\/v2\/sport?post=1054500"},{"taxonomy":"saison","embeddable":true,"href":"https:\/\/theplayoffs.news\/fr\/wp-json\/wp\/v2\/saison?post=1054500"}],"curies":[{"name":"wp","href":"https:\/\/api.w.org\/{rel}","templated":true}]}}