{"id":1053220,"date":"2023-11-06T09:55:54","date_gmt":"2023-11-06T08:55:54","guid":{"rendered":"https:\/\/theplayoffs.news\/fr\/?p=1053220"},"modified":"2023-11-06T09:55:55","modified_gmt":"2023-11-06T08:55:55","slug":"chicago-cubs-juan-soto-et-pete-alonso-dans-le-viseur","status":"publish","type":"post","link":"https:\/\/theplayoffs.news\/fr\/actualite-mlb\/chicago-cubs-juan-soto-et-pete-alonso-dans-le-viseur\/","title":{"rendered":"Chicago Cubs : Juan Soto et Pete Alonso dans le viseur ?"},"content":{"rendered":"<h2>MLB &ndash; Alors que la free agency d&eacute;bute aujourd&rsquo;hui, les Cubs de Chicago pourraient bien &ecirc;tre actifs.<\/h2><p>Sous la direction de Jed Hoyer, le club semble pr&ecirc;t &agrave; tirer parti de ses atouts pour am&eacute;liorer son effectif.<\/p><h3>Des acquisitions cibl&eacute;es<\/h3><p>Hoyer, &eacute;vitant les pi&egrave;ges associ&eacute;s aux contrats pluriannuels pour les releveurs, serait &agrave; la recherche d&rsquo;un bras solide pour renforcer l&rsquo;enclos. La strat&eacute;gie consiste &agrave; acqu&eacute;rir un releveur &eacute;tabli par le biais d&rsquo;un &eacute;change, id&eacute;alement un releveur qui approche de l&rsquo;arbitrage, ce qui le rend potentiellement moins abordable pour une &eacute;quipe du petit march&eacute;, mais constitue un atout pr&eacute;cieux pour les Cubs.<\/p><p>Avec le d&eacute;part potentiel de Marcus Stroman, une place s&rsquo;ouvre pour un starter &agrave; long terme, ce qui fait que le club se concentre sur les lanceurs durables. Les Cubs pourraient donc plonger profond&eacute;ment dans le bassin des &eacute;changes, &agrave; la recherche d&rsquo;une transaction qui ait du sens &agrave; la fois sur le plan financier et strat&eacute;gique.<\/p><h3>Puissance de feu offensive : Un risque calcul&eacute;<\/h3><p>Les noms de <a href=\"https:\/\/theplayoffs.news\/fr\/joueur\/juan-soto-mlb-73938\/\" class=\"trk-cta-link\" data-cta-trk='{\"ctaType\":\"Link\",\"ctaSubType\":\"main\"}'><strong>Juan Soto<\/strong><\/a> et <a href=\"https:\/\/theplayoffs.news\/fr\/joueur\/pete-alonso-mlb-74996\/\" class=\"trk-cta-link\" data-cta-trk='{\"ctaType\":\"Link\",\"ctaSubType\":\"main\"}'><strong>Pete Alonso<\/strong><\/a> apparaissent comme des cibles logiques selon <a href=\"https:\/\/theathletic.com\/5030992\/2023\/11\/05\/cubs-offseason-rumors-gm-meetings\/\" class=\"trk-cta-link\" data-cta-trk='{\"ctaType\":\"Link\",\"ctaSubType\":\"main\"}'>The Athletic<\/a>, chacun d&rsquo;entre eux n&rsquo;ayant plus qu&rsquo;une ann&eacute;e de contr&ocirc;le. Bien que le tic-tac de leurs contrats puisse en dissuader certains, pour Hoyer, il s&rsquo;agit d&rsquo;une chance d&rsquo;acqu&eacute;rir des talents d&rsquo;&eacute;lite &agrave; des co&ucirc;ts potentiellement r&eacute;duits, tout en conservant une certaine souplesse financi&egrave;re pour l&rsquo;avenir.<\/p><p>Alonso, en particulier, a d&eacute;montr&eacute; ses prouesses contre les lanceurs des Cubs, avec six home run en 2023. Cette domination n&rsquo;a s&ucirc;rement pas &eacute;chapp&eacute; au front office et pourrait faire pencher la balance en faveur d&rsquo;un &eacute;change.<\/p><p>La recherche de jeunes lanceurs par les Mets pourrait s&rsquo;entrecroiser avec la profondeur des Cubs dans ce domaine, offrant un sc&eacute;nario o&ugrave; le co&ucirc;t d&rsquo;un frappeur puissant comme Alonso n&rsquo;&eacute;puise pas de mani&egrave;re significative le farming system des Cubs.<\/p><p>Christopher Morel appara&icirc;t comme une pi&egrave;ce d&rsquo;&eacute;change possible. Ses talents offensifs ind&eacute;niables sont temp&eacute;r&eacute;s par l&rsquo;absence d&rsquo;un r&ocirc;le d&eacute;fensif d&eacute;finitif. Morel pourrait trouver sa valeur maximale dans une &eacute;quipe pr&ecirc;te &agrave; investir dans sa polyvalence.<\/p><p>Le cas de Morel est embl&eacute;matique de la strat&eacute;gie globale des Cubs : miser sur les bons prospects pour obtenir des gains imm&eacute;diats tout en favorisant le d&eacute;veloppement des autres.<\/p><p>&nbsp;<\/p><p>Credit: Brad Penner-USA TODAY Sports<\/p>\n","protected":false},"excerpt":{"rendered":"","protected":false},"author":13,"featured_media":1053256,"comment_status":"open","ping_status":"closed","sticky":false,"template":"","format":"standard","meta":{"inline_featured_image":false,"kia_subtitle":"","_mux_skip_reasons":[],"proofreadBy":0,"footnotes":""},"categories":[188,9],"tags":[451,716,3736],"sport":[],"saison":[],"class_list":["post-1053220","post","type-post","status-publish","format-standard","has-post-thumbnail","hentry","category-actualite-mlb","category-mlb","tag-chicago-cubs","tag-juan-soto","tag-pete-alonso"],"acf":[],"yoast_head":"<!-- This site is optimized with the Yoast SEO plugin v24.2 - https:\/\/yoast.com\/wordpress\/plugins\/seo\/ -->\n<title>Chicago Cubs : Juan Soto et Pete Alonso dans le viseur ? - The Playoffs FR<\/title>\n<meta name=\"robots\" content=\"index, follow, max-snippet:-1, max-image-preview:large, max-video-preview:-1\" \/>\n<link rel=\"canonical\" href=\"https:\/\/theplayoffs.news\/fr\/actualite-mlb\/chicago-cubs-juan-soto-et-pete-alonso-dans-le-viseur\/\" \/>\n<meta property=\"og:locale\" content=\"fr_FR\" \/>\n<meta property=\"og:type\" content=\"article\" \/>\n<meta property=\"og:title\" content=\"Chicago Cubs : Juan Soto et Pete Alonso dans le viseur ? - The Playoffs FR\" \/>\n<meta property=\"og:url\" content=\"https:\/\/theplayoffs.news\/fr\/actualite-mlb\/chicago-cubs-juan-soto-et-pete-alonso-dans-le-viseur\/\" \/>\n<meta property=\"og:site_name\" content=\"The Playoffs FR\" \/>\n<meta property=\"article:publisher\" content=\"https:\/\/www.facebook.com\/TheFreeAgentFR\/\" \/>\n<meta property=\"article:modified_time\" content=\"2023-11-06T09:55:55+01:00\" \/>\n<meta property=\"og:image\" content=\"https:\/\/theplayoffs.news\/fr\/wp-content\/uploads\/2023\/11\/USATSI_21539619-1.jpg\" \/>\n\t<meta property=\"og:image:width\" content=\"1920\" \/>\n\t<meta property=\"og:image:height\" content=\"1280\" \/>\n\t<meta property=\"og:image:type\" content=\"image\/jpeg\" \/>\n<meta name=\"author\" content=\"Charles Taudin\" \/>\n<meta name=\"twitter:card\" content=\"summary_large_image\" \/>\n<meta name=\"twitter:creator\" content=\"@TheFreeAgentFR\" \/>\n<meta name=\"twitter:site\" content=\"@TheFreeAgentFR\" \/>\n<meta name=\"twitter:label1\" content=\"\u00c9crit par\" \/>\n\t<meta name=\"twitter:data1\" content=\"Charles Taudin\" \/>\n\t<meta name=\"twitter:label2\" content=\"Dur\u00e9e de lecture estim\u00e9e\" \/>\n\t<meta name=\"twitter:data2\" content=\"2 minutes\" \/>\n<script type=\"application\/ld+json\" class=\"yoast-schema-graph\">{\"@context\":\"https:\/\/schema.org\",\"@graph\":[{\"@type\":\"WebPage\",\"@id\":\"https:\/\/theplayoffs.news\/fr\/actualite-mlb\/chicago-cubs-juan-soto-et-pete-alonso-dans-le-viseur\/\",\"url\":\"https:\/\/theplayoffs.news\/fr\/actualite-mlb\/chicago-cubs-juan-soto-et-pete-alonso-dans-le-viseur\/\",\"name\":\"Chicago Cubs : Juan Soto et Pete Alonso dans le viseur ? - The Playoffs FR\",\"isPartOf\":{\"@id\":\"https:\/\/theplayoffs.news\/fr\/#website\"},\"primaryImageOfPage\":{\"@id\":\"https:\/\/theplayoffs.news\/fr\/actualite-mlb\/chicago-cubs-juan-soto-et-pete-alonso-dans-le-viseur\/#primaryimage\"},\"image\":{\"@id\":\"https:\/\/theplayoffs.news\/fr\/actualite-mlb\/chicago-cubs-juan-soto-et-pete-alonso-dans-le-viseur\/#primaryimage\"},\"thumbnailUrl\":\"https:\/\/theplayoffs.news\/fr\/wp-content\/uploads\/2023\/11\/USATSI_21539619-1.jpg\",\"datePublished\":\"2023-11-06T08:55:54+00:00\",\"dateModified\":\"2023-11-06T08:55:55+00:00\",\"author\":{\"@id\":\"https:\/\/theplayoffs.news\/fr\/#\/schema\/person\/eee5b69ad5d3c51cabe881c839dbe133\"},\"breadcrumb\":{\"@id\":\"https:\/\/theplayoffs.news\/fr\/actualite-mlb\/chicago-cubs-juan-soto-et-pete-alonso-dans-le-viseur\/#breadcrumb\"},\"inLanguage\":\"fr-FR\",\"potentialAction\":[{\"@type\":\"ReadAction\",\"target\":[\"https:\/\/theplayoffs.news\/fr\/actualite-mlb\/chicago-cubs-juan-soto-et-pete-alonso-dans-le-viseur\/\"]}]},{\"@type\":\"ImageObject\",\"inLanguage\":\"fr-FR\",\"@id\":\"https:\/\/theplayoffs.news\/fr\/actualite-mlb\/chicago-cubs-juan-soto-et-pete-alonso-dans-le-viseur\/#primaryimage\",\"url\":\"https:\/\/theplayoffs.news\/fr\/wp-content\/uploads\/2023\/11\/USATSI_21539619-1.jpg\",\"contentUrl\":\"https:\/\/theplayoffs.news\/fr\/wp-content\/uploads\/2023\/11\/USATSI_21539619-1.jpg\",\"width\":1920,\"height\":1280,\"caption\":\"Sep 30, 2023; New York City, New York, USA; New York Mets first baseman Pete Alonso (20) reacts after popping out to end the seventh inning at Citi Field. Mandatory Credit: Brad Penner-USA TODAY Sports\"},{\"@type\":\"BreadcrumbList\",\"@id\":\"https:\/\/theplayoffs.news\/fr\/actualite-mlb\/chicago-cubs-juan-soto-et-pete-alonso-dans-le-viseur\/#breadcrumb\",\"itemListElement\":[{\"@type\":\"ListItem\",\"position\":1,\"name\":\"Accueil\",\"item\":\"https:\/\/theplayoffs.news\/fr\/\"},{\"@type\":\"ListItem\",\"position\":2,\"name\":\"Chicago Cubs : Juan Soto et Pete Alonso dans le viseur ?\"}]},{\"@type\":\"WebSite\",\"@id\":\"https:\/\/theplayoffs.news\/fr\/#website\",\"url\":\"https:\/\/theplayoffs.news\/fr\/\",\"name\":\"The Playoffs FR\",\"description\":\"NBA-NFL-NHL-MLB\",\"potentialAction\":[{\"@type\":\"SearchAction\",\"target\":{\"@type\":\"EntryPoint\",\"urlTemplate\":\"https:\/\/theplayoffs.news\/fr\/?s={search_term_string}\"},\"query-input\":{\"@type\":\"PropertyValueSpecification\",\"valueRequired\":true,\"valueName\":\"search_term_string\"}}],\"inLanguage\":\"fr-FR\"},{\"@type\":\"Person\",\"@id\":\"https:\/\/theplayoffs.news\/fr\/#\/schema\/person\/eee5b69ad5d3c51cabe881c839dbe133\",\"name\":\"Charles Taudin\",\"image\":{\"@type\":\"ImageObject\",\"inLanguage\":\"fr-FR\",\"@id\":\"https:\/\/theplayoffs.news\/fr\/#\/schema\/person\/image\/\",\"url\":\"https:\/\/secure.gravatar.com\/avatar\/59a1e772205ce9fd255edfcafc93013736822e20261f294c5753b20c41ede9f2?s=96&d=mm&r=g\",\"contentUrl\":\"https:\/\/secure.gravatar.com\/avatar\/59a1e772205ce9fd255edfcafc93013736822e20261f294c5753b20c41ede9f2?s=96&d=mm&r=g\",\"caption\":\"Charles Taudin\"},\"description\":\"R\u00e9dacteur en chef global de The Playoffs, j\u2019ai cr\u00e9\u00e9 The Free Agent, devenu The Playoffs FR, en 2020 durant la pand\u00e9mie. Amoureux depuis des ann\u00e9es des 4 sports majeurs am\u00e9ricains, j\u2019organise maintenant la strat\u00e9gie \u00e9ditoriale et les r\u00e9seaux sociaux de l\u2019ensemble des versions de The Playoffs. Il m\u2019arrive encore d\u2019\u00e9crire sur certains sports que j\u2019affectionne particuli\u00e8rement comme la NFL ou la MLB. Si vous devez retenir qu\u2019une chose : Eli Manning est le vrai GOAT pour avoir battu deux fois Tom Brady.\",\"sameAs\":[\"https:\/\/www.instagram.com\/ctaudin_\/\"],\"url\":\"https:\/\/theplayoffs.news\/fr\/author\/charles-taudin\/\"}]}<\/script>\n<!-- \/ Yoast SEO plugin. -->","yoast_head_json":{"title":"Chicago Cubs : Juan Soto et Pete Alonso dans le viseur ? - The Playoffs FR","robots":{"index":"index","follow":"follow","max-snippet":"max-snippet:-1","max-image-preview":"max-image-preview:large","max-video-preview":"max-video-preview:-1"},"canonical":"https:\/\/theplayoffs.news\/fr\/actualite-mlb\/chicago-cubs-juan-soto-et-pete-alonso-dans-le-viseur\/","og_locale":"fr_FR","og_type":"article","og_title":"Chicago Cubs : Juan Soto et Pete Alonso dans le viseur ? - The Playoffs FR","og_url":"https:\/\/theplayoffs.news\/fr\/actualite-mlb\/chicago-cubs-juan-soto-et-pete-alonso-dans-le-viseur\/","og_site_name":"The Playoffs FR","article_publisher":"https:\/\/www.facebook.com\/TheFreeAgentFR\/","article_modified_time":"2023-11-06T08:55:55+00:00","og_image":[{"width":1920,"height":1280,"url":"https:\/\/theplayoffs.news\/fr\/wp-content\/uploads\/2023\/11\/USATSI_21539619-1.jpg","type":"image\/jpeg"}],"author":"Charles Taudin","twitter_card":"summary_large_image","twitter_creator":"@TheFreeAgentFR","twitter_site":"@TheFreeAgentFR","twitter_misc":{"\u00c9crit par":"Charles Taudin","Dur\u00e9e de lecture estim\u00e9e":"2 minutes"},"schema":{"@context":"https:\/\/schema.org","@graph":[{"@type":"WebPage","@id":"https:\/\/theplayoffs.news\/fr\/actualite-mlb\/chicago-cubs-juan-soto-et-pete-alonso-dans-le-viseur\/","url":"https:\/\/theplayoffs.news\/fr\/actualite-mlb\/chicago-cubs-juan-soto-et-pete-alonso-dans-le-viseur\/","name":"Chicago Cubs : Juan Soto et Pete Alonso dans le viseur ? - The Playoffs FR","isPartOf":{"@id":"https:\/\/theplayoffs.news\/fr\/#website"},"primaryImageOfPage":{"@id":"https:\/\/theplayoffs.news\/fr\/actualite-mlb\/chicago-cubs-juan-soto-et-pete-alonso-dans-le-viseur\/#primaryimage"},"image":{"@id":"https:\/\/theplayoffs.news\/fr\/actualite-mlb\/chicago-cubs-juan-soto-et-pete-alonso-dans-le-viseur\/#primaryimage"},"thumbnailUrl":"https:\/\/theplayoffs.news\/fr\/wp-content\/uploads\/2023\/11\/USATSI_21539619-1.jpg","datePublished":"2023-11-06T08:55:54+00:00","dateModified":"2023-11-06T08:55:55+00:00","author":{"@id":"https:\/\/theplayoffs.news\/fr\/#\/schema\/person\/eee5b69ad5d3c51cabe881c839dbe133"},"breadcrumb":{"@id":"https:\/\/theplayoffs.news\/fr\/actualite-mlb\/chicago-cubs-juan-soto-et-pete-alonso-dans-le-viseur\/#breadcrumb"},"inLanguage":"fr-FR","potentialAction":[{"@type":"ReadAction","target":["https:\/\/theplayoffs.news\/fr\/actualite-mlb\/chicago-cubs-juan-soto-et-pete-alonso-dans-le-viseur\/"]}]},{"@type":"ImageObject","inLanguage":"fr-FR","@id":"https:\/\/theplayoffs.news\/fr\/actualite-mlb\/chicago-cubs-juan-soto-et-pete-alonso-dans-le-viseur\/#primaryimage","url":"https:\/\/theplayoffs.news\/fr\/wp-content\/uploads\/2023\/11\/USATSI_21539619-1.jpg","contentUrl":"https:\/\/theplayoffs.news\/fr\/wp-content\/uploads\/2023\/11\/USATSI_21539619-1.jpg","width":1920,"height":1280,"caption":"Sep 30, 2023; New York City, New York, USA; New York Mets first baseman Pete Alonso (20) reacts after popping out to end the seventh inning at Citi Field. Mandatory Credit: Brad Penner-USA TODAY Sports"},{"@type":"BreadcrumbList","@id":"https:\/\/theplayoffs.news\/fr\/actualite-mlb\/chicago-cubs-juan-soto-et-pete-alonso-dans-le-viseur\/#breadcrumb","itemListElement":[{"@type":"ListItem","position":1,"name":"Accueil","item":"https:\/\/theplayoffs.news\/fr\/"},{"@type":"ListItem","position":2,"name":"Chicago Cubs : Juan Soto et Pete Alonso dans le viseur ?"}]},{"@type":"WebSite","@id":"https:\/\/theplayoffs.news\/fr\/#website","url":"https:\/\/theplayoffs.news\/fr\/","name":"The Playoffs FR","description":"NBA-NFL-NHL-MLB","potentialAction":[{"@type":"SearchAction","target":{"@type":"EntryPoint","urlTemplate":"https:\/\/theplayoffs.news\/fr\/?s={search_term_string}"},"query-input":{"@type":"PropertyValueSpecification","valueRequired":true,"valueName":"search_term_string"}}],"inLanguage":"fr-FR"},{"@type":"Person","@id":"https:\/\/theplayoffs.news\/fr\/#\/schema\/person\/eee5b69ad5d3c51cabe881c839dbe133","name":"Charles Taudin","image":{"@type":"ImageObject","inLanguage":"fr-FR","@id":"https:\/\/theplayoffs.news\/fr\/#\/schema\/person\/image\/","url":"https:\/\/secure.gravatar.com\/avatar\/59a1e772205ce9fd255edfcafc93013736822e20261f294c5753b20c41ede9f2?s=96&d=mm&r=g","contentUrl":"https:\/\/secure.gravatar.com\/avatar\/59a1e772205ce9fd255edfcafc93013736822e20261f294c5753b20c41ede9f2?s=96&d=mm&r=g","caption":"Charles Taudin"},"description":"R\u00e9dacteur en chef global de The Playoffs, j\u2019ai cr\u00e9\u00e9 The Free Agent, devenu The Playoffs FR, en 2020 durant la pand\u00e9mie. Amoureux depuis des ann\u00e9es des 4 sports majeurs am\u00e9ricains, j\u2019organise maintenant la strat\u00e9gie \u00e9ditoriale et les r\u00e9seaux sociaux de l\u2019ensemble des versions de The Playoffs. Il m\u2019arrive encore d\u2019\u00e9crire sur certains sports que j\u2019affectionne particuli\u00e8rement comme la NFL ou la MLB. Si vous devez retenir qu\u2019une chose : Eli Manning est le vrai GOAT pour avoir battu deux fois Tom Brady.","sameAs":["https:\/\/www.instagram.com\/ctaudin_\/"],"url":"https:\/\/theplayoffs.news\/fr\/author\/charles-taudin\/"}]}},"_links":{"self":[{"href":"https:\/\/theplayoffs.news\/fr\/wp-json\/wp\/v2\/posts\/1053220","targetHints":{"allow":["GET"]}}],"collection":[{"href":"https:\/\/theplayoffs.news\/fr\/wp-json\/wp\/v2\/posts"}],"about":[{"href":"https:\/\/theplayoffs.news\/fr\/wp-json\/wp\/v2\/types\/post"}],"author":[{"embeddable":true,"href":"https:\/\/theplayoffs.news\/fr\/wp-json\/wp\/v2\/users\/13"}],"replies":[{"embeddable":true,"href":"https:\/\/theplayoffs.news\/fr\/wp-json\/wp\/v2\/comments?post=1053220"}],"version-history":[{"count":2,"href":"https:\/\/theplayoffs.news\/fr\/wp-json\/wp\/v2\/posts\/1053220\/revisions"}],"predecessor-version":[{"id":1053276,"href":"https:\/\/theplayoffs.news\/fr\/wp-json\/wp\/v2\/posts\/1053220\/revisions\/1053276"}],"wp:featuredmedia":[{"embeddable":true,"href":"https:\/\/theplayoffs.news\/fr\/wp-json\/wp\/v2\/media\/1053256"}],"wp:attachment":[{"href":"https:\/\/theplayoffs.news\/fr\/wp-json\/wp\/v2\/media?parent=1053220"}],"wp:term":[{"taxonomy":"category","embeddable":true,"href":"https:\/\/theplayoffs.news\/fr\/wp-json\/wp\/v2\/categories?post=1053220"},{"taxonomy":"post_tag","embeddable":true,"href":"https:\/\/theplayoffs.news\/fr\/wp-json\/wp\/v2\/tags?post=1053220"},{"taxonomy":"sport","embeddable":true,"href":"https:\/\/theplayoffs.news\/fr\/wp-json\/wp\/v2\/sport?post=1053220"},{"taxonomy":"saison","embeddable":true,"href":"https:\/\/theplayoffs.news\/fr\/wp-json\/wp\/v2\/saison?post=1053220"}],"curies":[{"name":"wp","href":"https:\/\/api.w.org\/{rel}","templated":true}]}}