{"id":1045896,"date":"2023-11-03T19:33:43","date_gmt":"2023-11-03T18:33:43","guid":{"rendered":"https:\/\/theplayoffs.news\/fr\/?p=1045896"},"modified":"2023-11-03T19:33:44","modified_gmt":"2023-11-03T18:33:44","slug":"jeux-olympiques-2028-mahomes-veut-jouer","status":"publish","type":"post","link":"https:\/\/theplayoffs.news\/fr\/actualite-nfl\/jeux-olympiques-2028-mahomes-veut-jouer\/","title":{"rendered":"Jeux Olympiques 2028: Patrick Mahomes veut faire partie de l&rsquo;\u00e9quipe de flag football"},"content":{"rendered":"<h2>NFL &ndash; L&rsquo;arriv&eacute;e du flag football comme discipline olympique lors des Jeux Olympiques 2028 attise de plus en plus l&rsquo;int&eacute;r&ecirc;t de joueurs provenant des rangs de la NFL.<\/h2><p>Apr&egrave;s Tyreek Hill ou encore Rob Gronkowski qui se sont d&eacute;clar&eacute;s candidats &agrave; une participation aux Jeux Olympiques 2028 quelques heures seulement apr&egrave;s l&rsquo;annonce de l&rsquo;arriv&eacute;e du flag football au programme de l&rsquo;&eacute;dition am&eacute;ricaine, c&rsquo;est au tour du champion NFL en titre et vedette incontest&eacute;e de la ligue, <a href=\"https:\/\/theplayoffs.news\/fr\/joueur\/patrick-mahomes-nfl-6278954\/\" class=\"trk-cta-link\" data-cta-trk='{\"ctaType\":\"Link\",\"ctaSubType\":\"main\"}'>Patrick Mahomes<\/a>, de d&eacute;clarer son envie d&rsquo;aller chercher une m&eacute;daille d&rsquo;or avec la s&eacute;lection am&eacute;ricaine. Interrog&eacute; par <a href=\"https:\/\/twitter.com\/SamMcDowell11\/status\/1720475800670024120\" class=\"trk-cta-link\" data-cta-trk='{\"ctaType\":\"Link\",\"ctaSubType\":\"main\"}'>Sam McDowell<\/a> sur son &eacute;ventuelle participation aux Jeux Olympiques 2028 de Los Angeles, le quarterback des Chiefs a &eacute;t&eacute; tr&egrave;s clair dans sa r&eacute;ponse:<\/p><blockquote><p>&laquo;&nbsp;Je voudrais participer sans aucun doute!&nbsp;&raquo;<\/p><\/blockquote><p>Une participation rendue d&rsquo;autant plus possible que le vice-pr&eacute;sident de la NFL, Peter O&rsquo;Reilly, a d&eacute;j&agrave; affirm&eacute; depuis plusieurs semaines que la ligue ne s&rsquo;opposerait pas &agrave; la participation des joueurs de NFL aux Jeux Olympiques 2028. Cela laisse donc une porte ouverte pour tous les joueurs de pouvoir tenter de figurer dans une comp&eacute;tition unique dans leur vie et d&rsquo;aller chercher une m&eacute;daille d&rsquo;or qu&rsquo;ils ne pourront sans doute jamais avoir sans le flag football.<\/p><p>Mais la participation de Patrick Mahomes aux Jeux Olympiques 2028 pourrait se heurter &agrave; quelques freins. Tout d&rsquo;abord, comme il le confie lui m&ecirc;me, les joueurs de flag football sont &laquo;&nbsp;beaucoup plus rapides que lui&nbsp;&raquo;. Si la candidature de Tyreek Hill peut sembler l&eacute;gitime, le manque de vitesse de Mahomes pourrait &ecirc;tre r&eacute;dhibitoire pour une &eacute;ventuelle s&eacute;lection.<\/p><p>De m&ecirc;me, Andy Reid a toujours &eacute;t&eacute; tr&egrave;s conservateur dans l&rsquo;utilisation de son quarterback vedette. Il semble peu probable, en l&rsquo;&eacute;tat actuel des choses, que l&rsquo;entra&icirc;neur en chef des Chiefs laisse son c&eacute;l&egrave;bre num&eacute;ro 15 participer &agrave; une comp&eacute;tition qui pourrait &eacute;ventuellement poser probl&egrave;me pour le physique de Mahomes. Mais d&rsquo;ici 5 ans, de l&rsquo;eau aura couler sous les ponts. Et peut &ecirc;tre que d&rsquo;ici l&agrave;, Patrick Mahomes aura r&eacute;ussi &agrave; convaincre son &eacute;quipe et la s&eacute;lection am&eacute;ricaine de le convier &agrave; aller chercher une m&eacute;daille d&rsquo;or olympique.<\/p><p><em>Cr&eacute;dit photo:&nbsp;<\/em><\/p>\n","protected":false},"excerpt":{"rendered":"","protected":false},"author":180309964,"featured_media":1045897,"comment_status":"open","ping_status":"closed","sticky":false,"template":"","format":"standard","meta":{"inline_featured_image":false,"kia_subtitle":"","_mux_skip_reasons":[],"proofreadBy":0,"footnotes":""},"categories":[118,40],"tags":[6529,225],"sport":[2785],"saison":[3453],"class_list":["post-1045896","post","type-post","status-publish","format-standard","has-post-thumbnail","hentry","category-actualite-nfl","category-nfl","tag-jeux-olympiques-2028","tag-patrick-mahomes","sport-nfl","saison-3453"],"acf":[],"yoast_head":"<!-- This site is optimized with the Yoast SEO plugin v24.2 - https:\/\/yoast.com\/wordpress\/plugins\/seo\/ -->\n<title>Jeux Olympiques 2028: Patrick Mahomes veut faire partie de l&#039;&eacute;quipe de flag football - The Playoffs FR<\/title>\n<meta name=\"robots\" content=\"index, follow, max-snippet:-1, max-image-preview:large, max-video-preview:-1\" \/>\n<link rel=\"canonical\" href=\"https:\/\/theplayoffs.news\/fr\/actualite-nfl\/jeux-olympiques-2028-mahomes-veut-jouer\/\" \/>\n<meta property=\"og:locale\" content=\"fr_FR\" \/>\n<meta property=\"og:type\" content=\"article\" \/>\n<meta property=\"og:title\" content=\"Jeux Olympiques 2028: Patrick Mahomes veut faire partie de l&#039;&eacute;quipe de flag football - The Playoffs FR\" \/>\n<meta property=\"og:url\" content=\"https:\/\/theplayoffs.news\/fr\/actualite-nfl\/jeux-olympiques-2028-mahomes-veut-jouer\/\" \/>\n<meta property=\"og:site_name\" content=\"The Playoffs FR\" \/>\n<meta property=\"article:publisher\" content=\"https:\/\/www.facebook.com\/TheFreeAgentFR\/\" \/>\n<meta property=\"article:modified_time\" content=\"2023-11-03T19:33:44+01:00\" \/>\n<meta property=\"og:image\" content=\"https:\/\/theplayoffs.news\/fr\/wp-content\/uploads\/2023\/11\/USATSI_21770250.jpg\" \/>\n\t<meta property=\"og:image:width\" content=\"1920\" \/>\n\t<meta property=\"og:image:height\" content=\"1340\" \/>\n\t<meta property=\"og:image:type\" content=\"image\/jpeg\" \/>\n<meta name=\"author\" content=\"Flavien Jumeau\" \/>\n<meta name=\"twitter:card\" content=\"summary_large_image\" \/>\n<meta name=\"twitter:creator\" content=\"@TheFreeAgentFR\" \/>\n<meta name=\"twitter:site\" content=\"@TheFreeAgentFR\" \/>\n<meta name=\"twitter:label1\" content=\"\u00c9crit par\" \/>\n\t<meta name=\"twitter:data1\" content=\"Flavien Jumeau\" \/>\n\t<meta name=\"twitter:label2\" content=\"Dur\u00e9e de lecture estim\u00e9e\" \/>\n\t<meta name=\"twitter:data2\" content=\"2 minutes\" \/>\n<script type=\"application\/ld+json\" class=\"yoast-schema-graph\">{\"@context\":\"https:\/\/schema.org\",\"@graph\":[{\"@type\":\"WebPage\",\"@id\":\"https:\/\/theplayoffs.news\/fr\/actualite-nfl\/jeux-olympiques-2028-mahomes-veut-jouer\/\",\"url\":\"https:\/\/theplayoffs.news\/fr\/actualite-nfl\/jeux-olympiques-2028-mahomes-veut-jouer\/\",\"name\":\"Jeux Olympiques 2028: Patrick Mahomes veut faire partie de l\\\\'\u00e9quipe de flag football - The Playoffs FR\",\"isPartOf\":{\"@id\":\"https:\/\/theplayoffs.news\/fr\/#website\"},\"primaryImageOfPage\":{\"@id\":\"https:\/\/theplayoffs.news\/fr\/actualite-nfl\/jeux-olympiques-2028-mahomes-veut-jouer\/#primaryimage\"},\"image\":{\"@id\":\"https:\/\/theplayoffs.news\/fr\/actualite-nfl\/jeux-olympiques-2028-mahomes-veut-jouer\/#primaryimage\"},\"thumbnailUrl\":\"https:\/\/theplayoffs.news\/fr\/wp-content\/uploads\/2023\/11\/USATSI_21770250.jpg\",\"datePublished\":\"2023-11-03T18:33:43+00:00\",\"dateModified\":\"2023-11-03T18:33:44+00:00\",\"author\":{\"@id\":\"https:\/\/theplayoffs.news\/fr\/#\/schema\/person\/def63bc6746dc5957469b75feb99e66d\"},\"breadcrumb\":{\"@id\":\"https:\/\/theplayoffs.news\/fr\/actualite-nfl\/jeux-olympiques-2028-mahomes-veut-jouer\/#breadcrumb\"},\"inLanguage\":\"fr-FR\",\"potentialAction\":[{\"@type\":\"ReadAction\",\"target\":[\"https:\/\/theplayoffs.news\/fr\/actualite-nfl\/jeux-olympiques-2028-mahomes-veut-jouer\/\"]}]},{\"@type\":\"ImageObject\",\"inLanguage\":\"fr-FR\",\"@id\":\"https:\/\/theplayoffs.news\/fr\/actualite-nfl\/jeux-olympiques-2028-mahomes-veut-jouer\/#primaryimage\",\"url\":\"https:\/\/theplayoffs.news\/fr\/wp-content\/uploads\/2023\/11\/USATSI_21770250.jpg\",\"contentUrl\":\"https:\/\/theplayoffs.news\/fr\/wp-content\/uploads\/2023\/11\/USATSI_21770250.jpg\",\"width\":1920,\"height\":1340,\"caption\":\"Oct 29, 2023; Denver, Colorado, USA; Kansas City Chiefs quarterback Patrick Mahomes (15) passes the ball for an interception in the second quarter against the Denver Broncos at Empower Field at Mile High. Mandatory Credit: Ron Chenoy-USA TODAY Sports\"},{\"@type\":\"BreadcrumbList\",\"@id\":\"https:\/\/theplayoffs.news\/fr\/actualite-nfl\/jeux-olympiques-2028-mahomes-veut-jouer\/#breadcrumb\",\"itemListElement\":[{\"@type\":\"ListItem\",\"position\":1,\"name\":\"Accueil\",\"item\":\"https:\/\/theplayoffs.news\/fr\/\"},{\"@type\":\"ListItem\",\"position\":2,\"name\":\"Jeux Olympiques 2028: Patrick Mahomes veut faire partie de l&rsquo;\u00e9quipe de flag football\"}]},{\"@type\":\"WebSite\",\"@id\":\"https:\/\/theplayoffs.news\/fr\/#website\",\"url\":\"https:\/\/theplayoffs.news\/fr\/\",\"name\":\"The Playoffs FR\",\"description\":\"NBA-NFL-NHL-MLB\",\"potentialAction\":[{\"@type\":\"SearchAction\",\"target\":{\"@type\":\"EntryPoint\",\"urlTemplate\":\"https:\/\/theplayoffs.news\/fr\/?s={search_term_string}\"},\"query-input\":{\"@type\":\"PropertyValueSpecification\",\"valueRequired\":true,\"valueName\":\"search_term_string\"}}],\"inLanguage\":\"fr-FR\"},{\"@type\":\"Person\",\"@id\":\"https:\/\/theplayoffs.news\/fr\/#\/schema\/person\/def63bc6746dc5957469b75feb99e66d\",\"name\":\"Flavien Jumeau\",\"image\":{\"@type\":\"ImageObject\",\"inLanguage\":\"fr-FR\",\"@id\":\"https:\/\/theplayoffs.news\/fr\/#\/schema\/person\/image\/\",\"url\":\"https:\/\/secure.gravatar.com\/avatar\/e7fa8ba5a4b7e4ce35fe152f083f352db28ad0acce692004ed88a7a7d78893f7?s=96&d=mm&r=g\",\"contentUrl\":\"https:\/\/secure.gravatar.com\/avatar\/e7fa8ba5a4b7e4ce35fe152f083f352db28ad0acce692004ed88a7a7d78893f7?s=96&d=mm&r=g\",\"caption\":\"Flavien Jumeau\"},\"description\":\"Amoureux du sport (et de vraiment tous les sports) depuis mon plus jeune \u00e2ge, j\u2019ai longtemps h\u00e9site entre le snooker et le curling. Finalement c\u2019est le foot US que j\u2019ai d\u00e9cid\u00e9 de choisir! Responsable foot US sur TPO et animateur du podcast Tailgate j\u2019ai pour mission de vous faire d\u00e9couvrir ce sport passionnant si ce n\u2019est pas encore fait et de vous donner les derni\u00e8res actus. Le tout dans la bonne humeur et avec toujours un jeu de mots ou deux savamment distill\u00e9s! Fan des Saints, pour moi Drew Brees est le vrai GOAT!\",\"url\":\"https:\/\/theplayoffs.news\/fr\/author\/flavien-jumeaugmail-com\/\"}]}<\/script>\n<!-- \/ Yoast SEO plugin. -->","yoast_head_json":{"title":"Jeux Olympiques 2028: Patrick Mahomes veut faire partie de l&#039;&eacute;quipe de flag football - The Playoffs FR","robots":{"index":"index","follow":"follow","max-snippet":"max-snippet:-1","max-image-preview":"max-image-preview:large","max-video-preview":"max-video-preview:-1"},"canonical":"https:\/\/theplayoffs.news\/fr\/actualite-nfl\/jeux-olympiques-2028-mahomes-veut-jouer\/","og_locale":"fr_FR","og_type":"article","og_title":"Jeux Olympiques 2028: Patrick Mahomes veut faire partie de l&#039;&eacute;quipe de flag football - The Playoffs FR","og_url":"https:\/\/theplayoffs.news\/fr\/actualite-nfl\/jeux-olympiques-2028-mahomes-veut-jouer\/","og_site_name":"The Playoffs FR","article_publisher":"https:\/\/www.facebook.com\/TheFreeAgentFR\/","article_modified_time":"2023-11-03T18:33:44+00:00","og_image":[{"width":1920,"height":1340,"url":"https:\/\/theplayoffs.news\/fr\/wp-content\/uploads\/2023\/11\/USATSI_21770250.jpg","type":"image\/jpeg"}],"author":"Flavien Jumeau","twitter_card":"summary_large_image","twitter_creator":"@TheFreeAgentFR","twitter_site":"@TheFreeAgentFR","twitter_misc":{"\u00c9crit par":"Flavien Jumeau","Dur\u00e9e de lecture estim\u00e9e":"2 minutes"},"schema":{"@context":"https:\/\/schema.org","@graph":[{"@type":"WebPage","@id":"https:\/\/theplayoffs.news\/fr\/actualite-nfl\/jeux-olympiques-2028-mahomes-veut-jouer\/","url":"https:\/\/theplayoffs.news\/fr\/actualite-nfl\/jeux-olympiques-2028-mahomes-veut-jouer\/","name":"Jeux Olympiques 2028: Patrick Mahomes veut faire partie de l\\'\u00e9quipe de flag football - The Playoffs FR","isPartOf":{"@id":"https:\/\/theplayoffs.news\/fr\/#website"},"primaryImageOfPage":{"@id":"https:\/\/theplayoffs.news\/fr\/actualite-nfl\/jeux-olympiques-2028-mahomes-veut-jouer\/#primaryimage"},"image":{"@id":"https:\/\/theplayoffs.news\/fr\/actualite-nfl\/jeux-olympiques-2028-mahomes-veut-jouer\/#primaryimage"},"thumbnailUrl":"https:\/\/theplayoffs.news\/fr\/wp-content\/uploads\/2023\/11\/USATSI_21770250.jpg","datePublished":"2023-11-03T18:33:43+00:00","dateModified":"2023-11-03T18:33:44+00:00","author":{"@id":"https:\/\/theplayoffs.news\/fr\/#\/schema\/person\/def63bc6746dc5957469b75feb99e66d"},"breadcrumb":{"@id":"https:\/\/theplayoffs.news\/fr\/actualite-nfl\/jeux-olympiques-2028-mahomes-veut-jouer\/#breadcrumb"},"inLanguage":"fr-FR","potentialAction":[{"@type":"ReadAction","target":["https:\/\/theplayoffs.news\/fr\/actualite-nfl\/jeux-olympiques-2028-mahomes-veut-jouer\/"]}]},{"@type":"ImageObject","inLanguage":"fr-FR","@id":"https:\/\/theplayoffs.news\/fr\/actualite-nfl\/jeux-olympiques-2028-mahomes-veut-jouer\/#primaryimage","url":"https:\/\/theplayoffs.news\/fr\/wp-content\/uploads\/2023\/11\/USATSI_21770250.jpg","contentUrl":"https:\/\/theplayoffs.news\/fr\/wp-content\/uploads\/2023\/11\/USATSI_21770250.jpg","width":1920,"height":1340,"caption":"Oct 29, 2023; Denver, Colorado, USA; Kansas City Chiefs quarterback Patrick Mahomes (15) passes the ball for an interception in the second quarter against the Denver Broncos at Empower Field at Mile High. Mandatory Credit: Ron Chenoy-USA TODAY Sports"},{"@type":"BreadcrumbList","@id":"https:\/\/theplayoffs.news\/fr\/actualite-nfl\/jeux-olympiques-2028-mahomes-veut-jouer\/#breadcrumb","itemListElement":[{"@type":"ListItem","position":1,"name":"Accueil","item":"https:\/\/theplayoffs.news\/fr\/"},{"@type":"ListItem","position":2,"name":"Jeux Olympiques 2028: Patrick Mahomes veut faire partie de l&rsquo;\u00e9quipe de flag football"}]},{"@type":"WebSite","@id":"https:\/\/theplayoffs.news\/fr\/#website","url":"https:\/\/theplayoffs.news\/fr\/","name":"The Playoffs FR","description":"NBA-NFL-NHL-MLB","potentialAction":[{"@type":"SearchAction","target":{"@type":"EntryPoint","urlTemplate":"https:\/\/theplayoffs.news\/fr\/?s={search_term_string}"},"query-input":{"@type":"PropertyValueSpecification","valueRequired":true,"valueName":"search_term_string"}}],"inLanguage":"fr-FR"},{"@type":"Person","@id":"https:\/\/theplayoffs.news\/fr\/#\/schema\/person\/def63bc6746dc5957469b75feb99e66d","name":"Flavien Jumeau","image":{"@type":"ImageObject","inLanguage":"fr-FR","@id":"https:\/\/theplayoffs.news\/fr\/#\/schema\/person\/image\/","url":"https:\/\/secure.gravatar.com\/avatar\/e7fa8ba5a4b7e4ce35fe152f083f352db28ad0acce692004ed88a7a7d78893f7?s=96&d=mm&r=g","contentUrl":"https:\/\/secure.gravatar.com\/avatar\/e7fa8ba5a4b7e4ce35fe152f083f352db28ad0acce692004ed88a7a7d78893f7?s=96&d=mm&r=g","caption":"Flavien Jumeau"},"description":"Amoureux du sport (et de vraiment tous les sports) depuis mon plus jeune \u00e2ge, j\u2019ai longtemps h\u00e9site entre le snooker et le curling. Finalement c\u2019est le foot US que j\u2019ai d\u00e9cid\u00e9 de choisir! Responsable foot US sur TPO et animateur du podcast Tailgate j\u2019ai pour mission de vous faire d\u00e9couvrir ce sport passionnant si ce n\u2019est pas encore fait et de vous donner les derni\u00e8res actus. Le tout dans la bonne humeur et avec toujours un jeu de mots ou deux savamment distill\u00e9s! Fan des Saints, pour moi Drew Brees est le vrai GOAT!","url":"https:\/\/theplayoffs.news\/fr\/author\/flavien-jumeaugmail-com\/"}]}},"_links":{"self":[{"href":"https:\/\/theplayoffs.news\/fr\/wp-json\/wp\/v2\/posts\/1045896","targetHints":{"allow":["GET"]}}],"collection":[{"href":"https:\/\/theplayoffs.news\/fr\/wp-json\/wp\/v2\/posts"}],"about":[{"href":"https:\/\/theplayoffs.news\/fr\/wp-json\/wp\/v2\/types\/post"}],"author":[{"embeddable":true,"href":"https:\/\/theplayoffs.news\/fr\/wp-json\/wp\/v2\/users\/180309964"}],"replies":[{"embeddable":true,"href":"https:\/\/theplayoffs.news\/fr\/wp-json\/wp\/v2\/comments?post=1045896"}],"version-history":[{"count":2,"href":"https:\/\/theplayoffs.news\/fr\/wp-json\/wp\/v2\/posts\/1045896\/revisions"}],"predecessor-version":[{"id":1045899,"href":"https:\/\/theplayoffs.news\/fr\/wp-json\/wp\/v2\/posts\/1045896\/revisions\/1045899"}],"wp:featuredmedia":[{"embeddable":true,"href":"https:\/\/theplayoffs.news\/fr\/wp-json\/wp\/v2\/media\/1045897"}],"wp:attachment":[{"href":"https:\/\/theplayoffs.news\/fr\/wp-json\/wp\/v2\/media?parent=1045896"}],"wp:term":[{"taxonomy":"category","embeddable":true,"href":"https:\/\/theplayoffs.news\/fr\/wp-json\/wp\/v2\/categories?post=1045896"},{"taxonomy":"post_tag","embeddable":true,"href":"https:\/\/theplayoffs.news\/fr\/wp-json\/wp\/v2\/tags?post=1045896"},{"taxonomy":"sport","embeddable":true,"href":"https:\/\/theplayoffs.news\/fr\/wp-json\/wp\/v2\/sport?post=1045896"},{"taxonomy":"saison","embeddable":true,"href":"https:\/\/theplayoffs.news\/fr\/wp-json\/wp\/v2\/saison?post=1045896"}],"curies":[{"name":"wp","href":"https:\/\/api.w.org\/{rel}","templated":true}]}}