{"id":1043881,"date":"2023-11-03T09:10:17","date_gmt":"2023-11-03T08:10:17","guid":{"rendered":"https:\/\/theplayoffs.news\/fr\/?p=1043881"},"modified":"2023-11-03T09:10:18","modified_gmt":"2023-11-03T08:10:18","slug":"t-j-oshie-protege-cou-face-islanders","status":"publish","type":"post","link":"https:\/\/theplayoffs.news\/fr\/actualite-nhl\/t-j-oshie-protege-cou-face-islanders\/","title":{"rendered":"T.J Oshie a port\u00e9 un prot\u00e8ge-cou face aux Islanders"},"content":{"rendered":"<h2>NHL &ndash; Le joueur des Capitals de Washington, T.J Oshie a port&eacute; face aux Islanders un prot&egrave;ge-cou &agrave; la suite du d&eacute;c&egrave;s tragique d&rsquo;Adam Johnson.<\/h2><p>Oshie avait &eacute;t&eacute; l&rsquo;un des premiers joueurs de la LNH a s&rsquo;emparer du sujet et cela remonte &agrave; plus d&rsquo;un an lors d&rsquo;un autre &eacute;v&egrave;nement tragique. Mais malgr&eacute; des volont&eacute; de d&eacute;velopper des produits permettant de prot&eacute;ger cette partie vuln&eacute;rable des joueurs, les choses en &eacute;tait rest&eacute; &agrave; l&rsquo;&eacute;tat de bonne volont&eacute;.<\/p><p>La semaine derni&egrave;re, l&rsquo;horreur s&rsquo;est produite en Angleterre avec le d&eacute;c&egrave;s d&rsquo;<a href=\"https:\/\/theplayoffs.news\/fr\/nhl\/deces-adam-johnson-nhl\/\" class=\"trk-cta-link\" data-cta-trk='{\"ctaType\":\"Link\",\"ctaSubType\":\"main\"}'><strong>Adam Johnson<\/strong><\/a>, ancien joueur des Pittsburgh Penguins. Apr&egrave;s l&rsquo;&eacute;moi qui s&rsquo;en est suivi, les premi&egrave;res actions ont &eacute;t&eacute; prise : l&rsquo;obligation pour les joueurs professionnels de porter une protection au cou dans la ligue anglaise.<\/p><p>Mercredi c&rsquo;&eacute;tait au tour de la Western Hockey League (WHL) de le rendre obligatoire<\/p><p>Mais en NHL : toujours rien.<\/p><h3>Des voix s&rsquo;&eacute;l&egrave;vent comme celle de Wayne Gretzky.<\/h3><p>Outre les hommages des diff&eacute;rentes franchises, une voix s&rsquo;est &eacute;lev&eacute; pour appeler &agrave; un changement : celle de Wayne Gretzky. Le GOAT du hockey s&rsquo;est insurg&eacute; de l&rsquo;abandon des prot&egrave;ge-cou d&egrave;s lors qu&rsquo;un joueur arrivait dans la grande ligue sur le plateau de TNT.<\/p><p>Car oui, chez les jeunes le port de prot&egrave;ge cou est obligatoire. Mais cette obligation est lev&eacute;e d&egrave;s lors que vous franchissait la porte de la grande ligue. Absurde.<\/p><p>Hier soir, le premier pas a peut-&ecirc;tre &eacute;t&eacute; fait.<\/p><p>TJ Oshie portait un prot&egrave;ge-cou lors du match face aux Islanders.<\/p><p>\n<div id=\"attachment_1043926\" style=\"width: 1930px\" class=\"wp-caption alignnone\"><img loading=\"lazy\" decoding=\"async\" aria-describedby=\"caption-attachment-1043926\" class=\"size-full wp-image-1043926\" src=\"https:\/\/theplayoffs.news\/fr\/wp-content\/uploads\/2023\/11\/USATSI_21800812.jpg\" alt=\"TJ Oshie\" width=\"1920\" height=\"1280\" srcset=\"https:\/\/theplayoffs.news\/fr\/wp-content\/uploads\/2023\/11\/USATSI_21800812.jpg 1920w, https:\/\/theplayoffs.news\/fr\/wp-content\/uploads\/2023\/11\/USATSI_21800812-300x200.jpg 300w, https:\/\/theplayoffs.news\/fr\/wp-content\/uploads\/2023\/11\/USATSI_21800812-1030x687.jpg 1030w, https:\/\/theplayoffs.news\/fr\/wp-content\/uploads\/2023\/11\/USATSI_21800812-768x512.jpg 768w, https:\/\/theplayoffs.news\/fr\/wp-content\/uploads\/2023\/11\/USATSI_21800812-1536x1024.jpg 1536w, https:\/\/theplayoffs.news\/fr\/wp-content\/uploads\/2023\/11\/USATSI_21800812-1500x1000.jpg 1500w, https:\/\/theplayoffs.news\/fr\/wp-content\/uploads\/2023\/11\/USATSI_21800812-705x470.jpg 705w, https:\/\/theplayoffs.news\/fr\/wp-content\/uploads\/2023\/11\/USATSI_21800812-1320x880.jpg 1320w\" sizes=\"auto, (max-width: 1920px) 100vw, 1920px\" \/><p id=\"caption-attachment-1043926\" class=\"wp-caption-text\">TJ Oshie portant un prot&egrave;ge cou Credit: Geoff Burke-USA TODAY Sports<\/p><\/div>\n<\/p><p>Gary Bettman a indiqu&eacute; que la ligue et le syndicat des joueurs allaient plancher sur des options d&rsquo;&eacute;quipements pour les prot&egrave;ge-cou afin de les rendre obligatoires.<\/p><p>&nbsp;<\/p><p>Credit: Geoff Burke-USA TODAY Sports<\/p>\n","protected":false},"excerpt":{"rendered":"","protected":false},"author":13,"featured_media":1043941,"comment_status":"open","ping_status":"closed","sticky":false,"template":"","format":"standard","meta":{"inline_featured_image":false,"kia_subtitle":"","_mux_skip_reasons":[],"proofreadBy":0,"footnotes":""},"categories":[187,26],"tags":[6601,6612],"sport":[],"saison":[],"class_list":["post-1043881","post","type-post","status-publish","format-standard","has-post-thumbnail","hentry","category-actualite-nhl","category-nhl","tag-protege-cou","tag-t-j-oshie"],"acf":[],"yoast_head":"<!-- This site is optimized with the Yoast SEO plugin v24.2 - https:\/\/yoast.com\/wordpress\/plugins\/seo\/ -->\n<title>T.J Oshie a port&eacute; un prot&egrave;ge-cou face aux Islanders - The Playoffs FR<\/title>\n<meta name=\"robots\" content=\"index, follow, max-snippet:-1, max-image-preview:large, max-video-preview:-1\" \/>\n<link rel=\"canonical\" href=\"https:\/\/theplayoffs.news\/fr\/actualite-nhl\/t-j-oshie-protege-cou-face-islanders\/\" \/>\n<meta property=\"og:locale\" content=\"fr_FR\" \/>\n<meta property=\"og:type\" content=\"article\" \/>\n<meta property=\"og:title\" content=\"T.J Oshie a port&eacute; un prot&egrave;ge-cou face aux Islanders - The Playoffs FR\" \/>\n<meta property=\"og:url\" content=\"https:\/\/theplayoffs.news\/fr\/actualite-nhl\/t-j-oshie-protege-cou-face-islanders\/\" \/>\n<meta property=\"og:site_name\" content=\"The Playoffs FR\" \/>\n<meta property=\"article:publisher\" content=\"https:\/\/www.facebook.com\/TheFreeAgentFR\/\" \/>\n<meta property=\"article:modified_time\" content=\"2023-11-03T09:10:18+01:00\" \/>\n<meta property=\"og:image\" content=\"https:\/\/theplayoffs.news\/fr\/wp-content\/uploads\/2023\/11\/USATSI_21801295.jpg\" \/>\n\t<meta property=\"og:image:width\" content=\"1920\" \/>\n\t<meta property=\"og:image:height\" content=\"1280\" \/>\n\t<meta property=\"og:image:type\" content=\"image\/jpeg\" \/>\n<meta name=\"author\" content=\"Charles Taudin\" \/>\n<meta name=\"twitter:card\" content=\"summary_large_image\" \/>\n<meta name=\"twitter:creator\" content=\"@TheFreeAgentFR\" \/>\n<meta name=\"twitter:site\" content=\"@TheFreeAgentFR\" \/>\n<meta name=\"twitter:label1\" content=\"\u00c9crit par\" \/>\n\t<meta name=\"twitter:data1\" content=\"Charles Taudin\" \/>\n\t<meta name=\"twitter:label2\" content=\"Dur\u00e9e de lecture estim\u00e9e\" \/>\n\t<meta name=\"twitter:data2\" content=\"2 minutes\" \/>\n<script type=\"application\/ld+json\" class=\"yoast-schema-graph\">{\"@context\":\"https:\/\/schema.org\",\"@graph\":[{\"@type\":\"WebPage\",\"@id\":\"https:\/\/theplayoffs.news\/fr\/actualite-nhl\/t-j-oshie-protege-cou-face-islanders\/\",\"url\":\"https:\/\/theplayoffs.news\/fr\/actualite-nhl\/t-j-oshie-protege-cou-face-islanders\/\",\"name\":\"T.J Oshie a port\u00e9 un prot\u00e8ge-cou face aux Islanders - The Playoffs FR\",\"isPartOf\":{\"@id\":\"https:\/\/theplayoffs.news\/fr\/#website\"},\"primaryImageOfPage\":{\"@id\":\"https:\/\/theplayoffs.news\/fr\/actualite-nhl\/t-j-oshie-protege-cou-face-islanders\/#primaryimage\"},\"image\":{\"@id\":\"https:\/\/theplayoffs.news\/fr\/actualite-nhl\/t-j-oshie-protege-cou-face-islanders\/#primaryimage\"},\"thumbnailUrl\":\"https:\/\/theplayoffs.news\/fr\/wp-content\/uploads\/2023\/11\/USATSI_21801295.jpg\",\"datePublished\":\"2023-11-03T08:10:17+00:00\",\"dateModified\":\"2023-11-03T08:10:18+00:00\",\"author\":{\"@id\":\"https:\/\/theplayoffs.news\/fr\/#\/schema\/person\/eee5b69ad5d3c51cabe881c839dbe133\"},\"breadcrumb\":{\"@id\":\"https:\/\/theplayoffs.news\/fr\/actualite-nhl\/t-j-oshie-protege-cou-face-islanders\/#breadcrumb\"},\"inLanguage\":\"fr-FR\",\"potentialAction\":[{\"@type\":\"ReadAction\",\"target\":[\"https:\/\/theplayoffs.news\/fr\/actualite-nhl\/t-j-oshie-protege-cou-face-islanders\/\"]}]},{\"@type\":\"ImageObject\",\"inLanguage\":\"fr-FR\",\"@id\":\"https:\/\/theplayoffs.news\/fr\/actualite-nhl\/t-j-oshie-protege-cou-face-islanders\/#primaryimage\",\"url\":\"https:\/\/theplayoffs.news\/fr\/wp-content\/uploads\/2023\/11\/USATSI_21801295.jpg\",\"contentUrl\":\"https:\/\/theplayoffs.news\/fr\/wp-content\/uploads\/2023\/11\/USATSI_21801295.jpg\",\"width\":1920,\"height\":1280,\"caption\":\"Nov 2, 2023; Washington, District of Columbia, USA; Washington Capitals right wing T.J. Oshie (77) stands on the ice during a stoppage in play wearing a special undergarment with neck protection against the New York Islanders in the second period at Capital One Arena. Mandatory Credit: Geoff Burke-USA TODAY Sports\"},{\"@type\":\"BreadcrumbList\",\"@id\":\"https:\/\/theplayoffs.news\/fr\/actualite-nhl\/t-j-oshie-protege-cou-face-islanders\/#breadcrumb\",\"itemListElement\":[{\"@type\":\"ListItem\",\"position\":1,\"name\":\"Accueil\",\"item\":\"https:\/\/theplayoffs.news\/fr\/\"},{\"@type\":\"ListItem\",\"position\":2,\"name\":\"T.J Oshie a port\u00e9 un prot\u00e8ge-cou face aux Islanders\"}]},{\"@type\":\"WebSite\",\"@id\":\"https:\/\/theplayoffs.news\/fr\/#website\",\"url\":\"https:\/\/theplayoffs.news\/fr\/\",\"name\":\"The Playoffs FR\",\"description\":\"NBA-NFL-NHL-MLB\",\"potentialAction\":[{\"@type\":\"SearchAction\",\"target\":{\"@type\":\"EntryPoint\",\"urlTemplate\":\"https:\/\/theplayoffs.news\/fr\/?s={search_term_string}\"},\"query-input\":{\"@type\":\"PropertyValueSpecification\",\"valueRequired\":true,\"valueName\":\"search_term_string\"}}],\"inLanguage\":\"fr-FR\"},{\"@type\":\"Person\",\"@id\":\"https:\/\/theplayoffs.news\/fr\/#\/schema\/person\/eee5b69ad5d3c51cabe881c839dbe133\",\"name\":\"Charles Taudin\",\"image\":{\"@type\":\"ImageObject\",\"inLanguage\":\"fr-FR\",\"@id\":\"https:\/\/theplayoffs.news\/fr\/#\/schema\/person\/image\/\",\"url\":\"https:\/\/secure.gravatar.com\/avatar\/59a1e772205ce9fd255edfcafc93013736822e20261f294c5753b20c41ede9f2?s=96&d=mm&r=g\",\"contentUrl\":\"https:\/\/secure.gravatar.com\/avatar\/59a1e772205ce9fd255edfcafc93013736822e20261f294c5753b20c41ede9f2?s=96&d=mm&r=g\",\"caption\":\"Charles Taudin\"},\"description\":\"R\u00e9dacteur en chef global de The Playoffs, j\u2019ai cr\u00e9\u00e9 The Free Agent, devenu The Playoffs FR, en 2020 durant la pand\u00e9mie. Amoureux depuis des ann\u00e9es des 4 sports majeurs am\u00e9ricains, j\u2019organise maintenant la strat\u00e9gie \u00e9ditoriale et les r\u00e9seaux sociaux de l\u2019ensemble des versions de The Playoffs. Il m\u2019arrive encore d\u2019\u00e9crire sur certains sports que j\u2019affectionne particuli\u00e8rement comme la NFL ou la MLB. Si vous devez retenir qu\u2019une chose : Eli Manning est le vrai GOAT pour avoir battu deux fois Tom Brady.\",\"sameAs\":[\"https:\/\/www.instagram.com\/ctaudin_\/\"],\"url\":\"https:\/\/theplayoffs.news\/fr\/author\/charles-taudin\/\"}]}<\/script>\n<!-- \/ Yoast SEO plugin. -->","yoast_head_json":{"title":"T.J Oshie a port&eacute; un prot&egrave;ge-cou face aux Islanders - The Playoffs FR","robots":{"index":"index","follow":"follow","max-snippet":"max-snippet:-1","max-image-preview":"max-image-preview:large","max-video-preview":"max-video-preview:-1"},"canonical":"https:\/\/theplayoffs.news\/fr\/actualite-nhl\/t-j-oshie-protege-cou-face-islanders\/","og_locale":"fr_FR","og_type":"article","og_title":"T.J Oshie a port&eacute; un prot&egrave;ge-cou face aux Islanders - The Playoffs FR","og_url":"https:\/\/theplayoffs.news\/fr\/actualite-nhl\/t-j-oshie-protege-cou-face-islanders\/","og_site_name":"The Playoffs FR","article_publisher":"https:\/\/www.facebook.com\/TheFreeAgentFR\/","article_modified_time":"2023-11-03T08:10:18+00:00","og_image":[{"width":1920,"height":1280,"url":"https:\/\/theplayoffs.news\/fr\/wp-content\/uploads\/2023\/11\/USATSI_21801295.jpg","type":"image\/jpeg"}],"author":"Charles Taudin","twitter_card":"summary_large_image","twitter_creator":"@TheFreeAgentFR","twitter_site":"@TheFreeAgentFR","twitter_misc":{"\u00c9crit par":"Charles Taudin","Dur\u00e9e de lecture estim\u00e9e":"2 minutes"},"schema":{"@context":"https:\/\/schema.org","@graph":[{"@type":"WebPage","@id":"https:\/\/theplayoffs.news\/fr\/actualite-nhl\/t-j-oshie-protege-cou-face-islanders\/","url":"https:\/\/theplayoffs.news\/fr\/actualite-nhl\/t-j-oshie-protege-cou-face-islanders\/","name":"T.J Oshie a port\u00e9 un prot\u00e8ge-cou face aux Islanders - The Playoffs FR","isPartOf":{"@id":"https:\/\/theplayoffs.news\/fr\/#website"},"primaryImageOfPage":{"@id":"https:\/\/theplayoffs.news\/fr\/actualite-nhl\/t-j-oshie-protege-cou-face-islanders\/#primaryimage"},"image":{"@id":"https:\/\/theplayoffs.news\/fr\/actualite-nhl\/t-j-oshie-protege-cou-face-islanders\/#primaryimage"},"thumbnailUrl":"https:\/\/theplayoffs.news\/fr\/wp-content\/uploads\/2023\/11\/USATSI_21801295.jpg","datePublished":"2023-11-03T08:10:17+00:00","dateModified":"2023-11-03T08:10:18+00:00","author":{"@id":"https:\/\/theplayoffs.news\/fr\/#\/schema\/person\/eee5b69ad5d3c51cabe881c839dbe133"},"breadcrumb":{"@id":"https:\/\/theplayoffs.news\/fr\/actualite-nhl\/t-j-oshie-protege-cou-face-islanders\/#breadcrumb"},"inLanguage":"fr-FR","potentialAction":[{"@type":"ReadAction","target":["https:\/\/theplayoffs.news\/fr\/actualite-nhl\/t-j-oshie-protege-cou-face-islanders\/"]}]},{"@type":"ImageObject","inLanguage":"fr-FR","@id":"https:\/\/theplayoffs.news\/fr\/actualite-nhl\/t-j-oshie-protege-cou-face-islanders\/#primaryimage","url":"https:\/\/theplayoffs.news\/fr\/wp-content\/uploads\/2023\/11\/USATSI_21801295.jpg","contentUrl":"https:\/\/theplayoffs.news\/fr\/wp-content\/uploads\/2023\/11\/USATSI_21801295.jpg","width":1920,"height":1280,"caption":"Nov 2, 2023; Washington, District of Columbia, USA; Washington Capitals right wing T.J. Oshie (77) stands on the ice during a stoppage in play wearing a special undergarment with neck protection against the New York Islanders in the second period at Capital One Arena. Mandatory Credit: Geoff Burke-USA TODAY Sports"},{"@type":"BreadcrumbList","@id":"https:\/\/theplayoffs.news\/fr\/actualite-nhl\/t-j-oshie-protege-cou-face-islanders\/#breadcrumb","itemListElement":[{"@type":"ListItem","position":1,"name":"Accueil","item":"https:\/\/theplayoffs.news\/fr\/"},{"@type":"ListItem","position":2,"name":"T.J Oshie a port\u00e9 un prot\u00e8ge-cou face aux Islanders"}]},{"@type":"WebSite","@id":"https:\/\/theplayoffs.news\/fr\/#website","url":"https:\/\/theplayoffs.news\/fr\/","name":"The Playoffs FR","description":"NBA-NFL-NHL-MLB","potentialAction":[{"@type":"SearchAction","target":{"@type":"EntryPoint","urlTemplate":"https:\/\/theplayoffs.news\/fr\/?s={search_term_string}"},"query-input":{"@type":"PropertyValueSpecification","valueRequired":true,"valueName":"search_term_string"}}],"inLanguage":"fr-FR"},{"@type":"Person","@id":"https:\/\/theplayoffs.news\/fr\/#\/schema\/person\/eee5b69ad5d3c51cabe881c839dbe133","name":"Charles Taudin","image":{"@type":"ImageObject","inLanguage":"fr-FR","@id":"https:\/\/theplayoffs.news\/fr\/#\/schema\/person\/image\/","url":"https:\/\/secure.gravatar.com\/avatar\/59a1e772205ce9fd255edfcafc93013736822e20261f294c5753b20c41ede9f2?s=96&d=mm&r=g","contentUrl":"https:\/\/secure.gravatar.com\/avatar\/59a1e772205ce9fd255edfcafc93013736822e20261f294c5753b20c41ede9f2?s=96&d=mm&r=g","caption":"Charles Taudin"},"description":"R\u00e9dacteur en chef global de The Playoffs, j\u2019ai cr\u00e9\u00e9 The Free Agent, devenu The Playoffs FR, en 2020 durant la pand\u00e9mie. Amoureux depuis des ann\u00e9es des 4 sports majeurs am\u00e9ricains, j\u2019organise maintenant la strat\u00e9gie \u00e9ditoriale et les r\u00e9seaux sociaux de l\u2019ensemble des versions de The Playoffs. Il m\u2019arrive encore d\u2019\u00e9crire sur certains sports que j\u2019affectionne particuli\u00e8rement comme la NFL ou la MLB. Si vous devez retenir qu\u2019une chose : Eli Manning est le vrai GOAT pour avoir battu deux fois Tom Brady.","sameAs":["https:\/\/www.instagram.com\/ctaudin_\/"],"url":"https:\/\/theplayoffs.news\/fr\/author\/charles-taudin\/"}]}},"_links":{"self":[{"href":"https:\/\/theplayoffs.news\/fr\/wp-json\/wp\/v2\/posts\/1043881","targetHints":{"allow":["GET"]}}],"collection":[{"href":"https:\/\/theplayoffs.news\/fr\/wp-json\/wp\/v2\/posts"}],"about":[{"href":"https:\/\/theplayoffs.news\/fr\/wp-json\/wp\/v2\/types\/post"}],"author":[{"embeddable":true,"href":"https:\/\/theplayoffs.news\/fr\/wp-json\/wp\/v2\/users\/13"}],"replies":[{"embeddable":true,"href":"https:\/\/theplayoffs.news\/fr\/wp-json\/wp\/v2\/comments?post=1043881"}],"version-history":[{"count":3,"href":"https:\/\/theplayoffs.news\/fr\/wp-json\/wp\/v2\/posts\/1043881\/revisions"}],"predecessor-version":[{"id":1043954,"href":"https:\/\/theplayoffs.news\/fr\/wp-json\/wp\/v2\/posts\/1043881\/revisions\/1043954"}],"wp:featuredmedia":[{"embeddable":true,"href":"https:\/\/theplayoffs.news\/fr\/wp-json\/wp\/v2\/media\/1043941"}],"wp:attachment":[{"href":"https:\/\/theplayoffs.news\/fr\/wp-json\/wp\/v2\/media?parent=1043881"}],"wp:term":[{"taxonomy":"category","embeddable":true,"href":"https:\/\/theplayoffs.news\/fr\/wp-json\/wp\/v2\/categories?post=1043881"},{"taxonomy":"post_tag","embeddable":true,"href":"https:\/\/theplayoffs.news\/fr\/wp-json\/wp\/v2\/tags?post=1043881"},{"taxonomy":"sport","embeddable":true,"href":"https:\/\/theplayoffs.news\/fr\/wp-json\/wp\/v2\/sport?post=1043881"},{"taxonomy":"saison","embeddable":true,"href":"https:\/\/theplayoffs.news\/fr\/wp-json\/wp\/v2\/saison?post=1043881"}],"curies":[{"name":"wp","href":"https:\/\/api.w.org\/{rel}","templated":true}]}}