{"id":1042847,"date":"2023-11-02T19:33:38","date_gmt":"2023-11-02T18:33:38","guid":{"rendered":"https:\/\/theplayoffs.news\/fr\/?p=1042847"},"modified":"2023-11-02T19:33:39","modified_gmt":"2023-11-02T18:33:39","slug":"mckeon-mousquetaires-de-paris-interview","status":"publish","type":"post","link":"https:\/\/theplayoffs.news\/fr\/elf\/mckeon-mousquetaires-de-paris-interview\/","title":{"rendered":"John McKeon (Mousquetaires de Paris): \u00ab\u00a0Notre d\u00e9but de calendrier ressemblait au couloir de la mort\u00a0\u00bb"},"content":{"rendered":"<h2>ELF &ndash; Le pr&eacute;sident des Mousquetaires de Paris, John McKeon, s&rsquo;est exprim&eacute; sur la premi&egrave;re saison de la franchise parisienne ce mercredi dans une interview.<\/h2><p>Les attentes &eacute;taient nombreuses autour des Mousquetaires de Paris et de leur pr&eacute;sident John McKeon avant m&ecirc;me que l&rsquo;&eacute;quipe ne soit entrer pour la premi&egrave;re fois de la saison sur le terrain. Apr&egrave;s un d&eacute;but d&rsquo;exercice plut&ocirc;t poussif, les parisiens ont termin&eacute; la saison en trombe et peuvent se targuer d&rsquo;un <a href=\"https:\/\/theplayoffs.news\/fr\/elf\/podcast-foot-us-le-bilan-de-la-premiere-saison-en-elf-des-mousquetaires\/\" class=\"trk-cta-link\" data-cta-trk='{\"ctaType\":\"Link\",\"ctaSubType\":\"main\"}'>bilan final honorable de 6 victoires pour 6 d&eacute;faites<\/a>. A l&rsquo;aube de la deuxi&egrave;me saison des Mousquetaires dans la prestigieuse ligue europ&eacute;enne, le site de l&rsquo;<a href=\"https:\/\/europeanleague.football\/news\/ceo-of-paris-musketeers-john-mckeon-it-felt-like-we-were-facing-murderer-s-row-1553\" class=\"trk-cta-link\" data-cta-trk='{\"ctaType\":\"Link\",\"ctaSubType\":\"main\"}'>ELF est all&eacute; &agrave; la rencontre de John McKeon<\/a> pour conna&icirc;tre son sentiment sur la saison 1 et ses attentes pour 2024. Morceaux choisis.<\/p><h3>&laquo;&nbsp;Le niveau de la ligue a d&eacute;pass&eacute; nos attentes&nbsp;&raquo;<\/h3><p>Les Mousquetaires de Paris se pr&eacute;sentaient donc au d&eacute;part de cette saison 2023 avec de nombreuses attentes de la part des observateurs de l&rsquo;Europe enti&egrave;re. Certains power rankings d&rsquo;avant-saison n&rsquo;h&eacute;sitant m&ecirc;me pas &agrave; classer Paris parmi les 3 meilleures &eacute;quipes de l&rsquo;ELF version 2023. Pourtant, les parisiens furent &agrave; la peine lors de la premi&egrave;re moiti&eacute; du championnat en raison notamment d&rsquo;un calendrier tr&egrave;s difficile pour une &eacute;quipe novice.<\/p><blockquote><p>&laquo;&nbsp;Cela nous a pris 4 ou 5 semaines pour que nous puissions r&eacute;ellement voir qui nous &eacute;tions&nbsp;&raquo; a affirm&eacute; John McKeon. &laquo;&nbsp;Le probl&egrave;me c&rsquo;est que nous avons affront&eacute; des &eacute;quipes tr&egrave;s fortes pendant ce d&eacute;but de saison (&hellip;) cela ressemblait au couloir de la mort m&ecirc;me si c&rsquo;&eacute;tait excitant&nbsp;&raquo;.<\/p><\/blockquote><p>Pour rappel, les Mousquetaires de Paris ont affront&eacute; deux fois le Rhein Fire (futur champion), le Surge de Stuttgart (futur finaliste) et le Galaxy de Francfort (futur demi-finaliste) lors des 8 premi&egrave;res semaines de la saison. Ces 6 matchs contre ces &eacute;quipes qui joueront ensuite les premiers r&ocirc;les lors de la post-saison sont aussi les 6 seules d&eacute;faites des Mousquetaires de Paris lors de cette saison inaugurale pour la franchise fran&ccedil;aise. Mais la difficult&eacute; du calendrier n&rsquo;est pas la seule explication d&eacute;livr&eacute;e par le pr&eacute;sident de la franchise parisienne sur le retard &agrave; l&rsquo;allumage de Paris.<\/p><blockquote><p>&laquo;&nbsp;Il n&rsquo;est pas facile de cr&eacute;er une franchise de toutes pi&egrave;ces. Il ne suffit pas de prendre les meilleurs athl&egrave;tes venus de France et d&rsquo;une partie de l&rsquo;Europe et de les mettre ensemble sur le terrain. Cela ne fait pas une &eacute;quipe. Il faut que les joueurs jouent ensemble, apprennent &agrave; se conna&icirc;tre et souffrent ensemble. C&rsquo;est cela qui fait une &eacute;quipe et ce n&rsquo;est pas possible instantan&eacute;ment.&nbsp;&raquo;<\/p><\/blockquote><h3>&laquo;&nbsp;La seule limite &agrave; notre succ&egrave;s, c&rsquo;est nous m&ecirc;me&nbsp;&raquo;!<\/h3><p>Forc&eacute;ment, John McKeon a &eacute;t&eacute; interrog&eacute; sur la saison 2 des Mousquetaires de Paris qui d&eacute;butera &agrave; la mi-2024. Sans surprise le pr&eacute;sident de la seule franchise fran&ccedil;aise de l&rsquo;ELF se montre combatif. La franchise a demand&eacute; &agrave; ses joueurs de continuer &agrave; se conna&icirc;tre pendant toute l&rsquo;intersaison afin de renforcer les liens du groupe ce qui permettrait un d&eacute;marrage plus rapide et donc de reprendre la nouvelle saison avec la m&ecirc;me dynamique que la fin de saison 2023. Mais cet enthousiasme devra se heurter &agrave; un calendrier probablement similaire &agrave; celui de l&rsquo;an dernier.<\/p><blockquote><p>&laquo;&nbsp;La saison derni&egrave;re &eacute;tait une v&eacute;ritable &laquo;&nbsp;ann&eacute;e 0&Prime; pour les Mousquetaires de Paris ce qui signifie que cette inter-saison sera notre premi&egrave;re vraie intersaison ensemble. Nous voulons d&eacute;marrer la saison sur de meilleures bases qu&rsquo;en 2023. La seule limite &agrave; notre succ&egrave;s, c&rsquo;est nous m&ecirc;me&nbsp;&raquo; a affirm&eacute; John McKeon.<\/p><\/blockquote><p>M&ecirc;me si le calendrier de la saison 2024 des Mousquetaires de Paris n&rsquo;est pas encore connue, il y a fort &agrave; parier que les parisiens retrouveront le Rhein Fire et\/ou Stuttgart dans leur poule. Une occasion en or alors de prouver les&nbsp; progr&egrave;s accomplis entre la saison 2023 et la saison 2024!<\/p>\n","protected":false},"excerpt":{"rendered":"","protected":false},"author":180309964,"featured_media":709296,"comment_status":"open","ping_status":"closed","sticky":false,"template":"","format":"standard","meta":{"inline_featured_image":false,"kia_subtitle":"","_mux_skip_reasons":[],"proofreadBy":0,"footnotes":""},"categories":[5964],"tags":[4569,6611,4833],"sport":[2785],"saison":[3453],"class_list":["post-1042847","post","type-post","status-publish","format-standard","has-post-thumbnail","hentry","category-elf","tag-elf","tag-john-mckeon","tag-mousquetaires-de-paris","sport-nfl","saison-3453"],"acf":[],"yoast_head":"<!-- This site is optimized with the Yoast SEO plugin v24.2 - https:\/\/yoast.com\/wordpress\/plugins\/seo\/ -->\n<title>John McKeon (Mousquetaires de Paris): &quot;Notre d&eacute;but de calendrier ressemblait au couloir de la mort&quot; - The Playoffs FR<\/title>\n<meta name=\"robots\" content=\"index, follow, max-snippet:-1, max-image-preview:large, max-video-preview:-1\" \/>\n<link rel=\"canonical\" href=\"https:\/\/theplayoffs.news\/fr\/elf\/mckeon-mousquetaires-de-paris-interview\/\" \/>\n<meta property=\"og:locale\" content=\"fr_FR\" \/>\n<meta property=\"og:type\" content=\"article\" \/>\n<meta property=\"og:title\" content=\"John McKeon (Mousquetaires de Paris): &quot;Notre d&eacute;but de calendrier ressemblait au couloir de la mort&quot; - The Playoffs FR\" \/>\n<meta property=\"og:url\" content=\"https:\/\/theplayoffs.news\/fr\/elf\/mckeon-mousquetaires-de-paris-interview\/\" \/>\n<meta property=\"og:site_name\" content=\"The Playoffs FR\" \/>\n<meta property=\"article:publisher\" content=\"https:\/\/www.facebook.com\/TheFreeAgentFR\/\" \/>\n<meta property=\"article:modified_time\" content=\"2023-11-02T19:33:39+01:00\" \/>\n<meta property=\"og:image\" content=\"https:\/\/theplayoffs.news\/fr\/wp-content\/uploads\/2023\/07\/Paris-Rhein-Fire.jpg\" \/>\n\t<meta property=\"og:image:width\" content=\"1438\" \/>\n\t<meta property=\"og:image:height\" content=\"651\" \/>\n\t<meta property=\"og:image:type\" content=\"image\/jpeg\" \/>\n<meta name=\"author\" content=\"Flavien Jumeau\" \/>\n<meta name=\"twitter:card\" content=\"summary_large_image\" \/>\n<meta name=\"twitter:creator\" content=\"@TheFreeAgentFR\" \/>\n<meta name=\"twitter:site\" content=\"@TheFreeAgentFR\" \/>\n<meta name=\"twitter:label1\" content=\"\u00c9crit par\" \/>\n\t<meta name=\"twitter:data1\" content=\"Flavien Jumeau\" \/>\n\t<meta name=\"twitter:label2\" content=\"Dur\u00e9e de lecture estim\u00e9e\" \/>\n\t<meta name=\"twitter:data2\" content=\"3 minutes\" \/>\n<script type=\"application\/ld+json\" class=\"yoast-schema-graph\">{\"@context\":\"https:\/\/schema.org\",\"@graph\":[{\"@type\":\"WebPage\",\"@id\":\"https:\/\/theplayoffs.news\/fr\/elf\/mckeon-mousquetaires-de-paris-interview\/\",\"url\":\"https:\/\/theplayoffs.news\/fr\/elf\/mckeon-mousquetaires-de-paris-interview\/\",\"name\":\"John McKeon (Mousquetaires de Paris): \\\\\\\"Notre d\u00e9but de calendrier ressemblait au couloir de la mort\\\\\\\" - The Playoffs FR\",\"isPartOf\":{\"@id\":\"https:\/\/theplayoffs.news\/fr\/#website\"},\"primaryImageOfPage\":{\"@id\":\"https:\/\/theplayoffs.news\/fr\/elf\/mckeon-mousquetaires-de-paris-interview\/#primaryimage\"},\"image\":{\"@id\":\"https:\/\/theplayoffs.news\/fr\/elf\/mckeon-mousquetaires-de-paris-interview\/#primaryimage\"},\"thumbnailUrl\":\"https:\/\/theplayoffs.news\/fr\/wp-content\/uploads\/2023\/07\/Paris-Rhein-Fire.jpg\",\"datePublished\":\"2023-11-02T18:33:38+00:00\",\"dateModified\":\"2023-11-02T18:33:39+00:00\",\"author\":{\"@id\":\"https:\/\/theplayoffs.news\/fr\/#\/schema\/person\/def63bc6746dc5957469b75feb99e66d\"},\"breadcrumb\":{\"@id\":\"https:\/\/theplayoffs.news\/fr\/elf\/mckeon-mousquetaires-de-paris-interview\/#breadcrumb\"},\"inLanguage\":\"fr-FR\",\"potentialAction\":[{\"@type\":\"ReadAction\",\"target\":[\"https:\/\/theplayoffs.news\/fr\/elf\/mckeon-mousquetaires-de-paris-interview\/\"]}]},{\"@type\":\"ImageObject\",\"inLanguage\":\"fr-FR\",\"@id\":\"https:\/\/theplayoffs.news\/fr\/elf\/mckeon-mousquetaires-de-paris-interview\/#primaryimage\",\"url\":\"https:\/\/theplayoffs.news\/fr\/wp-content\/uploads\/2023\/07\/Paris-Rhein-Fire.jpg\",\"contentUrl\":\"https:\/\/theplayoffs.news\/fr\/wp-content\/uploads\/2023\/07\/Paris-Rhein-Fire.jpg\",\"width\":1438,\"height\":651,\"caption\":\"Mousquetaires de Paris Rhein Fire week 7\"},{\"@type\":\"BreadcrumbList\",\"@id\":\"https:\/\/theplayoffs.news\/fr\/elf\/mckeon-mousquetaires-de-paris-interview\/#breadcrumb\",\"itemListElement\":[{\"@type\":\"ListItem\",\"position\":1,\"name\":\"Accueil\",\"item\":\"https:\/\/theplayoffs.news\/fr\/\"},{\"@type\":\"ListItem\",\"position\":2,\"name\":\"John McKeon (Mousquetaires de Paris): \u00ab\u00a0Notre d\u00e9but de calendrier ressemblait au couloir de la mort\u00a0\u00bb\"}]},{\"@type\":\"WebSite\",\"@id\":\"https:\/\/theplayoffs.news\/fr\/#website\",\"url\":\"https:\/\/theplayoffs.news\/fr\/\",\"name\":\"The Playoffs FR\",\"description\":\"NBA-NFL-NHL-MLB\",\"potentialAction\":[{\"@type\":\"SearchAction\",\"target\":{\"@type\":\"EntryPoint\",\"urlTemplate\":\"https:\/\/theplayoffs.news\/fr\/?s={search_term_string}\"},\"query-input\":{\"@type\":\"PropertyValueSpecification\",\"valueRequired\":true,\"valueName\":\"search_term_string\"}}],\"inLanguage\":\"fr-FR\"},{\"@type\":\"Person\",\"@id\":\"https:\/\/theplayoffs.news\/fr\/#\/schema\/person\/def63bc6746dc5957469b75feb99e66d\",\"name\":\"Flavien Jumeau\",\"image\":{\"@type\":\"ImageObject\",\"inLanguage\":\"fr-FR\",\"@id\":\"https:\/\/theplayoffs.news\/fr\/#\/schema\/person\/image\/\",\"url\":\"https:\/\/secure.gravatar.com\/avatar\/e7fa8ba5a4b7e4ce35fe152f083f352db28ad0acce692004ed88a7a7d78893f7?s=96&d=mm&r=g\",\"contentUrl\":\"https:\/\/secure.gravatar.com\/avatar\/e7fa8ba5a4b7e4ce35fe152f083f352db28ad0acce692004ed88a7a7d78893f7?s=96&d=mm&r=g\",\"caption\":\"Flavien Jumeau\"},\"description\":\"Amoureux du sport (et de vraiment tous les sports) depuis mon plus jeune \u00e2ge, j\u2019ai longtemps h\u00e9site entre le snooker et le curling. Finalement c\u2019est le foot US que j\u2019ai d\u00e9cid\u00e9 de choisir! Responsable foot US sur TPO et animateur du podcast Tailgate j\u2019ai pour mission de vous faire d\u00e9couvrir ce sport passionnant si ce n\u2019est pas encore fait et de vous donner les derni\u00e8res actus. Le tout dans la bonne humeur et avec toujours un jeu de mots ou deux savamment distill\u00e9s! Fan des Saints, pour moi Drew Brees est le vrai GOAT!\",\"url\":\"https:\/\/theplayoffs.news\/fr\/author\/flavien-jumeaugmail-com\/\"}]}<\/script>\n<!-- \/ Yoast SEO plugin. -->","yoast_head_json":{"title":"John McKeon (Mousquetaires de Paris): &quot;Notre d&eacute;but de calendrier ressemblait au couloir de la mort&quot; - The Playoffs FR","robots":{"index":"index","follow":"follow","max-snippet":"max-snippet:-1","max-image-preview":"max-image-preview:large","max-video-preview":"max-video-preview:-1"},"canonical":"https:\/\/theplayoffs.news\/fr\/elf\/mckeon-mousquetaires-de-paris-interview\/","og_locale":"fr_FR","og_type":"article","og_title":"John McKeon (Mousquetaires de Paris): &quot;Notre d&eacute;but de calendrier ressemblait au couloir de la mort&quot; - The Playoffs FR","og_url":"https:\/\/theplayoffs.news\/fr\/elf\/mckeon-mousquetaires-de-paris-interview\/","og_site_name":"The Playoffs FR","article_publisher":"https:\/\/www.facebook.com\/TheFreeAgentFR\/","article_modified_time":"2023-11-02T18:33:39+00:00","og_image":[{"width":1438,"height":651,"url":"https:\/\/theplayoffs.news\/fr\/wp-content\/uploads\/2023\/07\/Paris-Rhein-Fire.jpg","type":"image\/jpeg"}],"author":"Flavien Jumeau","twitter_card":"summary_large_image","twitter_creator":"@TheFreeAgentFR","twitter_site":"@TheFreeAgentFR","twitter_misc":{"\u00c9crit par":"Flavien Jumeau","Dur\u00e9e de lecture estim\u00e9e":"3 minutes"},"schema":{"@context":"https:\/\/schema.org","@graph":[{"@type":"WebPage","@id":"https:\/\/theplayoffs.news\/fr\/elf\/mckeon-mousquetaires-de-paris-interview\/","url":"https:\/\/theplayoffs.news\/fr\/elf\/mckeon-mousquetaires-de-paris-interview\/","name":"John McKeon (Mousquetaires de Paris): \\\"Notre d\u00e9but de calendrier ressemblait au couloir de la mort\\\" - The Playoffs FR","isPartOf":{"@id":"https:\/\/theplayoffs.news\/fr\/#website"},"primaryImageOfPage":{"@id":"https:\/\/theplayoffs.news\/fr\/elf\/mckeon-mousquetaires-de-paris-interview\/#primaryimage"},"image":{"@id":"https:\/\/theplayoffs.news\/fr\/elf\/mckeon-mousquetaires-de-paris-interview\/#primaryimage"},"thumbnailUrl":"https:\/\/theplayoffs.news\/fr\/wp-content\/uploads\/2023\/07\/Paris-Rhein-Fire.jpg","datePublished":"2023-11-02T18:33:38+00:00","dateModified":"2023-11-02T18:33:39+00:00","author":{"@id":"https:\/\/theplayoffs.news\/fr\/#\/schema\/person\/def63bc6746dc5957469b75feb99e66d"},"breadcrumb":{"@id":"https:\/\/theplayoffs.news\/fr\/elf\/mckeon-mousquetaires-de-paris-interview\/#breadcrumb"},"inLanguage":"fr-FR","potentialAction":[{"@type":"ReadAction","target":["https:\/\/theplayoffs.news\/fr\/elf\/mckeon-mousquetaires-de-paris-interview\/"]}]},{"@type":"ImageObject","inLanguage":"fr-FR","@id":"https:\/\/theplayoffs.news\/fr\/elf\/mckeon-mousquetaires-de-paris-interview\/#primaryimage","url":"https:\/\/theplayoffs.news\/fr\/wp-content\/uploads\/2023\/07\/Paris-Rhein-Fire.jpg","contentUrl":"https:\/\/theplayoffs.news\/fr\/wp-content\/uploads\/2023\/07\/Paris-Rhein-Fire.jpg","width":1438,"height":651,"caption":"Mousquetaires de Paris Rhein Fire week 7"},{"@type":"BreadcrumbList","@id":"https:\/\/theplayoffs.news\/fr\/elf\/mckeon-mousquetaires-de-paris-interview\/#breadcrumb","itemListElement":[{"@type":"ListItem","position":1,"name":"Accueil","item":"https:\/\/theplayoffs.news\/fr\/"},{"@type":"ListItem","position":2,"name":"John McKeon (Mousquetaires de Paris): \u00ab\u00a0Notre d\u00e9but de calendrier ressemblait au couloir de la mort\u00a0\u00bb"}]},{"@type":"WebSite","@id":"https:\/\/theplayoffs.news\/fr\/#website","url":"https:\/\/theplayoffs.news\/fr\/","name":"The Playoffs FR","description":"NBA-NFL-NHL-MLB","potentialAction":[{"@type":"SearchAction","target":{"@type":"EntryPoint","urlTemplate":"https:\/\/theplayoffs.news\/fr\/?s={search_term_string}"},"query-input":{"@type":"PropertyValueSpecification","valueRequired":true,"valueName":"search_term_string"}}],"inLanguage":"fr-FR"},{"@type":"Person","@id":"https:\/\/theplayoffs.news\/fr\/#\/schema\/person\/def63bc6746dc5957469b75feb99e66d","name":"Flavien Jumeau","image":{"@type":"ImageObject","inLanguage":"fr-FR","@id":"https:\/\/theplayoffs.news\/fr\/#\/schema\/person\/image\/","url":"https:\/\/secure.gravatar.com\/avatar\/e7fa8ba5a4b7e4ce35fe152f083f352db28ad0acce692004ed88a7a7d78893f7?s=96&d=mm&r=g","contentUrl":"https:\/\/secure.gravatar.com\/avatar\/e7fa8ba5a4b7e4ce35fe152f083f352db28ad0acce692004ed88a7a7d78893f7?s=96&d=mm&r=g","caption":"Flavien Jumeau"},"description":"Amoureux du sport (et de vraiment tous les sports) depuis mon plus jeune \u00e2ge, j\u2019ai longtemps h\u00e9site entre le snooker et le curling. Finalement c\u2019est le foot US que j\u2019ai d\u00e9cid\u00e9 de choisir! Responsable foot US sur TPO et animateur du podcast Tailgate j\u2019ai pour mission de vous faire d\u00e9couvrir ce sport passionnant si ce n\u2019est pas encore fait et de vous donner les derni\u00e8res actus. Le tout dans la bonne humeur et avec toujours un jeu de mots ou deux savamment distill\u00e9s! Fan des Saints, pour moi Drew Brees est le vrai GOAT!","url":"https:\/\/theplayoffs.news\/fr\/author\/flavien-jumeaugmail-com\/"}]}},"_links":{"self":[{"href":"https:\/\/theplayoffs.news\/fr\/wp-json\/wp\/v2\/posts\/1042847","targetHints":{"allow":["GET"]}}],"collection":[{"href":"https:\/\/theplayoffs.news\/fr\/wp-json\/wp\/v2\/posts"}],"about":[{"href":"https:\/\/theplayoffs.news\/fr\/wp-json\/wp\/v2\/types\/post"}],"author":[{"embeddable":true,"href":"https:\/\/theplayoffs.news\/fr\/wp-json\/wp\/v2\/users\/180309964"}],"replies":[{"embeddable":true,"href":"https:\/\/theplayoffs.news\/fr\/wp-json\/wp\/v2\/comments?post=1042847"}],"version-history":[{"count":4,"href":"https:\/\/theplayoffs.news\/fr\/wp-json\/wp\/v2\/posts\/1042847\/revisions"}],"predecessor-version":[{"id":1042869,"href":"https:\/\/theplayoffs.news\/fr\/wp-json\/wp\/v2\/posts\/1042847\/revisions\/1042869"}],"wp:featuredmedia":[{"embeddable":true,"href":"https:\/\/theplayoffs.news\/fr\/wp-json\/wp\/v2\/media\/709296"}],"wp:attachment":[{"href":"https:\/\/theplayoffs.news\/fr\/wp-json\/wp\/v2\/media?parent=1042847"}],"wp:term":[{"taxonomy":"category","embeddable":true,"href":"https:\/\/theplayoffs.news\/fr\/wp-json\/wp\/v2\/categories?post=1042847"},{"taxonomy":"post_tag","embeddable":true,"href":"https:\/\/theplayoffs.news\/fr\/wp-json\/wp\/v2\/tags?post=1042847"},{"taxonomy":"sport","embeddable":true,"href":"https:\/\/theplayoffs.news\/fr\/wp-json\/wp\/v2\/sport?post=1042847"},{"taxonomy":"saison","embeddable":true,"href":"https:\/\/theplayoffs.news\/fr\/wp-json\/wp\/v2\/saison?post=1042847"}],"curies":[{"name":"wp","href":"https:\/\/api.w.org\/{rel}","templated":true}]}}