{"id":1038920,"date":"2023-11-01T09:21:08","date_gmt":"2023-11-01T08:21:08","guid":{"rendered":"https:\/\/theplayoffs.news\/fr\/?p=1038920"},"modified":"2023-11-01T09:21:08","modified_gmt":"2023-11-01T08:21:08","slug":"adolis-garcia-et-max-scherzer-forfait-pour-le-reste-des-world-series","status":"publish","type":"post","link":"https:\/\/theplayoffs.news\/fr\/actualite-mlb\/adolis-garcia-et-max-scherzer-forfait-pour-le-reste-des-world-series\/","title":{"rendered":"Adolis Garcia et Max Scherzer forfait pour le reste des World Series"},"content":{"rendered":"<h2>&Agrave; un moment crucial pour les Texas Rangers, qui se rapprochent de leur tout premier titre de champion, deux joueurs vedettes, Max Scherzer et Adolis Garcia, subissent des blessures.<\/h2><p>Max Scherzer &eacute;tait le premier choix des Rangers pour lancer un potentiel match 7 d&eacute;cisif. Pourtant, un spasme dorsal inqui&eacute;tant survenu au cours du match de lundi a r&eacute;duit sa performance. En revanche, Adolis Garcia a &eacute;t&eacute; le phare offensif des Rangers en cette fin de saison. Ses statistiques &eacute;blouissantes, avec un score de .323\/.382\/.726, coupl&eacute; &agrave; huit home runs en seulement 15 matchs, soulignent sa valeur. L&rsquo;impact de leur perte est palpable, et leur absence pourrait rebattre les cartes strat&eacute;giques des Rangers.<\/p><h3>Les contre-mesures des Rangers<\/h3><p>Avec la mise &agrave; l&rsquo;&eacute;cart de Scherzer, le gaucher Brock Burke se retrouve sous les feux de la rampe, tandis qu&rsquo;Ezequiel Duran remplace Garcia. Si les deux rempla&ccedil;ants se sont montr&eacute;s prometteurs &ndash; Burke avec une ERA de 4,37 en 53 apparitions en rel&egrave;ve et Duran avec une fiche de .276\/.324\/.443 &ndash; la question qui se pose est de savoir s&rsquo;ils peuvent imiter, ou m&ecirc;me approcher, le charisme et l&rsquo;impact des joueurs qu&rsquo;ils remplacent.<\/p><p>Travis Jankowski occupe d&eacute;sormais le champ droit, et l&rsquo;ordre strat&eacute;gique des frappeurs de l&rsquo;&eacute;quipe a &eacute;t&eacute; modifi&eacute; avec l&rsquo;arriv&eacute;e de Mitch Garver et de la recrue Evan Carter. Si la s&eacute;rie se prolonge jusqu&rsquo;au septi&egrave;me match, Jon Gray, qui vient de r&eacute;aliser une performance remarquable en rel&egrave;ve lundi, devrait &ecirc;tre le lanceur de d&eacute;part.<\/p><p>Le directeur g&eacute;n&eacute;ral de l&rsquo;&eacute;quipe, Chris Young, a accentu&eacute; la gravit&eacute; de la situation en laissant entendre que s&rsquo;il s&rsquo;agissait d&rsquo;une saison r&eacute;guli&egrave;re, Scherzer et Garcia seraient tous deux sur la liste des bless&eacute;s. Mais le temps n&rsquo;est pas un luxe que les Rangers peuvent se permettre en ce moment.<\/p><p>L&rsquo;absence de Garcia n&rsquo;a pas eu d&rsquo;impact lors du match 4 hier soir avec la victoire des siens en Arizona. Les Rangers devront &agrave; nouveau faire sans leur cogneur pour le match 5 qui pourrait les voir remporter leur premi&egrave;re World Series de leur histoire.<\/p><p>&nbsp;<\/p><p>Credit: Mark J. Rebilas-USA TODAY Sports<\/p>\n","protected":false},"excerpt":{"rendered":"","protected":false},"author":13,"featured_media":1038956,"comment_status":"open","ping_status":"closed","sticky":false,"template":"","format":"standard","meta":{"inline_featured_image":false,"kia_subtitle":"","_mux_skip_reasons":[],"proofreadBy":0,"footnotes":""},"categories":[188,9],"tags":[6602,2856,461],"sport":[],"saison":[],"class_list":["post-1038920","post","type-post","status-publish","format-standard","has-post-thumbnail","hentry","category-actualite-mlb","category-mlb","tag-adolis-garcia","tag-max-scherzer","tag-texas-rangers"],"acf":[],"yoast_head":"<!-- This site is optimized with the Yoast SEO plugin v24.2 - https:\/\/yoast.com\/wordpress\/plugins\/seo\/ -->\n<title>Adolis Garcia et Max Scherzer forfait pour le reste des World Series - The Playoffs FR<\/title>\n<meta name=\"robots\" content=\"index, follow, max-snippet:-1, max-image-preview:large, max-video-preview:-1\" \/>\n<link rel=\"canonical\" href=\"https:\/\/theplayoffs.news\/fr\/actualite-mlb\/adolis-garcia-et-max-scherzer-forfait-pour-le-reste-des-world-series\/\" \/>\n<meta property=\"og:locale\" content=\"fr_FR\" \/>\n<meta property=\"og:type\" content=\"article\" \/>\n<meta property=\"og:title\" content=\"Adolis Garcia et Max Scherzer forfait pour le reste des World Series - The Playoffs FR\" \/>\n<meta property=\"og:url\" content=\"https:\/\/theplayoffs.news\/fr\/actualite-mlb\/adolis-garcia-et-max-scherzer-forfait-pour-le-reste-des-world-series\/\" \/>\n<meta property=\"og:site_name\" content=\"The Playoffs FR\" \/>\n<meta property=\"article:publisher\" content=\"https:\/\/www.facebook.com\/TheFreeAgentFR\/\" \/>\n<meta property=\"article:modified_time\" content=\"2023-11-01T09:21:08+01:00\" \/>\n<meta property=\"og:image\" content=\"https:\/\/theplayoffs.news\/fr\/wp-content\/uploads\/2023\/11\/USATSI_21784988.jpg\" \/>\n\t<meta property=\"og:image:width\" content=\"1920\" \/>\n\t<meta property=\"og:image:height\" content=\"1280\" \/>\n\t<meta property=\"og:image:type\" content=\"image\/jpeg\" \/>\n<meta name=\"author\" content=\"Charles Taudin\" \/>\n<meta name=\"twitter:card\" content=\"summary_large_image\" \/>\n<meta name=\"twitter:creator\" content=\"@TheFreeAgentFR\" \/>\n<meta name=\"twitter:site\" content=\"@TheFreeAgentFR\" \/>\n<meta name=\"twitter:label1\" content=\"\u00c9crit par\" \/>\n\t<meta name=\"twitter:data1\" content=\"Charles Taudin\" \/>\n\t<meta name=\"twitter:label2\" content=\"Dur\u00e9e de lecture estim\u00e9e\" \/>\n\t<meta name=\"twitter:data2\" content=\"2 minutes\" \/>\n<script type=\"application\/ld+json\" class=\"yoast-schema-graph\">{\"@context\":\"https:\/\/schema.org\",\"@graph\":[{\"@type\":\"WebPage\",\"@id\":\"https:\/\/theplayoffs.news\/fr\/actualite-mlb\/adolis-garcia-et-max-scherzer-forfait-pour-le-reste-des-world-series\/\",\"url\":\"https:\/\/theplayoffs.news\/fr\/actualite-mlb\/adolis-garcia-et-max-scherzer-forfait-pour-le-reste-des-world-series\/\",\"name\":\"Adolis Garcia et Max Scherzer forfait pour le reste des World Series - The Playoffs FR\",\"isPartOf\":{\"@id\":\"https:\/\/theplayoffs.news\/fr\/#website\"},\"primaryImageOfPage\":{\"@id\":\"https:\/\/theplayoffs.news\/fr\/actualite-mlb\/adolis-garcia-et-max-scherzer-forfait-pour-le-reste-des-world-series\/#primaryimage\"},\"image\":{\"@id\":\"https:\/\/theplayoffs.news\/fr\/actualite-mlb\/adolis-garcia-et-max-scherzer-forfait-pour-le-reste-des-world-series\/#primaryimage\"},\"thumbnailUrl\":\"https:\/\/theplayoffs.news\/fr\/wp-content\/uploads\/2023\/11\/USATSI_21784988.jpg\",\"datePublished\":\"2023-11-01T08:21:08+00:00\",\"dateModified\":\"2023-11-01T08:21:08+00:00\",\"author\":{\"@id\":\"https:\/\/theplayoffs.news\/fr\/#\/schema\/person\/eee5b69ad5d3c51cabe881c839dbe133\"},\"breadcrumb\":{\"@id\":\"https:\/\/theplayoffs.news\/fr\/actualite-mlb\/adolis-garcia-et-max-scherzer-forfait-pour-le-reste-des-world-series\/#breadcrumb\"},\"inLanguage\":\"fr-FR\",\"potentialAction\":[{\"@type\":\"ReadAction\",\"target\":[\"https:\/\/theplayoffs.news\/fr\/actualite-mlb\/adolis-garcia-et-max-scherzer-forfait-pour-le-reste-des-world-series\/\"]}]},{\"@type\":\"ImageObject\",\"inLanguage\":\"fr-FR\",\"@id\":\"https:\/\/theplayoffs.news\/fr\/actualite-mlb\/adolis-garcia-et-max-scherzer-forfait-pour-le-reste-des-world-series\/#primaryimage\",\"url\":\"https:\/\/theplayoffs.news\/fr\/wp-content\/uploads\/2023\/11\/USATSI_21784988.jpg\",\"contentUrl\":\"https:\/\/theplayoffs.news\/fr\/wp-content\/uploads\/2023\/11\/USATSI_21784988.jpg\",\"width\":1920,\"height\":1280,\"caption\":\"Oct 31, 2023; Phoenix, Arizona, USA; Texas Rangers right fielder Adolis Garcia (53) watches the game from the dug out during the fifth inning against the Arizona Diamondbacks in game four of the 2023 World Series at Chase Field. Mandatory Credit: Mark J. Rebilas-USA TODAY Sports\"},{\"@type\":\"BreadcrumbList\",\"@id\":\"https:\/\/theplayoffs.news\/fr\/actualite-mlb\/adolis-garcia-et-max-scherzer-forfait-pour-le-reste-des-world-series\/#breadcrumb\",\"itemListElement\":[{\"@type\":\"ListItem\",\"position\":1,\"name\":\"Accueil\",\"item\":\"https:\/\/theplayoffs.news\/fr\/\"},{\"@type\":\"ListItem\",\"position\":2,\"name\":\"Adolis Garcia et Max Scherzer forfait pour le reste des World Series\"}]},{\"@type\":\"WebSite\",\"@id\":\"https:\/\/theplayoffs.news\/fr\/#website\",\"url\":\"https:\/\/theplayoffs.news\/fr\/\",\"name\":\"The Playoffs FR\",\"description\":\"NBA-NFL-NHL-MLB\",\"potentialAction\":[{\"@type\":\"SearchAction\",\"target\":{\"@type\":\"EntryPoint\",\"urlTemplate\":\"https:\/\/theplayoffs.news\/fr\/?s={search_term_string}\"},\"query-input\":{\"@type\":\"PropertyValueSpecification\",\"valueRequired\":true,\"valueName\":\"search_term_string\"}}],\"inLanguage\":\"fr-FR\"},{\"@type\":\"Person\",\"@id\":\"https:\/\/theplayoffs.news\/fr\/#\/schema\/person\/eee5b69ad5d3c51cabe881c839dbe133\",\"name\":\"Charles Taudin\",\"image\":{\"@type\":\"ImageObject\",\"inLanguage\":\"fr-FR\",\"@id\":\"https:\/\/theplayoffs.news\/fr\/#\/schema\/person\/image\/\",\"url\":\"https:\/\/secure.gravatar.com\/avatar\/59a1e772205ce9fd255edfcafc93013736822e20261f294c5753b20c41ede9f2?s=96&d=mm&r=g\",\"contentUrl\":\"https:\/\/secure.gravatar.com\/avatar\/59a1e772205ce9fd255edfcafc93013736822e20261f294c5753b20c41ede9f2?s=96&d=mm&r=g\",\"caption\":\"Charles Taudin\"},\"description\":\"R\u00e9dacteur en chef global de The Playoffs, j\u2019ai cr\u00e9\u00e9 The Free Agent, devenu The Playoffs FR, en 2020 durant la pand\u00e9mie. Amoureux depuis des ann\u00e9es des 4 sports majeurs am\u00e9ricains, j\u2019organise maintenant la strat\u00e9gie \u00e9ditoriale et les r\u00e9seaux sociaux de l\u2019ensemble des versions de The Playoffs. Il m\u2019arrive encore d\u2019\u00e9crire sur certains sports que j\u2019affectionne particuli\u00e8rement comme la NFL ou la MLB. Si vous devez retenir qu\u2019une chose : Eli Manning est le vrai GOAT pour avoir battu deux fois Tom Brady.\",\"sameAs\":[\"https:\/\/www.instagram.com\/ctaudin_\/\"],\"url\":\"https:\/\/theplayoffs.news\/fr\/author\/charles-taudin\/\"}]}<\/script>\n<!-- \/ Yoast SEO plugin. -->","yoast_head_json":{"title":"Adolis Garcia et Max Scherzer forfait pour le reste des World Series - The Playoffs FR","robots":{"index":"index","follow":"follow","max-snippet":"max-snippet:-1","max-image-preview":"max-image-preview:large","max-video-preview":"max-video-preview:-1"},"canonical":"https:\/\/theplayoffs.news\/fr\/actualite-mlb\/adolis-garcia-et-max-scherzer-forfait-pour-le-reste-des-world-series\/","og_locale":"fr_FR","og_type":"article","og_title":"Adolis Garcia et Max Scherzer forfait pour le reste des World Series - The Playoffs FR","og_url":"https:\/\/theplayoffs.news\/fr\/actualite-mlb\/adolis-garcia-et-max-scherzer-forfait-pour-le-reste-des-world-series\/","og_site_name":"The Playoffs FR","article_publisher":"https:\/\/www.facebook.com\/TheFreeAgentFR\/","og_image":[{"width":1920,"height":1280,"url":"https:\/\/theplayoffs.news\/fr\/wp-content\/uploads\/2023\/11\/USATSI_21784988.jpg","type":"image\/jpeg"}],"author":"Charles Taudin","twitter_card":"summary_large_image","twitter_creator":"@TheFreeAgentFR","twitter_site":"@TheFreeAgentFR","twitter_misc":{"\u00c9crit par":"Charles Taudin","Dur\u00e9e de lecture estim\u00e9e":"2 minutes"},"schema":{"@context":"https:\/\/schema.org","@graph":[{"@type":"WebPage","@id":"https:\/\/theplayoffs.news\/fr\/actualite-mlb\/adolis-garcia-et-max-scherzer-forfait-pour-le-reste-des-world-series\/","url":"https:\/\/theplayoffs.news\/fr\/actualite-mlb\/adolis-garcia-et-max-scherzer-forfait-pour-le-reste-des-world-series\/","name":"Adolis Garcia et Max Scherzer forfait pour le reste des World Series - The Playoffs FR","isPartOf":{"@id":"https:\/\/theplayoffs.news\/fr\/#website"},"primaryImageOfPage":{"@id":"https:\/\/theplayoffs.news\/fr\/actualite-mlb\/adolis-garcia-et-max-scherzer-forfait-pour-le-reste-des-world-series\/#primaryimage"},"image":{"@id":"https:\/\/theplayoffs.news\/fr\/actualite-mlb\/adolis-garcia-et-max-scherzer-forfait-pour-le-reste-des-world-series\/#primaryimage"},"thumbnailUrl":"https:\/\/theplayoffs.news\/fr\/wp-content\/uploads\/2023\/11\/USATSI_21784988.jpg","datePublished":"2023-11-01T08:21:08+00:00","dateModified":"2023-11-01T08:21:08+00:00","author":{"@id":"https:\/\/theplayoffs.news\/fr\/#\/schema\/person\/eee5b69ad5d3c51cabe881c839dbe133"},"breadcrumb":{"@id":"https:\/\/theplayoffs.news\/fr\/actualite-mlb\/adolis-garcia-et-max-scherzer-forfait-pour-le-reste-des-world-series\/#breadcrumb"},"inLanguage":"fr-FR","potentialAction":[{"@type":"ReadAction","target":["https:\/\/theplayoffs.news\/fr\/actualite-mlb\/adolis-garcia-et-max-scherzer-forfait-pour-le-reste-des-world-series\/"]}]},{"@type":"ImageObject","inLanguage":"fr-FR","@id":"https:\/\/theplayoffs.news\/fr\/actualite-mlb\/adolis-garcia-et-max-scherzer-forfait-pour-le-reste-des-world-series\/#primaryimage","url":"https:\/\/theplayoffs.news\/fr\/wp-content\/uploads\/2023\/11\/USATSI_21784988.jpg","contentUrl":"https:\/\/theplayoffs.news\/fr\/wp-content\/uploads\/2023\/11\/USATSI_21784988.jpg","width":1920,"height":1280,"caption":"Oct 31, 2023; Phoenix, Arizona, USA; Texas Rangers right fielder Adolis Garcia (53) watches the game from the dug out during the fifth inning against the Arizona Diamondbacks in game four of the 2023 World Series at Chase Field. Mandatory Credit: Mark J. Rebilas-USA TODAY Sports"},{"@type":"BreadcrumbList","@id":"https:\/\/theplayoffs.news\/fr\/actualite-mlb\/adolis-garcia-et-max-scherzer-forfait-pour-le-reste-des-world-series\/#breadcrumb","itemListElement":[{"@type":"ListItem","position":1,"name":"Accueil","item":"https:\/\/theplayoffs.news\/fr\/"},{"@type":"ListItem","position":2,"name":"Adolis Garcia et Max Scherzer forfait pour le reste des World Series"}]},{"@type":"WebSite","@id":"https:\/\/theplayoffs.news\/fr\/#website","url":"https:\/\/theplayoffs.news\/fr\/","name":"The Playoffs FR","description":"NBA-NFL-NHL-MLB","potentialAction":[{"@type":"SearchAction","target":{"@type":"EntryPoint","urlTemplate":"https:\/\/theplayoffs.news\/fr\/?s={search_term_string}"},"query-input":{"@type":"PropertyValueSpecification","valueRequired":true,"valueName":"search_term_string"}}],"inLanguage":"fr-FR"},{"@type":"Person","@id":"https:\/\/theplayoffs.news\/fr\/#\/schema\/person\/eee5b69ad5d3c51cabe881c839dbe133","name":"Charles Taudin","image":{"@type":"ImageObject","inLanguage":"fr-FR","@id":"https:\/\/theplayoffs.news\/fr\/#\/schema\/person\/image\/","url":"https:\/\/secure.gravatar.com\/avatar\/59a1e772205ce9fd255edfcafc93013736822e20261f294c5753b20c41ede9f2?s=96&d=mm&r=g","contentUrl":"https:\/\/secure.gravatar.com\/avatar\/59a1e772205ce9fd255edfcafc93013736822e20261f294c5753b20c41ede9f2?s=96&d=mm&r=g","caption":"Charles Taudin"},"description":"R\u00e9dacteur en chef global de The Playoffs, j\u2019ai cr\u00e9\u00e9 The Free Agent, devenu The Playoffs FR, en 2020 durant la pand\u00e9mie. Amoureux depuis des ann\u00e9es des 4 sports majeurs am\u00e9ricains, j\u2019organise maintenant la strat\u00e9gie \u00e9ditoriale et les r\u00e9seaux sociaux de l\u2019ensemble des versions de The Playoffs. Il m\u2019arrive encore d\u2019\u00e9crire sur certains sports que j\u2019affectionne particuli\u00e8rement comme la NFL ou la MLB. Si vous devez retenir qu\u2019une chose : Eli Manning est le vrai GOAT pour avoir battu deux fois Tom Brady.","sameAs":["https:\/\/www.instagram.com\/ctaudin_\/"],"url":"https:\/\/theplayoffs.news\/fr\/author\/charles-taudin\/"}]}},"_links":{"self":[{"href":"https:\/\/theplayoffs.news\/fr\/wp-json\/wp\/v2\/posts\/1038920","targetHints":{"allow":["GET"]}}],"collection":[{"href":"https:\/\/theplayoffs.news\/fr\/wp-json\/wp\/v2\/posts"}],"about":[{"href":"https:\/\/theplayoffs.news\/fr\/wp-json\/wp\/v2\/types\/post"}],"author":[{"embeddable":true,"href":"https:\/\/theplayoffs.news\/fr\/wp-json\/wp\/v2\/users\/13"}],"replies":[{"embeddable":true,"href":"https:\/\/theplayoffs.news\/fr\/wp-json\/wp\/v2\/comments?post=1038920"}],"version-history":[{"count":2,"href":"https:\/\/theplayoffs.news\/fr\/wp-json\/wp\/v2\/posts\/1038920\/revisions"}],"predecessor-version":[{"id":1038964,"href":"https:\/\/theplayoffs.news\/fr\/wp-json\/wp\/v2\/posts\/1038920\/revisions\/1038964"}],"wp:featuredmedia":[{"embeddable":true,"href":"https:\/\/theplayoffs.news\/fr\/wp-json\/wp\/v2\/media\/1038956"}],"wp:attachment":[{"href":"https:\/\/theplayoffs.news\/fr\/wp-json\/wp\/v2\/media?parent=1038920"}],"wp:term":[{"taxonomy":"category","embeddable":true,"href":"https:\/\/theplayoffs.news\/fr\/wp-json\/wp\/v2\/categories?post=1038920"},{"taxonomy":"post_tag","embeddable":true,"href":"https:\/\/theplayoffs.news\/fr\/wp-json\/wp\/v2\/tags?post=1038920"},{"taxonomy":"sport","embeddable":true,"href":"https:\/\/theplayoffs.news\/fr\/wp-json\/wp\/v2\/sport?post=1038920"},{"taxonomy":"saison","embeddable":true,"href":"https:\/\/theplayoffs.news\/fr\/wp-json\/wp\/v2\/saison?post=1038920"}],"curies":[{"name":"wp","href":"https:\/\/api.w.org\/{rel}","templated":true}]}}