{"id":1036822,"date":"2023-10-31T13:38:09","date_gmt":"2023-10-31T12:38:09","guid":{"rendered":"https:\/\/theplayoffs.news\/fr\/?p=1036822"},"modified":"2023-10-31T13:38:10","modified_gmt":"2023-10-31T12:38:10","slug":"les-rangers-dans-lincertitude-apres-les-blessures-de-garcia-et-scherzer","status":"publish","type":"post","link":"https:\/\/theplayoffs.news\/fr\/actualite-mlb\/les-rangers-dans-lincertitude-apres-les-blessures-de-garcia-et-scherzer\/","title":{"rendered":"Les Rangers dans l&rsquo;incertitude apr\u00e8s les blessures de Garcia et Scherzer"},"content":{"rendered":"<h2>World Series 2023 &ndash; Les Texas Rangers ont r&eacute;ussi &agrave; remporter une victoire 3-1 contre les Arizona Diamondbacks dans le troisi&egrave;me match des World Series, mais cela a eu un co&ucirc;t potentiel.<\/h2><p>Deux de leurs joueurs cl&eacute;s, <a href=\"https:\/\/theplayoffs.news\/fr\/joueur\/adolis-garcia-mlb-71074\/\" class=\"trk-cta-link\" data-cta-trk='{\"ctaType\":\"Link\",\"ctaSubType\":\"main\"}'><strong>Adolis Garcia<\/strong><\/a> et Max Scherzer, ont &eacute;t&eacute; mis sur la touche en raison de blessures, ce qui soul&egrave;ve des inqui&eacute;tudes quant &agrave; leur disponibilit&eacute; pour les prochains matchs.<\/p><h3>Les exploits h&eacute;ro&iuml;ques de Garcia g&acirc;ch&eacute;s par une blessure<\/h3><p>Adolis Garcia, qui a &eacute;t&eacute; tout simplement spectaculaire au cours de la post-saison, fait maintenant l&rsquo;objet d&rsquo;un examen minutieux apr&egrave;s avoir quitt&eacute; brusquement le match de lundi soir. Le joueur de champ, c&eacute;l&eacute;br&eacute; comme le meilleur joueur de la s&eacute;rie de championnat de la Ligue am&eacute;ricaine, a fait du bruit avec son home run de la 11e manche, qui a permis aux Rangers de remporter le premier match. Toutefois, son d&eacute;part soudain du troisi&egrave;me match apr&egrave;s un &eacute;lan en huiti&egrave;me manche a tir&eacute; la sonnette d&rsquo;alarme.<\/p><p>Les &eacute;valuations effectu&eacute;es imm&eacute;diatement apr&egrave;s le match sugg&egrave;rent une blessure potentielle &agrave; l&rsquo;abdomen de Garcia. Si les premi&egrave;res inqui&eacute;tudes s&rsquo;av&egrave;rent exactes et que l&rsquo;imagerie confirme un claquage, Garcia pourrait &ecirc;tre absent pendant plus d&rsquo;une semaine, jetant une ombre sur sa participation &agrave; l&rsquo;apoth&eacute;ose des World Series.<\/p><h3>Le douloureux d&eacute;j&agrave;-vu de Scherzer<\/h3><p>La sortie malheureuse de Max Scherzer en quatri&egrave;me manche a &eacute;t&eacute; un autre coup dur pour les Rangers. Apr&egrave;s ce qui a sembl&eacute; &ecirc;tre un spasme du dos pendant le match, les souvenirs de son d&eacute;part manqu&eacute; pour le cinqui&egrave;me match de la S&eacute;rie mondiale, il y a quatre ans, ont refait surface. Cette fois-l&agrave;, c&rsquo;&eacute;tait un probl&egrave;me de cou d&eacute;bilitant qui &eacute;tait en cause. Pourtant, Scherzer a l&rsquo;habitude de rebondir. Dans cette m&ecirc;me s&eacute;rie, il avait fait un retour triomphal dans le septi&egrave;me match, menant son &eacute;quipe &agrave; la victoire.<\/p><p>L&rsquo;incident de lundi soir est toutefois diff&eacute;rent. Scherzer a ressenti un &eacute;lancement dans le dos apr&egrave;s un lancer &agrave; Evan Longoria d&rsquo;Arizona. La douleur s&rsquo;est intensifi&eacute;e &agrave; mesure que le match avan&ccedil;ait, Scherzer d&eacute;crivant son dos comme &laquo;&nbsp;bloqu&eacute;&nbsp;&raquo;. Pourtant, sa r&eacute;silience reste &eacute;vidente.<\/p><blockquote><p>&laquo;&nbsp;J&rsquo;ai eu des douleurs qui ont dur&eacute; un peu plus longtemps et d&rsquo;autres qui ont disparu en 48 heures&nbsp;&raquo;, a-t-il d&eacute;clar&eacute;, laissant place &agrave; l&rsquo;espoir.<\/p><\/blockquote><p>&nbsp;<\/p><p>&nbsp;<\/p><p>Rob Schumacher\/The Republic \/ USA TODAY NETWORK<\/p>\n","protected":false},"excerpt":{"rendered":"","protected":false},"author":13,"featured_media":1036883,"comment_status":"open","ping_status":"closed","sticky":false,"template":"","format":"standard","meta":{"inline_featured_image":false,"kia_subtitle":"","_mux_skip_reasons":[],"proofreadBy":0,"footnotes":""},"categories":[188,9],"tags":[6602,2856,461,6182],"sport":[],"saison":[],"class_list":["post-1036822","post","type-post","status-publish","format-standard","has-post-thumbnail","hentry","category-actualite-mlb","category-mlb","tag-adolis-garcia","tag-max-scherzer","tag-texas-rangers","tag-world-series-2023"],"acf":[],"yoast_head":"<!-- This site is optimized with the Yoast SEO plugin v24.2 - https:\/\/yoast.com\/wordpress\/plugins\/seo\/ -->\n<title>Les Rangers dans l&#039;incertitude apr&egrave;s les blessures de Garcia et Scherzer - The Playoffs FR<\/title>\n<meta name=\"robots\" content=\"index, follow, max-snippet:-1, max-image-preview:large, max-video-preview:-1\" \/>\n<link rel=\"canonical\" href=\"https:\/\/theplayoffs.news\/fr\/actualite-mlb\/les-rangers-dans-lincertitude-apres-les-blessures-de-garcia-et-scherzer\/\" \/>\n<meta property=\"og:locale\" content=\"fr_FR\" \/>\n<meta property=\"og:type\" content=\"article\" \/>\n<meta property=\"og:title\" content=\"Les Rangers dans l&#039;incertitude apr&egrave;s les blessures de Garcia et Scherzer - The Playoffs FR\" \/>\n<meta property=\"og:url\" content=\"https:\/\/theplayoffs.news\/fr\/actualite-mlb\/les-rangers-dans-lincertitude-apres-les-blessures-de-garcia-et-scherzer\/\" \/>\n<meta property=\"og:site_name\" content=\"The Playoffs FR\" \/>\n<meta property=\"article:publisher\" content=\"https:\/\/www.facebook.com\/TheFreeAgentFR\/\" \/>\n<meta property=\"article:modified_time\" content=\"2023-10-31T13:38:10+01:00\" \/>\n<meta property=\"og:image\" content=\"https:\/\/theplayoffs.news\/fr\/wp-content\/uploads\/2023\/10\/USATSI_21777561.jpg\" \/>\n\t<meta property=\"og:image:width\" content=\"1920\" \/>\n\t<meta property=\"og:image:height\" content=\"1280\" \/>\n\t<meta property=\"og:image:type\" content=\"image\/jpeg\" \/>\n<meta name=\"author\" content=\"Charles Taudin\" \/>\n<meta name=\"twitter:card\" content=\"summary_large_image\" \/>\n<meta name=\"twitter:creator\" content=\"@TheFreeAgentFR\" \/>\n<meta name=\"twitter:site\" content=\"@TheFreeAgentFR\" \/>\n<meta name=\"twitter:label1\" content=\"\u00c9crit par\" \/>\n\t<meta name=\"twitter:data1\" content=\"Charles Taudin\" \/>\n\t<meta name=\"twitter:label2\" content=\"Dur\u00e9e de lecture estim\u00e9e\" \/>\n\t<meta name=\"twitter:data2\" content=\"2 minutes\" \/>\n<script type=\"application\/ld+json\" class=\"yoast-schema-graph\">{\"@context\":\"https:\/\/schema.org\",\"@graph\":[{\"@type\":\"WebPage\",\"@id\":\"https:\/\/theplayoffs.news\/fr\/actualite-mlb\/les-rangers-dans-lincertitude-apres-les-blessures-de-garcia-et-scherzer\/\",\"url\":\"https:\/\/theplayoffs.news\/fr\/actualite-mlb\/les-rangers-dans-lincertitude-apres-les-blessures-de-garcia-et-scherzer\/\",\"name\":\"Les Rangers dans l\\\\'incertitude apr\u00e8s les blessures de Garcia et Scherzer - The Playoffs FR\",\"isPartOf\":{\"@id\":\"https:\/\/theplayoffs.news\/fr\/#website\"},\"primaryImageOfPage\":{\"@id\":\"https:\/\/theplayoffs.news\/fr\/actualite-mlb\/les-rangers-dans-lincertitude-apres-les-blessures-de-garcia-et-scherzer\/#primaryimage\"},\"image\":{\"@id\":\"https:\/\/theplayoffs.news\/fr\/actualite-mlb\/les-rangers-dans-lincertitude-apres-les-blessures-de-garcia-et-scherzer\/#primaryimage\"},\"thumbnailUrl\":\"https:\/\/theplayoffs.news\/fr\/wp-content\/uploads\/2023\/10\/USATSI_21777561.jpg\",\"datePublished\":\"2023-10-31T12:38:09+00:00\",\"dateModified\":\"2023-10-31T12:38:10+00:00\",\"author\":{\"@id\":\"https:\/\/theplayoffs.news\/fr\/#\/schema\/person\/eee5b69ad5d3c51cabe881c839dbe133\"},\"breadcrumb\":{\"@id\":\"https:\/\/theplayoffs.news\/fr\/actualite-mlb\/les-rangers-dans-lincertitude-apres-les-blessures-de-garcia-et-scherzer\/#breadcrumb\"},\"inLanguage\":\"fr-FR\",\"potentialAction\":[{\"@type\":\"ReadAction\",\"target\":[\"https:\/\/theplayoffs.news\/fr\/actualite-mlb\/les-rangers-dans-lincertitude-apres-les-blessures-de-garcia-et-scherzer\/\"]}]},{\"@type\":\"ImageObject\",\"inLanguage\":\"fr-FR\",\"@id\":\"https:\/\/theplayoffs.news\/fr\/actualite-mlb\/les-rangers-dans-lincertitude-apres-les-blessures-de-garcia-et-scherzer\/#primaryimage\",\"url\":\"https:\/\/theplayoffs.news\/fr\/wp-content\/uploads\/2023\/10\/USATSI_21777561.jpg\",\"contentUrl\":\"https:\/\/theplayoffs.news\/fr\/wp-content\/uploads\/2023\/10\/USATSI_21777561.jpg\",\"width\":1920,\"height\":1280,\"caption\":\"Texas Rangers starting pitcher Max Scherzer (31) walks to the dugout after being replaced during the fourth inning against the Arizona Diamondbacks in game three of the 2023 World Series at Chase Field on Oct. 30, 2023, in Phoenix, Arizona.\"},{\"@type\":\"BreadcrumbList\",\"@id\":\"https:\/\/theplayoffs.news\/fr\/actualite-mlb\/les-rangers-dans-lincertitude-apres-les-blessures-de-garcia-et-scherzer\/#breadcrumb\",\"itemListElement\":[{\"@type\":\"ListItem\",\"position\":1,\"name\":\"Accueil\",\"item\":\"https:\/\/theplayoffs.news\/fr\/\"},{\"@type\":\"ListItem\",\"position\":2,\"name\":\"Les Rangers dans l&rsquo;incertitude apr\u00e8s les blessures de Garcia et Scherzer\"}]},{\"@type\":\"WebSite\",\"@id\":\"https:\/\/theplayoffs.news\/fr\/#website\",\"url\":\"https:\/\/theplayoffs.news\/fr\/\",\"name\":\"The Playoffs FR\",\"description\":\"NBA-NFL-NHL-MLB\",\"potentialAction\":[{\"@type\":\"SearchAction\",\"target\":{\"@type\":\"EntryPoint\",\"urlTemplate\":\"https:\/\/theplayoffs.news\/fr\/?s={search_term_string}\"},\"query-input\":{\"@type\":\"PropertyValueSpecification\",\"valueRequired\":true,\"valueName\":\"search_term_string\"}}],\"inLanguage\":\"fr-FR\"},{\"@type\":\"Person\",\"@id\":\"https:\/\/theplayoffs.news\/fr\/#\/schema\/person\/eee5b69ad5d3c51cabe881c839dbe133\",\"name\":\"Charles Taudin\",\"image\":{\"@type\":\"ImageObject\",\"inLanguage\":\"fr-FR\",\"@id\":\"https:\/\/theplayoffs.news\/fr\/#\/schema\/person\/image\/\",\"url\":\"https:\/\/secure.gravatar.com\/avatar\/59a1e772205ce9fd255edfcafc93013736822e20261f294c5753b20c41ede9f2?s=96&d=mm&r=g\",\"contentUrl\":\"https:\/\/secure.gravatar.com\/avatar\/59a1e772205ce9fd255edfcafc93013736822e20261f294c5753b20c41ede9f2?s=96&d=mm&r=g\",\"caption\":\"Charles Taudin\"},\"description\":\"R\u00e9dacteur en chef global de The Playoffs, j\u2019ai cr\u00e9\u00e9 The Free Agent, devenu The Playoffs FR, en 2020 durant la pand\u00e9mie. Amoureux depuis des ann\u00e9es des 4 sports majeurs am\u00e9ricains, j\u2019organise maintenant la strat\u00e9gie \u00e9ditoriale et les r\u00e9seaux sociaux de l\u2019ensemble des versions de The Playoffs. Il m\u2019arrive encore d\u2019\u00e9crire sur certains sports que j\u2019affectionne particuli\u00e8rement comme la NFL ou la MLB. Si vous devez retenir qu\u2019une chose : Eli Manning est le vrai GOAT pour avoir battu deux fois Tom Brady.\",\"sameAs\":[\"https:\/\/www.instagram.com\/ctaudin_\/\"],\"url\":\"https:\/\/theplayoffs.news\/fr\/author\/charles-taudin\/\"}]}<\/script>\n<!-- \/ Yoast SEO plugin. -->","yoast_head_json":{"title":"Les Rangers dans l&#039;incertitude apr&egrave;s les blessures de Garcia et Scherzer - The Playoffs FR","robots":{"index":"index","follow":"follow","max-snippet":"max-snippet:-1","max-image-preview":"max-image-preview:large","max-video-preview":"max-video-preview:-1"},"canonical":"https:\/\/theplayoffs.news\/fr\/actualite-mlb\/les-rangers-dans-lincertitude-apres-les-blessures-de-garcia-et-scherzer\/","og_locale":"fr_FR","og_type":"article","og_title":"Les Rangers dans l&#039;incertitude apr&egrave;s les blessures de Garcia et Scherzer - The Playoffs FR","og_url":"https:\/\/theplayoffs.news\/fr\/actualite-mlb\/les-rangers-dans-lincertitude-apres-les-blessures-de-garcia-et-scherzer\/","og_site_name":"The Playoffs FR","article_publisher":"https:\/\/www.facebook.com\/TheFreeAgentFR\/","article_modified_time":"2023-10-31T12:38:10+00:00","og_image":[{"width":1920,"height":1280,"url":"https:\/\/theplayoffs.news\/fr\/wp-content\/uploads\/2023\/10\/USATSI_21777561.jpg","type":"image\/jpeg"}],"author":"Charles Taudin","twitter_card":"summary_large_image","twitter_creator":"@TheFreeAgentFR","twitter_site":"@TheFreeAgentFR","twitter_misc":{"\u00c9crit par":"Charles Taudin","Dur\u00e9e de lecture estim\u00e9e":"2 minutes"},"schema":{"@context":"https:\/\/schema.org","@graph":[{"@type":"WebPage","@id":"https:\/\/theplayoffs.news\/fr\/actualite-mlb\/les-rangers-dans-lincertitude-apres-les-blessures-de-garcia-et-scherzer\/","url":"https:\/\/theplayoffs.news\/fr\/actualite-mlb\/les-rangers-dans-lincertitude-apres-les-blessures-de-garcia-et-scherzer\/","name":"Les Rangers dans l\\'incertitude apr\u00e8s les blessures de Garcia et Scherzer - The Playoffs FR","isPartOf":{"@id":"https:\/\/theplayoffs.news\/fr\/#website"},"primaryImageOfPage":{"@id":"https:\/\/theplayoffs.news\/fr\/actualite-mlb\/les-rangers-dans-lincertitude-apres-les-blessures-de-garcia-et-scherzer\/#primaryimage"},"image":{"@id":"https:\/\/theplayoffs.news\/fr\/actualite-mlb\/les-rangers-dans-lincertitude-apres-les-blessures-de-garcia-et-scherzer\/#primaryimage"},"thumbnailUrl":"https:\/\/theplayoffs.news\/fr\/wp-content\/uploads\/2023\/10\/USATSI_21777561.jpg","datePublished":"2023-10-31T12:38:09+00:00","dateModified":"2023-10-31T12:38:10+00:00","author":{"@id":"https:\/\/theplayoffs.news\/fr\/#\/schema\/person\/eee5b69ad5d3c51cabe881c839dbe133"},"breadcrumb":{"@id":"https:\/\/theplayoffs.news\/fr\/actualite-mlb\/les-rangers-dans-lincertitude-apres-les-blessures-de-garcia-et-scherzer\/#breadcrumb"},"inLanguage":"fr-FR","potentialAction":[{"@type":"ReadAction","target":["https:\/\/theplayoffs.news\/fr\/actualite-mlb\/les-rangers-dans-lincertitude-apres-les-blessures-de-garcia-et-scherzer\/"]}]},{"@type":"ImageObject","inLanguage":"fr-FR","@id":"https:\/\/theplayoffs.news\/fr\/actualite-mlb\/les-rangers-dans-lincertitude-apres-les-blessures-de-garcia-et-scherzer\/#primaryimage","url":"https:\/\/theplayoffs.news\/fr\/wp-content\/uploads\/2023\/10\/USATSI_21777561.jpg","contentUrl":"https:\/\/theplayoffs.news\/fr\/wp-content\/uploads\/2023\/10\/USATSI_21777561.jpg","width":1920,"height":1280,"caption":"Texas Rangers starting pitcher Max Scherzer (31) walks to the dugout after being replaced during the fourth inning against the Arizona Diamondbacks in game three of the 2023 World Series at Chase Field on Oct. 30, 2023, in Phoenix, Arizona."},{"@type":"BreadcrumbList","@id":"https:\/\/theplayoffs.news\/fr\/actualite-mlb\/les-rangers-dans-lincertitude-apres-les-blessures-de-garcia-et-scherzer\/#breadcrumb","itemListElement":[{"@type":"ListItem","position":1,"name":"Accueil","item":"https:\/\/theplayoffs.news\/fr\/"},{"@type":"ListItem","position":2,"name":"Les Rangers dans l&rsquo;incertitude apr\u00e8s les blessures de Garcia et Scherzer"}]},{"@type":"WebSite","@id":"https:\/\/theplayoffs.news\/fr\/#website","url":"https:\/\/theplayoffs.news\/fr\/","name":"The Playoffs FR","description":"NBA-NFL-NHL-MLB","potentialAction":[{"@type":"SearchAction","target":{"@type":"EntryPoint","urlTemplate":"https:\/\/theplayoffs.news\/fr\/?s={search_term_string}"},"query-input":{"@type":"PropertyValueSpecification","valueRequired":true,"valueName":"search_term_string"}}],"inLanguage":"fr-FR"},{"@type":"Person","@id":"https:\/\/theplayoffs.news\/fr\/#\/schema\/person\/eee5b69ad5d3c51cabe881c839dbe133","name":"Charles Taudin","image":{"@type":"ImageObject","inLanguage":"fr-FR","@id":"https:\/\/theplayoffs.news\/fr\/#\/schema\/person\/image\/","url":"https:\/\/secure.gravatar.com\/avatar\/59a1e772205ce9fd255edfcafc93013736822e20261f294c5753b20c41ede9f2?s=96&d=mm&r=g","contentUrl":"https:\/\/secure.gravatar.com\/avatar\/59a1e772205ce9fd255edfcafc93013736822e20261f294c5753b20c41ede9f2?s=96&d=mm&r=g","caption":"Charles Taudin"},"description":"R\u00e9dacteur en chef global de The Playoffs, j\u2019ai cr\u00e9\u00e9 The Free Agent, devenu The Playoffs FR, en 2020 durant la pand\u00e9mie. Amoureux depuis des ann\u00e9es des 4 sports majeurs am\u00e9ricains, j\u2019organise maintenant la strat\u00e9gie \u00e9ditoriale et les r\u00e9seaux sociaux de l\u2019ensemble des versions de The Playoffs. Il m\u2019arrive encore d\u2019\u00e9crire sur certains sports que j\u2019affectionne particuli\u00e8rement comme la NFL ou la MLB. Si vous devez retenir qu\u2019une chose : Eli Manning est le vrai GOAT pour avoir battu deux fois Tom Brady.","sameAs":["https:\/\/www.instagram.com\/ctaudin_\/"],"url":"https:\/\/theplayoffs.news\/fr\/author\/charles-taudin\/"}]}},"_links":{"self":[{"href":"https:\/\/theplayoffs.news\/fr\/wp-json\/wp\/v2\/posts\/1036822","targetHints":{"allow":["GET"]}}],"collection":[{"href":"https:\/\/theplayoffs.news\/fr\/wp-json\/wp\/v2\/posts"}],"about":[{"href":"https:\/\/theplayoffs.news\/fr\/wp-json\/wp\/v2\/types\/post"}],"author":[{"embeddable":true,"href":"https:\/\/theplayoffs.news\/fr\/wp-json\/wp\/v2\/users\/13"}],"replies":[{"embeddable":true,"href":"https:\/\/theplayoffs.news\/fr\/wp-json\/wp\/v2\/comments?post=1036822"}],"version-history":[{"count":3,"href":"https:\/\/theplayoffs.news\/fr\/wp-json\/wp\/v2\/posts\/1036822\/revisions"}],"predecessor-version":[{"id":1036909,"href":"https:\/\/theplayoffs.news\/fr\/wp-json\/wp\/v2\/posts\/1036822\/revisions\/1036909"}],"wp:featuredmedia":[{"embeddable":true,"href":"https:\/\/theplayoffs.news\/fr\/wp-json\/wp\/v2\/media\/1036883"}],"wp:attachment":[{"href":"https:\/\/theplayoffs.news\/fr\/wp-json\/wp\/v2\/media?parent=1036822"}],"wp:term":[{"taxonomy":"category","embeddable":true,"href":"https:\/\/theplayoffs.news\/fr\/wp-json\/wp\/v2\/categories?post=1036822"},{"taxonomy":"post_tag","embeddable":true,"href":"https:\/\/theplayoffs.news\/fr\/wp-json\/wp\/v2\/tags?post=1036822"},{"taxonomy":"sport","embeddable":true,"href":"https:\/\/theplayoffs.news\/fr\/wp-json\/wp\/v2\/sport?post=1036822"},{"taxonomy":"saison","embeddable":true,"href":"https:\/\/theplayoffs.news\/fr\/wp-json\/wp\/v2\/saison?post=1036822"}],"curies":[{"name":"wp","href":"https:\/\/api.w.org\/{rel}","templated":true}]}}