{"id":1034632,"date":"2023-10-30T17:18:07","date_gmt":"2023-10-30T16:18:07","guid":{"rendered":"https:\/\/theplayoffs.news\/fr\/?p=1034632"},"modified":"2023-10-30T17:18:08","modified_gmt":"2023-10-30T16:18:08","slug":"la-nba-devoile-des-parquets-dedies-pour-son-nouveau-tournoi","status":"publish","type":"post","link":"https:\/\/theplayoffs.news\/fr\/actualite-nba\/la-nba-devoile-des-parquets-dedies-pour-son-nouveau-tournoi\/","title":{"rendered":"La NBA d\u00e9voile des parquets d\u00e9di\u00e9s pour son nouveau tournoi"},"content":{"rendered":"<h2>NBA &ndash; La NBA vient de d&eacute;voiler les 30 parquets qui seront utilis&eacute;s par les franchises lors du nouveau tournoi de saison qui d&eacute;bute le 3 novembre.<\/h2><p>Cette d&eacute;cision d&rsquo;avoir des parquets d&eacute;di&eacute;s a &eacute;t&eacute; prise par la NBA il y a d&eacute;j&agrave; plusieurs mois avec la volont&eacute; d&rsquo;avoir un parquet compl&egrave;tement paint, ne laissant entrevoir aucun morceau de bois. Certains sont tr&egrave;s &laquo;&nbsp;classiques&nbsp;&raquo; mais certains ont &eacute;t&eacute; r&eacute;alis&eacute;s &agrave; partir des maillots City Edition.<\/p><blockquote><p>&laquo;&nbsp;C&rsquo;est la premi&egrave;re fois que vous verrez un visuel esth&eacute;tique dans les 30 &eacute;quipes&nbsp;&raquo;, d&eacute;clare Christopher Arena, responsable des partenariats sur le terrain et avec la marque de la NBA.<\/p><\/blockquote><p>Les joueurs devront s&rsquo;habituer &agrave; joueur sur des parquets de couleurs comme l&rsquo;a tr&egrave;s bien fait remarqu&eacute; Kevin Durant, qui jouera avec Phoenix sur un parquet violet.<\/p><p>Voici quelques exemples :<\/p><p><img loading=\"lazy\" decoding=\"async\" class=\"alignnone size-full wp-image-1034683\" src=\"https:\/\/theplayoffs.news\/fr\/wp-content\/uploads\/2023\/10\/F9spZs3XwAAI-TP.jpeg\" alt=\"\" width=\"680\" height=\"383\" srcset=\"https:\/\/theplayoffs.news\/fr\/wp-content\/uploads\/2023\/10\/F9spZs3XwAAI-TP.jpeg 680w, https:\/\/theplayoffs.news\/fr\/wp-content\/uploads\/2023\/10\/F9spZs3XwAAI-TP-300x169.jpeg 300w\" sizes=\"auto, (max-width: 680px) 100vw, 680px\" \/> <img loading=\"lazy\" decoding=\"async\" class=\"alignnone size-full wp-image-1034681\" src=\"https:\/\/theplayoffs.news\/fr\/wp-content\/uploads\/2023\/10\/F9sqQ5LW0AA4YF3.jpeg\" alt=\"\" width=\"680\" height=\"383\" srcset=\"https:\/\/theplayoffs.news\/fr\/wp-content\/uploads\/2023\/10\/F9sqQ5LW0AA4YF3.jpeg 680w, https:\/\/theplayoffs.news\/fr\/wp-content\/uploads\/2023\/10\/F9sqQ5LW0AA4YF3-300x169.jpeg 300w\" sizes=\"auto, (max-width: 680px) 100vw, 680px\" \/> <img loading=\"lazy\" decoding=\"async\" class=\"alignnone size-full wp-image-1034680\" src=\"https:\/\/theplayoffs.news\/fr\/wp-content\/uploads\/2023\/10\/F9spmkVXIAAj03w.jpeg\" alt=\"\" width=\"680\" height=\"383\" srcset=\"https:\/\/theplayoffs.news\/fr\/wp-content\/uploads\/2023\/10\/F9spmkVXIAAj03w.jpeg 680w, https:\/\/theplayoffs.news\/fr\/wp-content\/uploads\/2023\/10\/F9spmkVXIAAj03w-300x169.jpeg 300w\" sizes=\"auto, (max-width: 680px) 100vw, 680px\" \/> <img loading=\"lazy\" decoding=\"async\" class=\"alignnone size-full wp-image-1034679\" src=\"https:\/\/theplayoffs.news\/fr\/wp-content\/uploads\/2023\/10\/F9spR4xW8AAYZ64.jpeg\" alt=\"\" width=\"680\" height=\"383\" srcset=\"https:\/\/theplayoffs.news\/fr\/wp-content\/uploads\/2023\/10\/F9spR4xW8AAYZ64.jpeg 680w, https:\/\/theplayoffs.news\/fr\/wp-content\/uploads\/2023\/10\/F9spR4xW8AAYZ64-300x169.jpeg 300w\" sizes=\"auto, (max-width: 680px) 100vw, 680px\" \/> <img loading=\"lazy\" decoding=\"async\" class=\"alignnone size-full wp-image-1034677\" src=\"https:\/\/theplayoffs.news\/fr\/wp-content\/uploads\/2023\/10\/F9sodyeW0AA3Zim.jpeg\" alt=\"\" width=\"680\" height=\"383\" srcset=\"https:\/\/theplayoffs.news\/fr\/wp-content\/uploads\/2023\/10\/F9sodyeW0AA3Zim.jpeg 680w, https:\/\/theplayoffs.news\/fr\/wp-content\/uploads\/2023\/10\/F9sodyeW0AA3Zim-300x169.jpeg 300w\" sizes=\"auto, (max-width: 680px) 100vw, 680px\" \/><\/p><blockquote class=\"twitter-tweet\" data-width=\"500\" data-dnt=\"true\">\n<p lang=\"en\" dir=\"ltr\">NBA DEBUTS IN-SEASON TOURNAMENT COURTS FOR ALL 30 TEAMS <a href=\"https:\/\/t.co\/OHmOA8LYGL\" class=\"trk-cta-link\" data-cta-trk='{\"ctaType\":\"Link\",\"ctaSubType\":\"main\"}'>pic.twitter.com\/OHmOA8LYGL<\/a><\/p>\n<p>&mdash; NBA (@NBA) <a href=\"https:\/\/twitter.com\/NBA\/status\/1719020363252629808?ref_src=twsrc%5Etfw\" class=\"trk-cta-link\" data-cta-trk='{\"ctaType\":\"Link\",\"ctaSubType\":\"main\"}'>October 30, 2023<\/a><\/p><\/blockquote><p><script async src=\"https:\/\/platform.twitter.com\/widgets.js\" charset=\"utf-8\"><\/script><\/p><p>Le tournoi de saison commence vendredi et se d&eacute;roulera les mardis et vendredis tout au long du mois de novembre, &agrave; l&rsquo;exception du jour de l&rsquo;&eacute;lection pr&eacute;sidentielle. L&rsquo;&eacute;v&eacute;nement se terminera au T-Mobile Arena de Las Vegas avec les demi-finales le 7 d&eacute;cembre et la finale le 9 d&eacute;cembre.<\/p>\n","protected":false},"excerpt":{"rendered":"","protected":false},"author":13,"featured_media":1034684,"comment_status":"open","ping_status":"closed","sticky":false,"template":"","format":"standard","meta":{"inline_featured_image":false,"kia_subtitle":"","_mux_skip_reasons":[],"proofreadBy":0,"footnotes":""},"categories":[110,10],"tags":[23,5848],"sport":[],"saison":[],"class_list":["post-1034632","post","type-post","status-publish","format-standard","has-post-thumbnail","hentry","category-actualite-nba","category-nba","tag-nba-tag","tag-tournoi-nba-in-season"],"acf":[],"yoast_head":"<!-- This site is optimized with the Yoast SEO plugin v24.2 - https:\/\/yoast.com\/wordpress\/plugins\/seo\/ -->\n<title>La NBA d&eacute;voile des parquets d&eacute;di&eacute;s pour son nouveau tournoi - The Playoffs FR<\/title>\n<meta name=\"robots\" content=\"index, follow, max-snippet:-1, max-image-preview:large, max-video-preview:-1\" \/>\n<link rel=\"canonical\" href=\"https:\/\/theplayoffs.news\/fr\/actualite-nba\/la-nba-devoile-des-parquets-dedies-pour-son-nouveau-tournoi\/\" \/>\n<meta property=\"og:locale\" content=\"fr_FR\" \/>\n<meta property=\"og:type\" content=\"article\" \/>\n<meta property=\"og:title\" content=\"La NBA d&eacute;voile des parquets d&eacute;di&eacute;s pour son nouveau tournoi - The Playoffs FR\" \/>\n<meta property=\"og:url\" content=\"https:\/\/theplayoffs.news\/fr\/actualite-nba\/la-nba-devoile-des-parquets-dedies-pour-son-nouveau-tournoi\/\" \/>\n<meta property=\"og:site_name\" content=\"The Playoffs FR\" \/>\n<meta property=\"article:publisher\" content=\"https:\/\/www.facebook.com\/TheFreeAgentFR\/\" \/>\n<meta property=\"article:modified_time\" content=\"2023-10-30T17:18:08+01:00\" \/>\n<meta property=\"og:image\" content=\"https:\/\/theplayoffs.news\/fr\/wp-content\/uploads\/2023\/10\/i.jpeg\" \/>\n\t<meta property=\"og:image:width\" content=\"920\" \/>\n\t<meta property=\"og:image:height\" content=\"518\" \/>\n\t<meta property=\"og:image:type\" content=\"image\/jpeg\" \/>\n<meta name=\"author\" content=\"Charles Taudin\" \/>\n<meta name=\"twitter:card\" content=\"summary_large_image\" \/>\n<meta name=\"twitter:creator\" content=\"@TheFreeAgentFR\" \/>\n<meta name=\"twitter:site\" content=\"@TheFreeAgentFR\" \/>\n<meta name=\"twitter:label1\" content=\"\u00c9crit par\" \/>\n\t<meta name=\"twitter:data1\" content=\"Charles Taudin\" \/>\n\t<meta name=\"twitter:label2\" content=\"Dur\u00e9e de lecture estim\u00e9e\" \/>\n\t<meta name=\"twitter:data2\" content=\"1 minute\" \/>\n<script type=\"application\/ld+json\" class=\"yoast-schema-graph\">{\"@context\":\"https:\/\/schema.org\",\"@graph\":[{\"@type\":\"WebPage\",\"@id\":\"https:\/\/theplayoffs.news\/fr\/actualite-nba\/la-nba-devoile-des-parquets-dedies-pour-son-nouveau-tournoi\/\",\"url\":\"https:\/\/theplayoffs.news\/fr\/actualite-nba\/la-nba-devoile-des-parquets-dedies-pour-son-nouveau-tournoi\/\",\"name\":\"La NBA d\u00e9voile des parquets d\u00e9di\u00e9s pour son nouveau tournoi - The Playoffs FR\",\"isPartOf\":{\"@id\":\"https:\/\/theplayoffs.news\/fr\/#website\"},\"primaryImageOfPage\":{\"@id\":\"https:\/\/theplayoffs.news\/fr\/actualite-nba\/la-nba-devoile-des-parquets-dedies-pour-son-nouveau-tournoi\/#primaryimage\"},\"image\":{\"@id\":\"https:\/\/theplayoffs.news\/fr\/actualite-nba\/la-nba-devoile-des-parquets-dedies-pour-son-nouveau-tournoi\/#primaryimage\"},\"thumbnailUrl\":\"https:\/\/theplayoffs.news\/fr\/wp-content\/uploads\/2023\/10\/i.jpeg\",\"datePublished\":\"2023-10-30T16:18:07+00:00\",\"dateModified\":\"2023-10-30T16:18:08+00:00\",\"author\":{\"@id\":\"https:\/\/theplayoffs.news\/fr\/#\/schema\/person\/eee5b69ad5d3c51cabe881c839dbe133\"},\"breadcrumb\":{\"@id\":\"https:\/\/theplayoffs.news\/fr\/actualite-nba\/la-nba-devoile-des-parquets-dedies-pour-son-nouveau-tournoi\/#breadcrumb\"},\"inLanguage\":\"fr-FR\",\"potentialAction\":[{\"@type\":\"ReadAction\",\"target\":[\"https:\/\/theplayoffs.news\/fr\/actualite-nba\/la-nba-devoile-des-parquets-dedies-pour-son-nouveau-tournoi\/\"]}]},{\"@type\":\"ImageObject\",\"inLanguage\":\"fr-FR\",\"@id\":\"https:\/\/theplayoffs.news\/fr\/actualite-nba\/la-nba-devoile-des-parquets-dedies-pour-son-nouveau-tournoi\/#primaryimage\",\"url\":\"https:\/\/theplayoffs.news\/fr\/wp-content\/uploads\/2023\/10\/i.jpeg\",\"contentUrl\":\"https:\/\/theplayoffs.news\/fr\/wp-content\/uploads\/2023\/10\/i.jpeg\",\"width\":920,\"height\":518},{\"@type\":\"BreadcrumbList\",\"@id\":\"https:\/\/theplayoffs.news\/fr\/actualite-nba\/la-nba-devoile-des-parquets-dedies-pour-son-nouveau-tournoi\/#breadcrumb\",\"itemListElement\":[{\"@type\":\"ListItem\",\"position\":1,\"name\":\"Accueil\",\"item\":\"https:\/\/theplayoffs.news\/fr\/\"},{\"@type\":\"ListItem\",\"position\":2,\"name\":\"La NBA d\u00e9voile des parquets d\u00e9di\u00e9s pour son nouveau tournoi\"}]},{\"@type\":\"WebSite\",\"@id\":\"https:\/\/theplayoffs.news\/fr\/#website\",\"url\":\"https:\/\/theplayoffs.news\/fr\/\",\"name\":\"The Playoffs FR\",\"description\":\"NBA-NFL-NHL-MLB\",\"potentialAction\":[{\"@type\":\"SearchAction\",\"target\":{\"@type\":\"EntryPoint\",\"urlTemplate\":\"https:\/\/theplayoffs.news\/fr\/?s={search_term_string}\"},\"query-input\":{\"@type\":\"PropertyValueSpecification\",\"valueRequired\":true,\"valueName\":\"search_term_string\"}}],\"inLanguage\":\"fr-FR\"},{\"@type\":\"Person\",\"@id\":\"https:\/\/theplayoffs.news\/fr\/#\/schema\/person\/eee5b69ad5d3c51cabe881c839dbe133\",\"name\":\"Charles Taudin\",\"image\":{\"@type\":\"ImageObject\",\"inLanguage\":\"fr-FR\",\"@id\":\"https:\/\/theplayoffs.news\/fr\/#\/schema\/person\/image\/\",\"url\":\"https:\/\/secure.gravatar.com\/avatar\/59a1e772205ce9fd255edfcafc93013736822e20261f294c5753b20c41ede9f2?s=96&d=mm&r=g\",\"contentUrl\":\"https:\/\/secure.gravatar.com\/avatar\/59a1e772205ce9fd255edfcafc93013736822e20261f294c5753b20c41ede9f2?s=96&d=mm&r=g\",\"caption\":\"Charles Taudin\"},\"description\":\"R\u00e9dacteur en chef global de The Playoffs, j\u2019ai cr\u00e9\u00e9 The Free Agent, devenu The Playoffs FR, en 2020 durant la pand\u00e9mie. Amoureux depuis des ann\u00e9es des 4 sports majeurs am\u00e9ricains, j\u2019organise maintenant la strat\u00e9gie \u00e9ditoriale et les r\u00e9seaux sociaux de l\u2019ensemble des versions de The Playoffs. Il m\u2019arrive encore d\u2019\u00e9crire sur certains sports que j\u2019affectionne particuli\u00e8rement comme la NFL ou la MLB. Si vous devez retenir qu\u2019une chose : Eli Manning est le vrai GOAT pour avoir battu deux fois Tom Brady.\",\"sameAs\":[\"https:\/\/www.instagram.com\/ctaudin_\/\"],\"url\":\"https:\/\/theplayoffs.news\/fr\/author\/charles-taudin\/\"}]}<\/script>\n<!-- \/ Yoast SEO plugin. -->","yoast_head_json":{"title":"La NBA d&eacute;voile des parquets d&eacute;di&eacute;s pour son nouveau tournoi - The Playoffs FR","robots":{"index":"index","follow":"follow","max-snippet":"max-snippet:-1","max-image-preview":"max-image-preview:large","max-video-preview":"max-video-preview:-1"},"canonical":"https:\/\/theplayoffs.news\/fr\/actualite-nba\/la-nba-devoile-des-parquets-dedies-pour-son-nouveau-tournoi\/","og_locale":"fr_FR","og_type":"article","og_title":"La NBA d&eacute;voile des parquets d&eacute;di&eacute;s pour son nouveau tournoi - The Playoffs FR","og_url":"https:\/\/theplayoffs.news\/fr\/actualite-nba\/la-nba-devoile-des-parquets-dedies-pour-son-nouveau-tournoi\/","og_site_name":"The Playoffs FR","article_publisher":"https:\/\/www.facebook.com\/TheFreeAgentFR\/","article_modified_time":"2023-10-30T16:18:08+00:00","og_image":[{"width":920,"height":518,"url":"https:\/\/theplayoffs.news\/fr\/wp-content\/uploads\/2023\/10\/i.jpeg","type":"image\/jpeg"}],"author":"Charles Taudin","twitter_card":"summary_large_image","twitter_creator":"@TheFreeAgentFR","twitter_site":"@TheFreeAgentFR","twitter_misc":{"\u00c9crit par":"Charles Taudin","Dur\u00e9e de lecture estim\u00e9e":"1 minute"},"schema":{"@context":"https:\/\/schema.org","@graph":[{"@type":"WebPage","@id":"https:\/\/theplayoffs.news\/fr\/actualite-nba\/la-nba-devoile-des-parquets-dedies-pour-son-nouveau-tournoi\/","url":"https:\/\/theplayoffs.news\/fr\/actualite-nba\/la-nba-devoile-des-parquets-dedies-pour-son-nouveau-tournoi\/","name":"La NBA d\u00e9voile des parquets d\u00e9di\u00e9s pour son nouveau tournoi - The Playoffs FR","isPartOf":{"@id":"https:\/\/theplayoffs.news\/fr\/#website"},"primaryImageOfPage":{"@id":"https:\/\/theplayoffs.news\/fr\/actualite-nba\/la-nba-devoile-des-parquets-dedies-pour-son-nouveau-tournoi\/#primaryimage"},"image":{"@id":"https:\/\/theplayoffs.news\/fr\/actualite-nba\/la-nba-devoile-des-parquets-dedies-pour-son-nouveau-tournoi\/#primaryimage"},"thumbnailUrl":"https:\/\/theplayoffs.news\/fr\/wp-content\/uploads\/2023\/10\/i.jpeg","datePublished":"2023-10-30T16:18:07+00:00","dateModified":"2023-10-30T16:18:08+00:00","author":{"@id":"https:\/\/theplayoffs.news\/fr\/#\/schema\/person\/eee5b69ad5d3c51cabe881c839dbe133"},"breadcrumb":{"@id":"https:\/\/theplayoffs.news\/fr\/actualite-nba\/la-nba-devoile-des-parquets-dedies-pour-son-nouveau-tournoi\/#breadcrumb"},"inLanguage":"fr-FR","potentialAction":[{"@type":"ReadAction","target":["https:\/\/theplayoffs.news\/fr\/actualite-nba\/la-nba-devoile-des-parquets-dedies-pour-son-nouveau-tournoi\/"]}]},{"@type":"ImageObject","inLanguage":"fr-FR","@id":"https:\/\/theplayoffs.news\/fr\/actualite-nba\/la-nba-devoile-des-parquets-dedies-pour-son-nouveau-tournoi\/#primaryimage","url":"https:\/\/theplayoffs.news\/fr\/wp-content\/uploads\/2023\/10\/i.jpeg","contentUrl":"https:\/\/theplayoffs.news\/fr\/wp-content\/uploads\/2023\/10\/i.jpeg","width":920,"height":518},{"@type":"BreadcrumbList","@id":"https:\/\/theplayoffs.news\/fr\/actualite-nba\/la-nba-devoile-des-parquets-dedies-pour-son-nouveau-tournoi\/#breadcrumb","itemListElement":[{"@type":"ListItem","position":1,"name":"Accueil","item":"https:\/\/theplayoffs.news\/fr\/"},{"@type":"ListItem","position":2,"name":"La NBA d\u00e9voile des parquets d\u00e9di\u00e9s pour son nouveau tournoi"}]},{"@type":"WebSite","@id":"https:\/\/theplayoffs.news\/fr\/#website","url":"https:\/\/theplayoffs.news\/fr\/","name":"The Playoffs FR","description":"NBA-NFL-NHL-MLB","potentialAction":[{"@type":"SearchAction","target":{"@type":"EntryPoint","urlTemplate":"https:\/\/theplayoffs.news\/fr\/?s={search_term_string}"},"query-input":{"@type":"PropertyValueSpecification","valueRequired":true,"valueName":"search_term_string"}}],"inLanguage":"fr-FR"},{"@type":"Person","@id":"https:\/\/theplayoffs.news\/fr\/#\/schema\/person\/eee5b69ad5d3c51cabe881c839dbe133","name":"Charles Taudin","image":{"@type":"ImageObject","inLanguage":"fr-FR","@id":"https:\/\/theplayoffs.news\/fr\/#\/schema\/person\/image\/","url":"https:\/\/secure.gravatar.com\/avatar\/59a1e772205ce9fd255edfcafc93013736822e20261f294c5753b20c41ede9f2?s=96&d=mm&r=g","contentUrl":"https:\/\/secure.gravatar.com\/avatar\/59a1e772205ce9fd255edfcafc93013736822e20261f294c5753b20c41ede9f2?s=96&d=mm&r=g","caption":"Charles Taudin"},"description":"R\u00e9dacteur en chef global de The Playoffs, j\u2019ai cr\u00e9\u00e9 The Free Agent, devenu The Playoffs FR, en 2020 durant la pand\u00e9mie. Amoureux depuis des ann\u00e9es des 4 sports majeurs am\u00e9ricains, j\u2019organise maintenant la strat\u00e9gie \u00e9ditoriale et les r\u00e9seaux sociaux de l\u2019ensemble des versions de The Playoffs. Il m\u2019arrive encore d\u2019\u00e9crire sur certains sports que j\u2019affectionne particuli\u00e8rement comme la NFL ou la MLB. Si vous devez retenir qu\u2019une chose : Eli Manning est le vrai GOAT pour avoir battu deux fois Tom Brady.","sameAs":["https:\/\/www.instagram.com\/ctaudin_\/"],"url":"https:\/\/theplayoffs.news\/fr\/author\/charles-taudin\/"}]}},"_links":{"self":[{"href":"https:\/\/theplayoffs.news\/fr\/wp-json\/wp\/v2\/posts\/1034632","targetHints":{"allow":["GET"]}}],"collection":[{"href":"https:\/\/theplayoffs.news\/fr\/wp-json\/wp\/v2\/posts"}],"about":[{"href":"https:\/\/theplayoffs.news\/fr\/wp-json\/wp\/v2\/types\/post"}],"author":[{"embeddable":true,"href":"https:\/\/theplayoffs.news\/fr\/wp-json\/wp\/v2\/users\/13"}],"replies":[{"embeddable":true,"href":"https:\/\/theplayoffs.news\/fr\/wp-json\/wp\/v2\/comments?post=1034632"}],"version-history":[{"count":2,"href":"https:\/\/theplayoffs.news\/fr\/wp-json\/wp\/v2\/posts\/1034632\/revisions"}],"predecessor-version":[{"id":1034709,"href":"https:\/\/theplayoffs.news\/fr\/wp-json\/wp\/v2\/posts\/1034632\/revisions\/1034709"}],"wp:featuredmedia":[{"embeddable":true,"href":"https:\/\/theplayoffs.news\/fr\/wp-json\/wp\/v2\/media\/1034684"}],"wp:attachment":[{"href":"https:\/\/theplayoffs.news\/fr\/wp-json\/wp\/v2\/media?parent=1034632"}],"wp:term":[{"taxonomy":"category","embeddable":true,"href":"https:\/\/theplayoffs.news\/fr\/wp-json\/wp\/v2\/categories?post=1034632"},{"taxonomy":"post_tag","embeddable":true,"href":"https:\/\/theplayoffs.news\/fr\/wp-json\/wp\/v2\/tags?post=1034632"},{"taxonomy":"sport","embeddable":true,"href":"https:\/\/theplayoffs.news\/fr\/wp-json\/wp\/v2\/sport?post=1034632"},{"taxonomy":"saison","embeddable":true,"href":"https:\/\/theplayoffs.news\/fr\/wp-json\/wp\/v2\/saison?post=1034632"}],"curies":[{"name":"wp","href":"https:\/\/api.w.org\/{rel}","templated":true}]}}