{"id":1022606,"date":"2023-10-26T19:30:40","date_gmt":"2023-10-26T17:30:40","guid":{"rendered":"https:\/\/theplayoffs.news\/fr\/?p=1022606"},"modified":"2023-10-26T19:30:41","modified_gmt":"2023-10-26T17:30:41","slug":"les-chicago-bulls-deja-sous-tension","status":"publish","type":"post","link":"https:\/\/theplayoffs.news\/fr\/actualite-nba\/les-chicago-bulls-deja-sous-tension\/","title":{"rendered":"Les Chicago Bulls d\u00e9j\u00e0 sous tension ?"},"content":{"rendered":"<h2>C&rsquo;&eacute;tait l&rsquo;une de nos interrogations de d&eacute;but de saison lors de notre podcast Stepback de lundi dernier. Que faire avec cet effectif des Bulls ? Et &agrave; la fin du premier match, d&eacute;j&agrave; une ambiance de crise dans le vestiaire.<\/h2><p>La nuit derni&egrave;re avait lieu le premier match des <a href=\"https:\/\/theplayoffs.news\/fr\/equipe\/chicago-bulls-nba\/\" class=\"trk-cta-link\" data-cta-trk='{\"ctaType\":\"Link\",\"ctaSubType\":\"main\"}'>Chicago Bulls<\/a> face au Thunder d&rsquo;Oklahoma. Malgr&eacute; le soutien de leur public, ce fut une<a href=\"https:\/\/www.nba.com\/game\/okc-vs-chi-0022300070\/box-score#box-score\" class=\"trk-cta-link\" data-cta-trk='{\"ctaType\":\"Link\",\"ctaSubType\":\"main\"}'> d&eacute;faite 104-124<\/a> pour les locaux malgr&eacute; les 20 points de <a href=\"https:\/\/theplayoffs.news\/fr\/joueur\/demar-derozan-nba-7956\/\" class=\"trk-cta-link\" data-cta-trk='{\"ctaType\":\"Link\",\"ctaSubType\":\"main\"}'>DeMar DeRozan<\/a>. Chicago menait 35-33 apr&egrave;s le premier quart-temps, mais n&rsquo;a marqu&eacute; que 69 points au cours des trois derni&egrave;res p&eacute;riodes. Les Bulls n&rsquo;ont pas pu r&eacute;pondre &agrave; Shai Gilgeous-Alexander, qui a termin&eacute; avec 31 points, 10 passes et 5 rebonds.<\/p><p>\n<div id=\"attachment_1022622\" style=\"width: 1930px\" class=\"wp-caption aligncenter\"><img loading=\"lazy\" decoding=\"async\" aria-describedby=\"caption-attachment-1022622\" class=\"wp-image-1022622 size-full\" src=\"https:\/\/theplayoffs.news\/fr\/wp-content\/uploads\/2023\/10\/USATSI_21733816-1.jpg\" alt=\"Bulls\" width=\"1920\" height=\"1280\" srcset=\"https:\/\/theplayoffs.news\/fr\/wp-content\/uploads\/2023\/10\/USATSI_21733816-1.jpg 1920w, https:\/\/theplayoffs.news\/fr\/wp-content\/uploads\/2023\/10\/USATSI_21733816-1-300x200.jpg 300w, https:\/\/theplayoffs.news\/fr\/wp-content\/uploads\/2023\/10\/USATSI_21733816-1-1030x687.jpg 1030w, https:\/\/theplayoffs.news\/fr\/wp-content\/uploads\/2023\/10\/USATSI_21733816-1-768x512.jpg 768w, https:\/\/theplayoffs.news\/fr\/wp-content\/uploads\/2023\/10\/USATSI_21733816-1-1536x1024.jpg 1536w, https:\/\/theplayoffs.news\/fr\/wp-content\/uploads\/2023\/10\/USATSI_21733816-1-1500x1000.jpg 1500w, https:\/\/theplayoffs.news\/fr\/wp-content\/uploads\/2023\/10\/USATSI_21733816-1-705x470.jpg 705w, https:\/\/theplayoffs.news\/fr\/wp-content\/uploads\/2023\/10\/USATSI_21733816-1-1320x880.jpg 1320w\" sizes=\"auto, (max-width: 1920px) 100vw, 1920px\" \/><p id=\"caption-attachment-1022622\" class=\"wp-caption-text\">Oct 25, 2023; Chicago, Illinois, USA; Credit: Kamil Krzaczynski-USA TODAY Sports<\/p><\/div>\n<\/p><p>Pas de quoi en tirer une conclusion h&acirc;tive pour autant, une saison NBA est longue et sem&eacute;e d&rsquo;embuches. Et pourtant. Quand Billy Donovan, l&rsquo;entra&icirc;neur des Bulls, est entr&eacute; dans les vestiaires les joueurs &eacute;taient d&eacute;j&agrave; en pleine discussion et ont demand&eacute; &agrave; leur entra&icirc;neur s&rsquo;ils pouvaient avoir la salle pour parler entre eux. Une r&eacute;union r&eacute;serv&eacute;e aux joueurs apr&egrave;s le premier match n&rsquo;est pas la fa&ccedil;on dont Chicago envisageait le d&eacute;but de sa saison.<\/p><blockquote><p>&laquo;&nbsp;Les gars veulent gagner&nbsp;&raquo;, a d&eacute;clar&eacute; l&rsquo;arri&egrave;re des Bulls <a href=\"https:\/\/theplayoffs.news\/fr\/joueur\/zach-lavine-nba-6128880\/\" class=\"trk-cta-link\" data-cta-trk='{\"ctaType\":\"Link\",\"ctaSubType\":\"main\"}'>Zach LaVine<\/a> apr&egrave;s le match. &laquo;&nbsp;Les joueurs sont frustr&eacute;s et il y a de quoi. Les gars sont frustr&eacute;s et c&rsquo;est normal. &hellip; C&rsquo;est une bonne chose, mais c&rsquo;est dommage que ce soit arriv&eacute; au premier match. C&rsquo;est arriv&eacute;, et nous devons partir de l&agrave;.<\/p>\n<p>Nous n&rsquo;avons tout simplement pas r&eacute;pondu quand ils ont commenc&eacute; leur s&eacute;rie en deuxi&egrave;me mi-temps. Nous n&rsquo;avons pas fait un grand match. Nous n&rsquo;avons pas bien tir&eacute;. Je n&rsquo;ai pas l&rsquo;impression que nous ayons jou&eacute; avec assez de c&oelig;ur. Et c&rsquo;est de notre faute. C&rsquo;est une tr&egrave;s mauvaise fa&ccedil;on de commencer la saison, mais cela nous donne l&rsquo;occasion de rebondir au prochain match.<\/p><\/blockquote><p>Le vestiaire n&rsquo;a pas &eacute;t&eacute; le seul endroit o&ugrave; les joueurs des Bulls ont exprim&eacute; leurs sentiments mercredi soir.&nbsp;Sur le banc de l&rsquo;&eacute;quipe pendant le troisi&egrave;me quart-temps, Donovan et le centre <a href=\"https:\/\/theplayoffs.news\/fr\/joueur\/nikola-vucevic-nba-12956\/\" class=\"trk-cta-link\" data-cta-trk='{\"ctaType\":\"Link\",\"ctaSubType\":\"main\"}'>Nikola Vucevic<\/a> ont eu un &eacute;change houleux. Vucevic a reconnu apr&egrave;s coup qu&rsquo;il avait exprim&eacute; ses sentiments &laquo;&nbsp;peut-&ecirc;tre un peu plus agressivement que je n&rsquo;aurais d&ucirc;&nbsp;&raquo;.<\/p><blockquote><p>&laquo;&nbsp;Ce sont des choses qui arrivent dans le feu de l&rsquo;action&nbsp;&raquo;, a d&eacute;clar&eacute; Vucevic. &laquo;&nbsp;Vous essayez de gagner, vous essayez de faire ce que vous pouvez pour aider votre &eacute;quipe &agrave; gagner. Je n&rsquo;ai pas aim&eacute; ce qui se passait&nbsp;&raquo;.<\/p><\/blockquote><p>Un comportement que le coach a voulu tout de suite relativiser apr&egrave;s le match en conf&eacute;rence de presse :<\/p><blockquote><p>&laquo;&nbsp;J&rsquo;ai tout le respect du monde pour Vooch. Il ressentait quelque chose et j&rsquo;ai dit ce que je ressentais. Et il n&rsquo;a probablement pas tort de ressentir ce qu&rsquo;il ressent, mais comment le canaliser de mani&egrave;re &agrave; galvaniser le groupe et &agrave; l&rsquo;&eacute;lever ? Sur le moment, j&rsquo;aurais peut-&ecirc;tre pu mieux m&rsquo;y prendre avec lui et il aurait peut-&ecirc;tre pu mieux s&rsquo;y prendre avec moi. Ce n&rsquo;&eacute;tait pas un manque de respect ou quoi que ce soit d&rsquo;autre. Je pense qu&rsquo;il &eacute;tait juste un peu frustr&eacute; par la fa&ccedil;on dont nous jouions, et je ne lui en veux pas.<\/p><\/blockquote><p>\n<div id=\"attachment_1022623\" style=\"width: 1930px\" class=\"wp-caption aligncenter\"><img loading=\"lazy\" decoding=\"async\" aria-describedby=\"caption-attachment-1022623\" class=\"size-full wp-image-1022623\" src=\"https:\/\/theplayoffs.news\/fr\/wp-content\/uploads\/2023\/10\/USATSI_21735039.jpg\" alt=\"\" width=\"1920\" height=\"1280\" srcset=\"https:\/\/theplayoffs.news\/fr\/wp-content\/uploads\/2023\/10\/USATSI_21735039.jpg 1920w, https:\/\/theplayoffs.news\/fr\/wp-content\/uploads\/2023\/10\/USATSI_21735039-300x200.jpg 300w, https:\/\/theplayoffs.news\/fr\/wp-content\/uploads\/2023\/10\/USATSI_21735039-1030x687.jpg 1030w, https:\/\/theplayoffs.news\/fr\/wp-content\/uploads\/2023\/10\/USATSI_21735039-768x512.jpg 768w, https:\/\/theplayoffs.news\/fr\/wp-content\/uploads\/2023\/10\/USATSI_21735039-1536x1024.jpg 1536w, https:\/\/theplayoffs.news\/fr\/wp-content\/uploads\/2023\/10\/USATSI_21735039-1500x1000.jpg 1500w, https:\/\/theplayoffs.news\/fr\/wp-content\/uploads\/2023\/10\/USATSI_21735039-705x470.jpg 705w, https:\/\/theplayoffs.news\/fr\/wp-content\/uploads\/2023\/10\/USATSI_21735039-1320x880.jpg 1320w\" sizes=\"auto, (max-width: 1920px) 100vw, 1920px\" \/><p id=\"caption-attachment-1022623\" class=\"wp-caption-text\">Oct 25, 2023; Chicago, Illinois, USA. Credit: Kamil Krzaczynski-USA TODAY Sports<\/p><\/div>\n<\/p><p>Donovan n&rsquo;a pas qualifi&eacute; la s&eacute;ance d&rsquo;apr&egrave;s-match de r&eacute;union d&rsquo;&eacute;quipe, il s&rsquo;est dit satisfait de la fa&ccedil;on dont les Bulls ont discut&eacute; de leurs probl&egrave;mes et qu&rsquo;il &eacute;tait heureux que les Bulls commencent &agrave; avoir des conversations difficiles d&egrave;s le d&eacute;but de la saison, surtout par rapport &agrave; ce qu&rsquo;il a appel&eacute; un groupe silencieux la saison derni&egrave;re.<\/p><blockquote><p>&laquo;&nbsp;Je ne vais pas m&rsquo;asseoir ici et dire que c&rsquo;&eacute;tait mauvais, comme si les gens d&eacute;chiraient le vestiaire. Ce n&rsquo;&eacute;tait pas du tout &ccedil;a. Ils &eacute;taient en train de parler. Je suis entr&eacute; et ils m&rsquo;ont dit : &laquo;&nbsp;Coach, on peut parler ?&nbsp;&raquo; J&rsquo;ai dit oui et je suis parti.<\/p>\n<p>Il n&rsquo;y a rien de personnel dans tout cela. Ces gars se sentent concern&eacute;s et veulent s&rsquo;am&eacute;liorer, mais ils savent qu&rsquo;il y a des habitudes &agrave; changer et &agrave; rompre. Et ils parlent d&rsquo;essayer de le faire collectivement, en tant que groupe&nbsp;&raquo;.<\/p><\/blockquote><p>Les joueurs des Bulls ont donc d&eacute;cid&eacute; de prendre le taureau par les cornes d&egrave;s la fin du premier match. Plus de temps &agrave; perdre. Ils ne veulent pas revivre une saison comme l&rsquo;ann&eacute;e derni&egrave;re. Une bonne discussion entre professionnel et &ccedil;a repart. C&rsquo;est ce que pense Nikola Vucevic qui a qualifi&eacute; la r&eacute;union de tr&egrave;s constructive :<\/p><blockquote><p>&laquo;&nbsp;Je pense que c&rsquo;est une bonne chose pour nous d&rsquo;avoir eu ces discussions. Je pense que c&rsquo;&eacute;tait n&eacute;cessaire. C&rsquo;&eacute;tait juste des discussions r&eacute;guli&egrave;res sur ce qu&rsquo;il fallait faire. Beaucoup de gars ont dit beaucoup de bonnes choses, des choses qui devaient &ecirc;tre dites. Je pense que nous pouvons vraiment utiliser cela pour apprendre et changer certaines choses que nous devons changer. Il n&rsquo;y a eu aucune folie, aucune bagarre, rien de tout cela. Je pense que c&rsquo;est tr&egrave;s constructif.<\/p><\/blockquote><p>Rien de tel qu&rsquo;un back to back pour mettre en pratique toutes ces discussions. R&eacute;ception des Raptors dans la nuit de vendredi &agrave; samedi et d&eacute;placement &agrave; D&eacute;troit le lendemain, les Bulls ont de quoi renverser la tendance rapidement.<\/p><p>\n<div id=\"attachment_1022624\" style=\"width: 1290px\" class=\"wp-caption aligncenter\"><img loading=\"lazy\" decoding=\"async\" aria-describedby=\"caption-attachment-1022624\" class=\"size-full wp-image-1022624\" src=\"https:\/\/theplayoffs.news\/fr\/wp-content\/uploads\/2023\/10\/USATSI_21735372.jpg\" alt=\"\" width=\"1280\" height=\"1920\" srcset=\"https:\/\/theplayoffs.news\/fr\/wp-content\/uploads\/2023\/10\/USATSI_21735372.jpg 1280w, https:\/\/theplayoffs.news\/fr\/wp-content\/uploads\/2023\/10\/USATSI_21735372-200x300.jpg 200w, https:\/\/theplayoffs.news\/fr\/wp-content\/uploads\/2023\/10\/USATSI_21735372-687x1030.jpg 687w, https:\/\/theplayoffs.news\/fr\/wp-content\/uploads\/2023\/10\/USATSI_21735372-768x1152.jpg 768w, https:\/\/theplayoffs.news\/fr\/wp-content\/uploads\/2023\/10\/USATSI_21735372-1024x1536.jpg 1024w, https:\/\/theplayoffs.news\/fr\/wp-content\/uploads\/2023\/10\/USATSI_21735372-1000x1500.jpg 1000w, https:\/\/theplayoffs.news\/fr\/wp-content\/uploads\/2023\/10\/USATSI_21735372-470x705.jpg 470w\" sizes=\"auto, (max-width: 1280px) 100vw, 1280px\" \/><p id=\"caption-attachment-1022624\" class=\"wp-caption-text\">Oct 25, 2023; Chicago, Illinois, USA; Credit: Kamil Krzaczynski-USA TODAY Sports<\/p><\/div>\n<\/p>\n","protected":false},"excerpt":{"rendered":"","protected":false},"author":180310082,"featured_media":1022619,"comment_status":"open","ping_status":"closed","sticky":false,"template":"","format":"standard","meta":{"inline_featured_image":false,"kia_subtitle":"","_mux_skip_reasons":[],"proofreadBy":0,"footnotes":""},"categories":[110,10],"tags":[142,2091,1662,1809],"sport":[2783],"saison":[6111],"class_list":["post-1022606","post","type-post","status-publish","format-standard","has-post-thumbnail","hentry","category-actualite-nba","category-nba","tag-chicago-bulls","tag-demar-derozan","tag-nicolas-vucevic","tag-zach-lavine","sport-nba","saison-6111"],"acf":[],"yoast_head":"<!-- This site is optimized with the Yoast SEO plugin v24.2 - https:\/\/yoast.com\/wordpress\/plugins\/seo\/ -->\n<title>Les Chicago Bulls d&eacute;j&agrave; sous tension ? - The Playoffs FR<\/title>\n<meta name=\"robots\" content=\"index, follow, max-snippet:-1, max-image-preview:large, max-video-preview:-1\" \/>\n<link rel=\"canonical\" href=\"https:\/\/theplayoffs.news\/fr\/actualite-nba\/les-chicago-bulls-deja-sous-tension\/\" \/>\n<meta property=\"og:locale\" content=\"fr_FR\" \/>\n<meta property=\"og:type\" content=\"article\" \/>\n<meta property=\"og:title\" content=\"Les Chicago Bulls d&eacute;j&agrave; sous tension ? - The Playoffs FR\" \/>\n<meta property=\"og:url\" content=\"https:\/\/theplayoffs.news\/fr\/actualite-nba\/les-chicago-bulls-deja-sous-tension\/\" \/>\n<meta property=\"og:site_name\" content=\"The Playoffs FR\" \/>\n<meta property=\"article:publisher\" content=\"https:\/\/www.facebook.com\/TheFreeAgentFR\/\" \/>\n<meta property=\"article:modified_time\" content=\"2023-10-26T19:30:41+02:00\" \/>\n<meta property=\"og:image\" content=\"https:\/\/theplayoffs.news\/fr\/wp-content\/uploads\/2023\/10\/USATSI_21735477.jpg\" \/>\n\t<meta property=\"og:image:width\" content=\"1920\" \/>\n\t<meta property=\"og:image:height\" content=\"1280\" \/>\n\t<meta property=\"og:image:type\" content=\"image\/jpeg\" \/>\n<meta name=\"author\" content=\"Cedric Revailler\" \/>\n<meta name=\"twitter:card\" content=\"summary_large_image\" \/>\n<meta name=\"twitter:creator\" content=\"@TheFreeAgentFR\" \/>\n<meta name=\"twitter:site\" content=\"@TheFreeAgentFR\" \/>\n<meta name=\"twitter:label1\" content=\"\u00c9crit par\" \/>\n\t<meta name=\"twitter:data1\" content=\"Cedric Revailler\" \/>\n\t<meta name=\"twitter:label2\" content=\"Dur\u00e9e de lecture estim\u00e9e\" \/>\n\t<meta name=\"twitter:data2\" content=\"5 minutes\" \/>\n<script type=\"application\/ld+json\" class=\"yoast-schema-graph\">{\"@context\":\"https:\/\/schema.org\",\"@graph\":[{\"@type\":\"WebPage\",\"@id\":\"https:\/\/theplayoffs.news\/fr\/actualite-nba\/les-chicago-bulls-deja-sous-tension\/\",\"url\":\"https:\/\/theplayoffs.news\/fr\/actualite-nba\/les-chicago-bulls-deja-sous-tension\/\",\"name\":\"Les Chicago Bulls d\u00e9j\u00e0 sous tension ? - The Playoffs FR\",\"isPartOf\":{\"@id\":\"https:\/\/theplayoffs.news\/fr\/#website\"},\"primaryImageOfPage\":{\"@id\":\"https:\/\/theplayoffs.news\/fr\/actualite-nba\/les-chicago-bulls-deja-sous-tension\/#primaryimage\"},\"image\":{\"@id\":\"https:\/\/theplayoffs.news\/fr\/actualite-nba\/les-chicago-bulls-deja-sous-tension\/#primaryimage\"},\"thumbnailUrl\":\"https:\/\/theplayoffs.news\/fr\/wp-content\/uploads\/2023\/10\/USATSI_21735477.jpg\",\"datePublished\":\"2023-10-26T17:30:40+00:00\",\"dateModified\":\"2023-10-26T17:30:41+00:00\",\"author\":{\"@id\":\"https:\/\/theplayoffs.news\/fr\/#\/schema\/person\/1e3c96573a7e006e470d99095d376566\"},\"breadcrumb\":{\"@id\":\"https:\/\/theplayoffs.news\/fr\/actualite-nba\/les-chicago-bulls-deja-sous-tension\/#breadcrumb\"},\"inLanguage\":\"fr-FR\",\"potentialAction\":[{\"@type\":\"ReadAction\",\"target\":[\"https:\/\/theplayoffs.news\/fr\/actualite-nba\/les-chicago-bulls-deja-sous-tension\/\"]}]},{\"@type\":\"ImageObject\",\"inLanguage\":\"fr-FR\",\"@id\":\"https:\/\/theplayoffs.news\/fr\/actualite-nba\/les-chicago-bulls-deja-sous-tension\/#primaryimage\",\"url\":\"https:\/\/theplayoffs.news\/fr\/wp-content\/uploads\/2023\/10\/USATSI_21735477.jpg\",\"contentUrl\":\"https:\/\/theplayoffs.news\/fr\/wp-content\/uploads\/2023\/10\/USATSI_21735477.jpg\",\"width\":1920,\"height\":1280,\"caption\":\"Oct 25, 2023; Chicago, Illinois, USA; Chicago Bulls head coach Billy Donovan looks on from the bench during the first half of a basketball game against the Oklahoma City Thunder at United Center. Mandatory Credit: Kamil Krzaczynski-USA TODAY Sports\"},{\"@type\":\"BreadcrumbList\",\"@id\":\"https:\/\/theplayoffs.news\/fr\/actualite-nba\/les-chicago-bulls-deja-sous-tension\/#breadcrumb\",\"itemListElement\":[{\"@type\":\"ListItem\",\"position\":1,\"name\":\"Accueil\",\"item\":\"https:\/\/theplayoffs.news\/fr\/\"},{\"@type\":\"ListItem\",\"position\":2,\"name\":\"Les Chicago Bulls d\u00e9j\u00e0 sous tension ?\"}]},{\"@type\":\"WebSite\",\"@id\":\"https:\/\/theplayoffs.news\/fr\/#website\",\"url\":\"https:\/\/theplayoffs.news\/fr\/\",\"name\":\"The Playoffs FR\",\"description\":\"NBA-NFL-NHL-MLB\",\"potentialAction\":[{\"@type\":\"SearchAction\",\"target\":{\"@type\":\"EntryPoint\",\"urlTemplate\":\"https:\/\/theplayoffs.news\/fr\/?s={search_term_string}\"},\"query-input\":{\"@type\":\"PropertyValueSpecification\",\"valueRequired\":true,\"valueName\":\"search_term_string\"}}],\"inLanguage\":\"fr-FR\"},{\"@type\":\"Person\",\"@id\":\"https:\/\/theplayoffs.news\/fr\/#\/schema\/person\/1e3c96573a7e006e470d99095d376566\",\"name\":\"Cedric Revailler\",\"image\":{\"@type\":\"ImageObject\",\"inLanguage\":\"fr-FR\",\"@id\":\"https:\/\/theplayoffs.news\/fr\/#\/schema\/person\/image\/\",\"url\":\"https:\/\/secure.gravatar.com\/avatar\/25219b06e7ca9a2909f7c1d941548b63f4bb523fa6fd9b58a19fc4415c4f11f2?s=96&d=mm&r=g\",\"contentUrl\":\"https:\/\/secure.gravatar.com\/avatar\/25219b06e7ca9a2909f7c1d941548b63f4bb523fa6fd9b58a19fc4415c4f11f2?s=96&d=mm&r=g\",\"caption\":\"Cedric Revailler\"},\"url\":\"https:\/\/theplayoffs.news\/fr\/author\/revailler-cedricneuf-fr\/\"}]}<\/script>\n<!-- \/ Yoast SEO plugin. -->","yoast_head_json":{"title":"Les Chicago Bulls d&eacute;j&agrave; sous tension ? - The Playoffs FR","robots":{"index":"index","follow":"follow","max-snippet":"max-snippet:-1","max-image-preview":"max-image-preview:large","max-video-preview":"max-video-preview:-1"},"canonical":"https:\/\/theplayoffs.news\/fr\/actualite-nba\/les-chicago-bulls-deja-sous-tension\/","og_locale":"fr_FR","og_type":"article","og_title":"Les Chicago Bulls d&eacute;j&agrave; sous tension ? - The Playoffs FR","og_url":"https:\/\/theplayoffs.news\/fr\/actualite-nba\/les-chicago-bulls-deja-sous-tension\/","og_site_name":"The Playoffs FR","article_publisher":"https:\/\/www.facebook.com\/TheFreeAgentFR\/","article_modified_time":"2023-10-26T17:30:41+00:00","og_image":[{"width":1920,"height":1280,"url":"https:\/\/theplayoffs.news\/fr\/wp-content\/uploads\/2023\/10\/USATSI_21735477.jpg","type":"image\/jpeg"}],"author":"Cedric Revailler","twitter_card":"summary_large_image","twitter_creator":"@TheFreeAgentFR","twitter_site":"@TheFreeAgentFR","twitter_misc":{"\u00c9crit par":"Cedric Revailler","Dur\u00e9e de lecture estim\u00e9e":"5 minutes"},"schema":{"@context":"https:\/\/schema.org","@graph":[{"@type":"WebPage","@id":"https:\/\/theplayoffs.news\/fr\/actualite-nba\/les-chicago-bulls-deja-sous-tension\/","url":"https:\/\/theplayoffs.news\/fr\/actualite-nba\/les-chicago-bulls-deja-sous-tension\/","name":"Les Chicago Bulls d\u00e9j\u00e0 sous tension ? - The Playoffs FR","isPartOf":{"@id":"https:\/\/theplayoffs.news\/fr\/#website"},"primaryImageOfPage":{"@id":"https:\/\/theplayoffs.news\/fr\/actualite-nba\/les-chicago-bulls-deja-sous-tension\/#primaryimage"},"image":{"@id":"https:\/\/theplayoffs.news\/fr\/actualite-nba\/les-chicago-bulls-deja-sous-tension\/#primaryimage"},"thumbnailUrl":"https:\/\/theplayoffs.news\/fr\/wp-content\/uploads\/2023\/10\/USATSI_21735477.jpg","datePublished":"2023-10-26T17:30:40+00:00","dateModified":"2023-10-26T17:30:41+00:00","author":{"@id":"https:\/\/theplayoffs.news\/fr\/#\/schema\/person\/1e3c96573a7e006e470d99095d376566"},"breadcrumb":{"@id":"https:\/\/theplayoffs.news\/fr\/actualite-nba\/les-chicago-bulls-deja-sous-tension\/#breadcrumb"},"inLanguage":"fr-FR","potentialAction":[{"@type":"ReadAction","target":["https:\/\/theplayoffs.news\/fr\/actualite-nba\/les-chicago-bulls-deja-sous-tension\/"]}]},{"@type":"ImageObject","inLanguage":"fr-FR","@id":"https:\/\/theplayoffs.news\/fr\/actualite-nba\/les-chicago-bulls-deja-sous-tension\/#primaryimage","url":"https:\/\/theplayoffs.news\/fr\/wp-content\/uploads\/2023\/10\/USATSI_21735477.jpg","contentUrl":"https:\/\/theplayoffs.news\/fr\/wp-content\/uploads\/2023\/10\/USATSI_21735477.jpg","width":1920,"height":1280,"caption":"Oct 25, 2023; Chicago, Illinois, USA; Chicago Bulls head coach Billy Donovan looks on from the bench during the first half of a basketball game against the Oklahoma City Thunder at United Center. Mandatory Credit: Kamil Krzaczynski-USA TODAY Sports"},{"@type":"BreadcrumbList","@id":"https:\/\/theplayoffs.news\/fr\/actualite-nba\/les-chicago-bulls-deja-sous-tension\/#breadcrumb","itemListElement":[{"@type":"ListItem","position":1,"name":"Accueil","item":"https:\/\/theplayoffs.news\/fr\/"},{"@type":"ListItem","position":2,"name":"Les Chicago Bulls d\u00e9j\u00e0 sous tension ?"}]},{"@type":"WebSite","@id":"https:\/\/theplayoffs.news\/fr\/#website","url":"https:\/\/theplayoffs.news\/fr\/","name":"The Playoffs FR","description":"NBA-NFL-NHL-MLB","potentialAction":[{"@type":"SearchAction","target":{"@type":"EntryPoint","urlTemplate":"https:\/\/theplayoffs.news\/fr\/?s={search_term_string}"},"query-input":{"@type":"PropertyValueSpecification","valueRequired":true,"valueName":"search_term_string"}}],"inLanguage":"fr-FR"},{"@type":"Person","@id":"https:\/\/theplayoffs.news\/fr\/#\/schema\/person\/1e3c96573a7e006e470d99095d376566","name":"Cedric Revailler","image":{"@type":"ImageObject","inLanguage":"fr-FR","@id":"https:\/\/theplayoffs.news\/fr\/#\/schema\/person\/image\/","url":"https:\/\/secure.gravatar.com\/avatar\/25219b06e7ca9a2909f7c1d941548b63f4bb523fa6fd9b58a19fc4415c4f11f2?s=96&d=mm&r=g","contentUrl":"https:\/\/secure.gravatar.com\/avatar\/25219b06e7ca9a2909f7c1d941548b63f4bb523fa6fd9b58a19fc4415c4f11f2?s=96&d=mm&r=g","caption":"Cedric Revailler"},"url":"https:\/\/theplayoffs.news\/fr\/author\/revailler-cedricneuf-fr\/"}]}},"_links":{"self":[{"href":"https:\/\/theplayoffs.news\/fr\/wp-json\/wp\/v2\/posts\/1022606","targetHints":{"allow":["GET"]}}],"collection":[{"href":"https:\/\/theplayoffs.news\/fr\/wp-json\/wp\/v2\/posts"}],"about":[{"href":"https:\/\/theplayoffs.news\/fr\/wp-json\/wp\/v2\/types\/post"}],"author":[{"embeddable":true,"href":"https:\/\/theplayoffs.news\/fr\/wp-json\/wp\/v2\/users\/180310082"}],"replies":[{"embeddable":true,"href":"https:\/\/theplayoffs.news\/fr\/wp-json\/wp\/v2\/comments?post=1022606"}],"version-history":[{"count":6,"href":"https:\/\/theplayoffs.news\/fr\/wp-json\/wp\/v2\/posts\/1022606\/revisions"}],"predecessor-version":[{"id":1022630,"href":"https:\/\/theplayoffs.news\/fr\/wp-json\/wp\/v2\/posts\/1022606\/revisions\/1022630"}],"wp:featuredmedia":[{"embeddable":true,"href":"https:\/\/theplayoffs.news\/fr\/wp-json\/wp\/v2\/media\/1022619"}],"wp:attachment":[{"href":"https:\/\/theplayoffs.news\/fr\/wp-json\/wp\/v2\/media?parent=1022606"}],"wp:term":[{"taxonomy":"category","embeddable":true,"href":"https:\/\/theplayoffs.news\/fr\/wp-json\/wp\/v2\/categories?post=1022606"},{"taxonomy":"post_tag","embeddable":true,"href":"https:\/\/theplayoffs.news\/fr\/wp-json\/wp\/v2\/tags?post=1022606"},{"taxonomy":"sport","embeddable":true,"href":"https:\/\/theplayoffs.news\/fr\/wp-json\/wp\/v2\/sport?post=1022606"},{"taxonomy":"saison","embeddable":true,"href":"https:\/\/theplayoffs.news\/fr\/wp-json\/wp\/v2\/saison?post=1022606"}],"curies":[{"name":"wp","href":"https:\/\/api.w.org\/{rel}","templated":true}]}}