{"id":1019610,"date":"2023-10-25T19:54:28","date_gmt":"2023-10-25T17:54:28","guid":{"rendered":"https:\/\/theplayoffs.news\/fr\/?p=1019610"},"modified":"2023-10-25T19:54:29","modified_gmt":"2023-10-25T17:54:29","slug":"frank-clark-signer-1-an-avec-les-seahawks","status":"publish","type":"post","link":"https:\/\/theplayoffs.news\/fr\/actualite-nfl\/frank-clark-signer-1-an-avec-les-seahawks\/","title":{"rendered":"Frank Clark devrait s&rsquo;engager 1 an avec les Seahawks"},"content":{"rendered":"<h2>Un peu plus de dix jours apr&egrave;s son d&eacute;part des Broncos de Denver, Frank Clark semble en passe de trouver un nouveau point de chute en NFL.<\/h2><p>L&rsquo;heure de la r&eacute;union a semble-t-il sonner entre <a href=\"https:\/\/theplayoffs.news\/fr\/joueur\/frank-clark-nfl-5152484\/\" class=\"trk-cta-link\" data-cta-trk='{\"ctaType\":\"Link\",\"ctaSubType\":\"main\"}'>Frank Clark<\/a> et les Seahawks de Seattle. D&rsquo;apr&egrave;s une <a href=\"https:\/\/twitter.com\/RapSheet\/status\/1717232126503063662\" class=\"trk-cta-link\" data-cta-trk='{\"ctaType\":\"Link\",\"ctaSubType\":\"main\"}'>information de Ian Rapoport<\/a> et Tom Pelissero, le d&eacute;fenseur de 30 ans va s&rsquo;envoler aujourd&rsquo;hui m&ecirc;me pour Seattle afin de rendre visite aux Seahawks et de passer une visite m&eacute;dicale. Si cette visite est concluante, le pass rusher devrait alors s&rsquo;engager pour un contrat d&rsquo;une saison en faveur des Seahawks de Seattle.<\/p><blockquote class=\"twitter-tweet\" data-width=\"500\" data-dnt=\"true\">\n<p lang=\"en\" dir=\"ltr\">Reunion: Free agent Frank Clark is, in fact, signing with the <a href=\"https:\/\/twitter.com\/hashtag\/Seahawks?src=hash&amp;ref_src=twsrc%5Etfw\" class=\"trk-cta-link\" data-cta-trk='{\"ctaType\":\"Link\",\"ctaSubType\":\"main\"}'>#Seahawks<\/a> after he passes his physical today, per me and <a href=\"https:\/\/twitter.com\/TomPelissero?ref_src=twsrc%5Etfw\" class=\"trk-cta-link\" data-cta-trk='{\"ctaType\":\"Link\",\"ctaSubType\":\"main\"}'>@TomPelissero<\/a>. He'll sign to the 53-man roster and give a boost to their pass-rush.<\/p>\n<p>&mdash; Ian Rapoport (@RapSheet) <a href=\"https:\/\/twitter.com\/RapSheet\/status\/1717232126503063662?ref_src=twsrc%5Etfw\" class=\"trk-cta-link\" data-cta-trk='{\"ctaType\":\"Link\",\"ctaSubType\":\"main\"}'>October 25, 2023<\/a><\/p><\/blockquote><p><script async src=\"https:\/\/platform.twitter.com\/widgets.js\" charset=\"utf-8\"><\/script><\/p><p>Depuis son d&eacute;part des Denver Broncos avec lesquels il avait commenc&eacute; la saison apr&egrave;s avoir quitt&eacute; les Kansas City Chiefs &agrave; l&rsquo;intersaison, Frank Clark et son agent ont re&ccedil;u de tr&egrave;s nombreux coups de t&eacute;l&eacute;phone pour un nouveau contrat vers une nouvelle franchise. Mais l&rsquo;ancien d&eacute;fenseur de l&rsquo;universit&eacute; de Michigan a pr&eacute;f&eacute;r&eacute; retourner vers la franchise qui l&rsquo;avait s&eacute;lectionn&eacute; au 2e tour de la draft NFL 2015 et avec laquelle il a pass&eacute; les 4 premi&egrave;res ann&eacute;es de sa carri&egrave;re.<\/p><p>Auteur de 265 plaquages et 52.5 sacks depuis le d&eacute;but de sa carri&egrave;re, Frank Clark va probablement apporter un suppl&eacute;ment de pass rush des plus int&eacute;ressants dans la course aux playoffs qui risque d&rsquo;occuper les Seahawks de Seattle pendant toute cette saison 2023.<\/p><p><em>Cr&eacute;dit photo: Kyle Terada-USA TODAY Sports<\/em><\/p>\n","protected":false},"excerpt":{"rendered":"","protected":false},"author":180309964,"featured_media":1019612,"comment_status":"open","ping_status":"closed","sticky":false,"template":"","format":"standard","meta":{"inline_featured_image":false,"kia_subtitle":"","_mux_skip_reasons":[],"proofreadBy":0,"footnotes":""},"categories":[118,40],"tags":[5486,733],"sport":[2785],"saison":[3453],"class_list":["post-1019610","post","type-post","status-publish","format-standard","has-post-thumbnail","hentry","category-actualite-nfl","category-nfl","tag-frank-clark","tag-seattle-seahawks","sport-nfl","saison-3453"],"acf":[],"yoast_head":"<!-- This site is optimized with the Yoast SEO plugin v24.2 - https:\/\/yoast.com\/wordpress\/plugins\/seo\/ -->\n<title>Frank Clark devrait s&#039;engager 1 an avec les Seahawks - The Playoffs FR<\/title>\n<meta name=\"robots\" content=\"index, follow, max-snippet:-1, max-image-preview:large, max-video-preview:-1\" \/>\n<link rel=\"canonical\" href=\"https:\/\/theplayoffs.news\/fr\/actualite-nfl\/frank-clark-signer-1-an-avec-les-seahawks\/\" \/>\n<meta property=\"og:locale\" content=\"fr_FR\" \/>\n<meta property=\"og:type\" content=\"article\" \/>\n<meta property=\"og:title\" content=\"Frank Clark devrait s&#039;engager 1 an avec les Seahawks - The Playoffs FR\" \/>\n<meta property=\"og:url\" content=\"https:\/\/theplayoffs.news\/fr\/actualite-nfl\/frank-clark-signer-1-an-avec-les-seahawks\/\" \/>\n<meta property=\"og:site_name\" content=\"The Playoffs FR\" \/>\n<meta property=\"article:publisher\" content=\"https:\/\/www.facebook.com\/TheFreeAgentFR\/\" \/>\n<meta property=\"article:modified_time\" content=\"2023-10-25T19:54:29+02:00\" \/>\n<meta property=\"og:image\" content=\"https:\/\/theplayoffs.news\/fr\/wp-content\/uploads\/2023\/10\/USATSI_21303595-1.jpg\" \/>\n\t<meta property=\"og:image:width\" content=\"1920\" \/>\n\t<meta property=\"og:image:height\" content=\"1280\" \/>\n\t<meta property=\"og:image:type\" content=\"image\/jpeg\" \/>\n<meta name=\"author\" content=\"Flavien Jumeau\" \/>\n<meta name=\"twitter:card\" content=\"summary_large_image\" \/>\n<meta name=\"twitter:creator\" content=\"@TheFreeAgentFR\" \/>\n<meta name=\"twitter:site\" content=\"@TheFreeAgentFR\" \/>\n<meta name=\"twitter:label1\" content=\"\u00c9crit par\" \/>\n\t<meta name=\"twitter:data1\" content=\"Flavien Jumeau\" \/>\n\t<meta name=\"twitter:label2\" content=\"Dur\u00e9e de lecture estim\u00e9e\" \/>\n\t<meta name=\"twitter:data2\" content=\"1 minute\" \/>\n<script type=\"application\/ld+json\" class=\"yoast-schema-graph\">{\"@context\":\"https:\/\/schema.org\",\"@graph\":[{\"@type\":\"WebPage\",\"@id\":\"https:\/\/theplayoffs.news\/fr\/actualite-nfl\/frank-clark-signer-1-an-avec-les-seahawks\/\",\"url\":\"https:\/\/theplayoffs.news\/fr\/actualite-nfl\/frank-clark-signer-1-an-avec-les-seahawks\/\",\"name\":\"Frank Clark devrait s\\\\'engager 1 an avec les Seahawks - The Playoffs FR\",\"isPartOf\":{\"@id\":\"https:\/\/theplayoffs.news\/fr\/#website\"},\"primaryImageOfPage\":{\"@id\":\"https:\/\/theplayoffs.news\/fr\/actualite-nfl\/frank-clark-signer-1-an-avec-les-seahawks\/#primaryimage\"},\"image\":{\"@id\":\"https:\/\/theplayoffs.news\/fr\/actualite-nfl\/frank-clark-signer-1-an-avec-les-seahawks\/#primaryimage\"},\"thumbnailUrl\":\"https:\/\/theplayoffs.news\/fr\/wp-content\/uploads\/2023\/10\/USATSI_21303595-1.jpg\",\"datePublished\":\"2023-10-25T17:54:28+00:00\",\"dateModified\":\"2023-10-25T17:54:29+00:00\",\"author\":{\"@id\":\"https:\/\/theplayoffs.news\/fr\/#\/schema\/person\/def63bc6746dc5957469b75feb99e66d\"},\"breadcrumb\":{\"@id\":\"https:\/\/theplayoffs.news\/fr\/actualite-nfl\/frank-clark-signer-1-an-avec-les-seahawks\/#breadcrumb\"},\"inLanguage\":\"fr-FR\",\"potentialAction\":[{\"@type\":\"ReadAction\",\"target\":[\"https:\/\/theplayoffs.news\/fr\/actualite-nfl\/frank-clark-signer-1-an-avec-les-seahawks\/\"]}]},{\"@type\":\"ImageObject\",\"inLanguage\":\"fr-FR\",\"@id\":\"https:\/\/theplayoffs.news\/fr\/actualite-nfl\/frank-clark-signer-1-an-avec-les-seahawks\/#primaryimage\",\"url\":\"https:\/\/theplayoffs.news\/fr\/wp-content\/uploads\/2023\/10\/USATSI_21303595-1.jpg\",\"contentUrl\":\"https:\/\/theplayoffs.news\/fr\/wp-content\/uploads\/2023\/10\/USATSI_21303595-1.jpg\",\"width\":1920,\"height\":1280,\"caption\":\"August 19, 2023; Santa Clara, California, USA; Denver Broncos linebacker Frank Clark (55) during the third quarter against the San Francisco 49ers at Levi\\\\'s Stadium. Mandatory Credit: Kyle Terada-USA TODAY Sports\"},{\"@type\":\"BreadcrumbList\",\"@id\":\"https:\/\/theplayoffs.news\/fr\/actualite-nfl\/frank-clark-signer-1-an-avec-les-seahawks\/#breadcrumb\",\"itemListElement\":[{\"@type\":\"ListItem\",\"position\":1,\"name\":\"Accueil\",\"item\":\"https:\/\/theplayoffs.news\/fr\/\"},{\"@type\":\"ListItem\",\"position\":2,\"name\":\"Frank Clark devrait s&rsquo;engager 1 an avec les Seahawks\"}]},{\"@type\":\"WebSite\",\"@id\":\"https:\/\/theplayoffs.news\/fr\/#website\",\"url\":\"https:\/\/theplayoffs.news\/fr\/\",\"name\":\"The Playoffs FR\",\"description\":\"NBA-NFL-NHL-MLB\",\"potentialAction\":[{\"@type\":\"SearchAction\",\"target\":{\"@type\":\"EntryPoint\",\"urlTemplate\":\"https:\/\/theplayoffs.news\/fr\/?s={search_term_string}\"},\"query-input\":{\"@type\":\"PropertyValueSpecification\",\"valueRequired\":true,\"valueName\":\"search_term_string\"}}],\"inLanguage\":\"fr-FR\"},{\"@type\":\"Person\",\"@id\":\"https:\/\/theplayoffs.news\/fr\/#\/schema\/person\/def63bc6746dc5957469b75feb99e66d\",\"name\":\"Flavien Jumeau\",\"image\":{\"@type\":\"ImageObject\",\"inLanguage\":\"fr-FR\",\"@id\":\"https:\/\/theplayoffs.news\/fr\/#\/schema\/person\/image\/\",\"url\":\"https:\/\/secure.gravatar.com\/avatar\/e7fa8ba5a4b7e4ce35fe152f083f352db28ad0acce692004ed88a7a7d78893f7?s=96&d=mm&r=g\",\"contentUrl\":\"https:\/\/secure.gravatar.com\/avatar\/e7fa8ba5a4b7e4ce35fe152f083f352db28ad0acce692004ed88a7a7d78893f7?s=96&d=mm&r=g\",\"caption\":\"Flavien Jumeau\"},\"description\":\"Amoureux du sport (et de vraiment tous les sports) depuis mon plus jeune \u00e2ge, j\u2019ai longtemps h\u00e9site entre le snooker et le curling. Finalement c\u2019est le foot US que j\u2019ai d\u00e9cid\u00e9 de choisir! Responsable foot US sur TPO et animateur du podcast Tailgate j\u2019ai pour mission de vous faire d\u00e9couvrir ce sport passionnant si ce n\u2019est pas encore fait et de vous donner les derni\u00e8res actus. Le tout dans la bonne humeur et avec toujours un jeu de mots ou deux savamment distill\u00e9s! Fan des Saints, pour moi Drew Brees est le vrai GOAT!\",\"url\":\"https:\/\/theplayoffs.news\/fr\/author\/flavien-jumeaugmail-com\/\"}]}<\/script>\n<!-- \/ Yoast SEO plugin. -->","yoast_head_json":{"title":"Frank Clark devrait s&#039;engager 1 an avec les Seahawks - The Playoffs FR","robots":{"index":"index","follow":"follow","max-snippet":"max-snippet:-1","max-image-preview":"max-image-preview:large","max-video-preview":"max-video-preview:-1"},"canonical":"https:\/\/theplayoffs.news\/fr\/actualite-nfl\/frank-clark-signer-1-an-avec-les-seahawks\/","og_locale":"fr_FR","og_type":"article","og_title":"Frank Clark devrait s&#039;engager 1 an avec les Seahawks - The Playoffs FR","og_url":"https:\/\/theplayoffs.news\/fr\/actualite-nfl\/frank-clark-signer-1-an-avec-les-seahawks\/","og_site_name":"The Playoffs FR","article_publisher":"https:\/\/www.facebook.com\/TheFreeAgentFR\/","article_modified_time":"2023-10-25T17:54:29+00:00","og_image":[{"width":1920,"height":1280,"url":"https:\/\/theplayoffs.news\/fr\/wp-content\/uploads\/2023\/10\/USATSI_21303595-1.jpg","type":"image\/jpeg"}],"author":"Flavien Jumeau","twitter_card":"summary_large_image","twitter_creator":"@TheFreeAgentFR","twitter_site":"@TheFreeAgentFR","twitter_misc":{"\u00c9crit par":"Flavien Jumeau","Dur\u00e9e de lecture estim\u00e9e":"1 minute"},"schema":{"@context":"https:\/\/schema.org","@graph":[{"@type":"WebPage","@id":"https:\/\/theplayoffs.news\/fr\/actualite-nfl\/frank-clark-signer-1-an-avec-les-seahawks\/","url":"https:\/\/theplayoffs.news\/fr\/actualite-nfl\/frank-clark-signer-1-an-avec-les-seahawks\/","name":"Frank Clark devrait s\\'engager 1 an avec les Seahawks - The Playoffs FR","isPartOf":{"@id":"https:\/\/theplayoffs.news\/fr\/#website"},"primaryImageOfPage":{"@id":"https:\/\/theplayoffs.news\/fr\/actualite-nfl\/frank-clark-signer-1-an-avec-les-seahawks\/#primaryimage"},"image":{"@id":"https:\/\/theplayoffs.news\/fr\/actualite-nfl\/frank-clark-signer-1-an-avec-les-seahawks\/#primaryimage"},"thumbnailUrl":"https:\/\/theplayoffs.news\/fr\/wp-content\/uploads\/2023\/10\/USATSI_21303595-1.jpg","datePublished":"2023-10-25T17:54:28+00:00","dateModified":"2023-10-25T17:54:29+00:00","author":{"@id":"https:\/\/theplayoffs.news\/fr\/#\/schema\/person\/def63bc6746dc5957469b75feb99e66d"},"breadcrumb":{"@id":"https:\/\/theplayoffs.news\/fr\/actualite-nfl\/frank-clark-signer-1-an-avec-les-seahawks\/#breadcrumb"},"inLanguage":"fr-FR","potentialAction":[{"@type":"ReadAction","target":["https:\/\/theplayoffs.news\/fr\/actualite-nfl\/frank-clark-signer-1-an-avec-les-seahawks\/"]}]},{"@type":"ImageObject","inLanguage":"fr-FR","@id":"https:\/\/theplayoffs.news\/fr\/actualite-nfl\/frank-clark-signer-1-an-avec-les-seahawks\/#primaryimage","url":"https:\/\/theplayoffs.news\/fr\/wp-content\/uploads\/2023\/10\/USATSI_21303595-1.jpg","contentUrl":"https:\/\/theplayoffs.news\/fr\/wp-content\/uploads\/2023\/10\/USATSI_21303595-1.jpg","width":1920,"height":1280,"caption":"August 19, 2023; Santa Clara, California, USA; Denver Broncos linebacker Frank Clark (55) during the third quarter against the San Francisco 49ers at Levi\\'s Stadium. Mandatory Credit: Kyle Terada-USA TODAY Sports"},{"@type":"BreadcrumbList","@id":"https:\/\/theplayoffs.news\/fr\/actualite-nfl\/frank-clark-signer-1-an-avec-les-seahawks\/#breadcrumb","itemListElement":[{"@type":"ListItem","position":1,"name":"Accueil","item":"https:\/\/theplayoffs.news\/fr\/"},{"@type":"ListItem","position":2,"name":"Frank Clark devrait s&rsquo;engager 1 an avec les Seahawks"}]},{"@type":"WebSite","@id":"https:\/\/theplayoffs.news\/fr\/#website","url":"https:\/\/theplayoffs.news\/fr\/","name":"The Playoffs FR","description":"NBA-NFL-NHL-MLB","potentialAction":[{"@type":"SearchAction","target":{"@type":"EntryPoint","urlTemplate":"https:\/\/theplayoffs.news\/fr\/?s={search_term_string}"},"query-input":{"@type":"PropertyValueSpecification","valueRequired":true,"valueName":"search_term_string"}}],"inLanguage":"fr-FR"},{"@type":"Person","@id":"https:\/\/theplayoffs.news\/fr\/#\/schema\/person\/def63bc6746dc5957469b75feb99e66d","name":"Flavien Jumeau","image":{"@type":"ImageObject","inLanguage":"fr-FR","@id":"https:\/\/theplayoffs.news\/fr\/#\/schema\/person\/image\/","url":"https:\/\/secure.gravatar.com\/avatar\/e7fa8ba5a4b7e4ce35fe152f083f352db28ad0acce692004ed88a7a7d78893f7?s=96&d=mm&r=g","contentUrl":"https:\/\/secure.gravatar.com\/avatar\/e7fa8ba5a4b7e4ce35fe152f083f352db28ad0acce692004ed88a7a7d78893f7?s=96&d=mm&r=g","caption":"Flavien Jumeau"},"description":"Amoureux du sport (et de vraiment tous les sports) depuis mon plus jeune \u00e2ge, j\u2019ai longtemps h\u00e9site entre le snooker et le curling. Finalement c\u2019est le foot US que j\u2019ai d\u00e9cid\u00e9 de choisir! Responsable foot US sur TPO et animateur du podcast Tailgate j\u2019ai pour mission de vous faire d\u00e9couvrir ce sport passionnant si ce n\u2019est pas encore fait et de vous donner les derni\u00e8res actus. Le tout dans la bonne humeur et avec toujours un jeu de mots ou deux savamment distill\u00e9s! Fan des Saints, pour moi Drew Brees est le vrai GOAT!","url":"https:\/\/theplayoffs.news\/fr\/author\/flavien-jumeaugmail-com\/"}]}},"_links":{"self":[{"href":"https:\/\/theplayoffs.news\/fr\/wp-json\/wp\/v2\/posts\/1019610","targetHints":{"allow":["GET"]}}],"collection":[{"href":"https:\/\/theplayoffs.news\/fr\/wp-json\/wp\/v2\/posts"}],"about":[{"href":"https:\/\/theplayoffs.news\/fr\/wp-json\/wp\/v2\/types\/post"}],"author":[{"embeddable":true,"href":"https:\/\/theplayoffs.news\/fr\/wp-json\/wp\/v2\/users\/180309964"}],"replies":[{"embeddable":true,"href":"https:\/\/theplayoffs.news\/fr\/wp-json\/wp\/v2\/comments?post=1019610"}],"version-history":[{"count":4,"href":"https:\/\/theplayoffs.news\/fr\/wp-json\/wp\/v2\/posts\/1019610\/revisions"}],"predecessor-version":[{"id":1019616,"href":"https:\/\/theplayoffs.news\/fr\/wp-json\/wp\/v2\/posts\/1019610\/revisions\/1019616"}],"wp:featuredmedia":[{"embeddable":true,"href":"https:\/\/theplayoffs.news\/fr\/wp-json\/wp\/v2\/media\/1019612"}],"wp:attachment":[{"href":"https:\/\/theplayoffs.news\/fr\/wp-json\/wp\/v2\/media?parent=1019610"}],"wp:term":[{"taxonomy":"category","embeddable":true,"href":"https:\/\/theplayoffs.news\/fr\/wp-json\/wp\/v2\/categories?post=1019610"},{"taxonomy":"post_tag","embeddable":true,"href":"https:\/\/theplayoffs.news\/fr\/wp-json\/wp\/v2\/tags?post=1019610"},{"taxonomy":"sport","embeddable":true,"href":"https:\/\/theplayoffs.news\/fr\/wp-json\/wp\/v2\/sport?post=1019610"},{"taxonomy":"saison","embeddable":true,"href":"https:\/\/theplayoffs.news\/fr\/wp-json\/wp\/v2\/saison?post=1019610"}],"curies":[{"name":"wp","href":"https:\/\/api.w.org\/{rel}","templated":true}]}}