{"id":1016601,"date":"2023-10-24T20:42:34","date_gmt":"2023-10-24T18:42:34","guid":{"rendered":"https:\/\/theplayoffs.news\/fr\/?p=1016601"},"modified":"2023-10-24T20:42:34","modified_gmt":"2023-10-24T18:42:34","slug":"bob-melvin-prend-rennes-san-francisco-giants","status":"publish","type":"post","link":"https:\/\/theplayoffs.news\/fr\/actualite-mlb\/bob-melvin-prend-rennes-san-francisco-giants\/","title":{"rendered":"Bob Melvin prend les rennes des San Francisco Giants"},"content":{"rendered":"<h2>Les San Francisco Giants, l&rsquo;une des franchises les plus c&eacute;l&egrave;bres du baseball, entrent dans une nouvelle &egrave;re en accueillant Bob Melvin, trois fois manager de l&rsquo;ann&eacute;e.<\/h2><p>La nomination de Melvin annonce une nouvelle &egrave;re pour l&rsquo;&eacute;quipe, apr&egrave;s une p&eacute;riode de tumulte interne.<\/p><h3>Un CV de r&eacute;ussite et de familiarit&eacute;<\/h3><p>La d&eacute;cision des Giants n&rsquo;est pas un coup d&rsquo;&eacute;p&eacute;e dans l&rsquo;eau. Melvin, originaire de la Bay Area, apporte un m&eacute;lange d&rsquo;expertise et de relation &eacute;motionnelle &agrave; la table. Il n&rsquo;est pas &eacute;tranger &agrave; la pression et aux subtilit&eacute;s de la gestion d&rsquo;une &eacute;quipe de ligue majeure, puisqu&rsquo;il entame sa 21e saison. Son parcours a commenc&eacute; avec les Seattle Mariners en 2003, et il n&rsquo;a fait que progresser &agrave; partir de l&agrave;, remportant le titre de manager de l&rsquo;ann&eacute;e de la Ligue nationale avec les Arizona Diamondbacks et deux titres de manager de l&rsquo;ann&eacute;e de la Ligue am&eacute;ricaine avec les Oakland A&rsquo;s.<\/p><p>Au-del&agrave; des troph&eacute;es et des r&eacute;compenses, Bob Melvin a un lien &eacute;troit avec la Bay Area et les Giants. Ses origines remontent au lyc&eacute;e Menlo-Atherton, puis &agrave; son passage au Ca&ntilde;ada College de Redwood City et &agrave; Cal-Berkeley. Ce lien &eacute;motionnel s&rsquo;est renforc&eacute; au milieu des ann&eacute;es 80, lorsqu&rsquo;un jeune Melvin de 24 ans a rev&ecirc;tu le maillot des Giants, jouant sous les ordres du manager de l&rsquo;&eacute;poque, Roger Craig.<\/p><h3>Les difficult&eacute;s r&eacute;centes des Giants<\/h3><p>Les derni&egrave;res saisons des Giants ont &eacute;t&eacute; en dents de scie.<\/p><p>Bien que Gabe Kapler les ait men&eacute;s &agrave; un record de 107 victoires en saison r&eacute;guli&egrave;re en 2021, un d&eacute;clin notable &eacute;tait visible. &Agrave; la fin de la saison, les Giants ont perdu 22 de leurs 28 derniers matches &agrave; l&rsquo;ext&eacute;rieur.<\/p><p>Les d&eacute;cideurs des Giants pensent clairement que Melvin est la solution. Et il y a une raison &agrave; cela.<\/p><p>Historiquement, les Giants sont connus pour la qualit&eacute; irr&eacute;prochable de leurs managers, de Roger Craig &agrave; Dusty Baker, en passant par Felipe Alou et Bruce Bochy. En gardant &agrave; l&rsquo;esprit les 13 saisons historiques de Bochy, la question qui se pose est la suivante : combien de temps Melvin va-t-il diriger le navire ? Si les d&eacute;tails de son mandat ne sont pas encore connus, ce qui est clair, c&rsquo;est l&rsquo;intention des Giants. Ils veulent retrouver leur h&eacute;ritage d&rsquo;unit&eacute;, de continuit&eacute; et, bien s&ucirc;r, de victoires.<\/p><p>&nbsp;<\/p><p>Credit: John Hefti-USA TODAY Sports<\/p>\n","protected":false},"excerpt":{"rendered":"","protected":false},"author":13,"featured_media":1016602,"comment_status":"open","ping_status":"closed","sticky":false,"template":"","format":"standard","meta":{"inline_featured_image":false,"kia_subtitle":"","_mux_skip_reasons":[],"proofreadBy":0,"footnotes":""},"categories":[188,9],"tags":[2935,466],"sport":[],"saison":[],"class_list":["post-1016601","post","type-post","status-publish","format-standard","has-post-thumbnail","hentry","category-actualite-mlb","category-mlb","tag-bob-melvin","tag-san-francisco-giants"],"acf":[],"yoast_head":"<!-- This site is optimized with the Yoast SEO plugin v24.2 - https:\/\/yoast.com\/wordpress\/plugins\/seo\/ -->\n<title>Bob Melvin prend les rennes des San Francisco Giants - The Playoffs FR<\/title>\n<meta name=\"robots\" content=\"index, follow, max-snippet:-1, max-image-preview:large, max-video-preview:-1\" \/>\n<link rel=\"canonical\" href=\"https:\/\/theplayoffs.news\/fr\/actualite-mlb\/bob-melvin-prend-rennes-san-francisco-giants\/\" \/>\n<meta property=\"og:locale\" content=\"fr_FR\" \/>\n<meta property=\"og:type\" content=\"article\" \/>\n<meta property=\"og:title\" content=\"Bob Melvin prend les rennes des San Francisco Giants - The Playoffs FR\" \/>\n<meta property=\"og:url\" content=\"https:\/\/theplayoffs.news\/fr\/actualite-mlb\/bob-melvin-prend-rennes-san-francisco-giants\/\" \/>\n<meta property=\"og:site_name\" content=\"The Playoffs FR\" \/>\n<meta property=\"article:publisher\" content=\"https:\/\/www.facebook.com\/TheFreeAgentFR\/\" \/>\n<meta property=\"article:modified_time\" content=\"2023-10-24T20:42:34+02:00\" \/>\n<meta property=\"og:image\" content=\"https:\/\/theplayoffs.news\/fr\/wp-content\/uploads\/2023\/10\/USATSI_21518402.jpg\" \/>\n\t<meta property=\"og:image:width\" content=\"1920\" \/>\n\t<meta property=\"og:image:height\" content=\"1280\" \/>\n\t<meta property=\"og:image:type\" content=\"image\/jpeg\" \/>\n<meta name=\"author\" content=\"Charles Taudin\" \/>\n<meta name=\"twitter:card\" content=\"summary_large_image\" \/>\n<meta name=\"twitter:creator\" content=\"@TheFreeAgentFR\" \/>\n<meta name=\"twitter:site\" content=\"@TheFreeAgentFR\" \/>\n<meta name=\"twitter:label1\" content=\"\u00c9crit par\" \/>\n\t<meta name=\"twitter:data1\" content=\"Charles Taudin\" \/>\n\t<meta name=\"twitter:label2\" content=\"Dur\u00e9e de lecture estim\u00e9e\" \/>\n\t<meta name=\"twitter:data2\" content=\"2 minutes\" \/>\n<script type=\"application\/ld+json\" class=\"yoast-schema-graph\">{\"@context\":\"https:\/\/schema.org\",\"@graph\":[{\"@type\":\"WebPage\",\"@id\":\"https:\/\/theplayoffs.news\/fr\/actualite-mlb\/bob-melvin-prend-rennes-san-francisco-giants\/\",\"url\":\"https:\/\/theplayoffs.news\/fr\/actualite-mlb\/bob-melvin-prend-rennes-san-francisco-giants\/\",\"name\":\"Bob Melvin prend les rennes des San Francisco Giants - The Playoffs FR\",\"isPartOf\":{\"@id\":\"https:\/\/theplayoffs.news\/fr\/#website\"},\"primaryImageOfPage\":{\"@id\":\"https:\/\/theplayoffs.news\/fr\/actualite-mlb\/bob-melvin-prend-rennes-san-francisco-giants\/#primaryimage\"},\"image\":{\"@id\":\"https:\/\/theplayoffs.news\/fr\/actualite-mlb\/bob-melvin-prend-rennes-san-francisco-giants\/#primaryimage\"},\"thumbnailUrl\":\"https:\/\/theplayoffs.news\/fr\/wp-content\/uploads\/2023\/10\/USATSI_21518402.jpg\",\"datePublished\":\"2023-10-24T18:42:34+00:00\",\"dateModified\":\"2023-10-24T18:42:34+00:00\",\"author\":{\"@id\":\"https:\/\/theplayoffs.news\/fr\/#\/schema\/person\/eee5b69ad5d3c51cabe881c839dbe133\"},\"breadcrumb\":{\"@id\":\"https:\/\/theplayoffs.news\/fr\/actualite-mlb\/bob-melvin-prend-rennes-san-francisco-giants\/#breadcrumb\"},\"inLanguage\":\"fr-FR\",\"potentialAction\":[{\"@type\":\"ReadAction\",\"target\":[\"https:\/\/theplayoffs.news\/fr\/actualite-mlb\/bob-melvin-prend-rennes-san-francisco-giants\/\"]}]},{\"@type\":\"ImageObject\",\"inLanguage\":\"fr-FR\",\"@id\":\"https:\/\/theplayoffs.news\/fr\/actualite-mlb\/bob-melvin-prend-rennes-san-francisco-giants\/#primaryimage\",\"url\":\"https:\/\/theplayoffs.news\/fr\/wp-content\/uploads\/2023\/10\/USATSI_21518402.jpg\",\"contentUrl\":\"https:\/\/theplayoffs.news\/fr\/wp-content\/uploads\/2023\/10\/USATSI_21518402.jpg\",\"width\":1920,\"height\":1280,\"caption\":\"Sep 27, 2023; San Francisco, California, USA; San Diego Padres manager Bob Melvin (3) watches the game against the San Francisco Giants during the seventh inning at Oracle Park. Mandatory Credit: John Hefti-USA TODAY Sports\"},{\"@type\":\"BreadcrumbList\",\"@id\":\"https:\/\/theplayoffs.news\/fr\/actualite-mlb\/bob-melvin-prend-rennes-san-francisco-giants\/#breadcrumb\",\"itemListElement\":[{\"@type\":\"ListItem\",\"position\":1,\"name\":\"Accueil\",\"item\":\"https:\/\/theplayoffs.news\/fr\/\"},{\"@type\":\"ListItem\",\"position\":2,\"name\":\"Bob Melvin prend les rennes des San Francisco Giants\"}]},{\"@type\":\"WebSite\",\"@id\":\"https:\/\/theplayoffs.news\/fr\/#website\",\"url\":\"https:\/\/theplayoffs.news\/fr\/\",\"name\":\"The Playoffs FR\",\"description\":\"NBA-NFL-NHL-MLB\",\"potentialAction\":[{\"@type\":\"SearchAction\",\"target\":{\"@type\":\"EntryPoint\",\"urlTemplate\":\"https:\/\/theplayoffs.news\/fr\/?s={search_term_string}\"},\"query-input\":{\"@type\":\"PropertyValueSpecification\",\"valueRequired\":true,\"valueName\":\"search_term_string\"}}],\"inLanguage\":\"fr-FR\"},{\"@type\":\"Person\",\"@id\":\"https:\/\/theplayoffs.news\/fr\/#\/schema\/person\/eee5b69ad5d3c51cabe881c839dbe133\",\"name\":\"Charles Taudin\",\"image\":{\"@type\":\"ImageObject\",\"inLanguage\":\"fr-FR\",\"@id\":\"https:\/\/theplayoffs.news\/fr\/#\/schema\/person\/image\/\",\"url\":\"https:\/\/secure.gravatar.com\/avatar\/59a1e772205ce9fd255edfcafc93013736822e20261f294c5753b20c41ede9f2?s=96&d=mm&r=g\",\"contentUrl\":\"https:\/\/secure.gravatar.com\/avatar\/59a1e772205ce9fd255edfcafc93013736822e20261f294c5753b20c41ede9f2?s=96&d=mm&r=g\",\"caption\":\"Charles Taudin\"},\"description\":\"R\u00e9dacteur en chef global de The Playoffs, j\u2019ai cr\u00e9\u00e9 The Free Agent, devenu The Playoffs FR, en 2020 durant la pand\u00e9mie. Amoureux depuis des ann\u00e9es des 4 sports majeurs am\u00e9ricains, j\u2019organise maintenant la strat\u00e9gie \u00e9ditoriale et les r\u00e9seaux sociaux de l\u2019ensemble des versions de The Playoffs. Il m\u2019arrive encore d\u2019\u00e9crire sur certains sports que j\u2019affectionne particuli\u00e8rement comme la NFL ou la MLB. Si vous devez retenir qu\u2019une chose : Eli Manning est le vrai GOAT pour avoir battu deux fois Tom Brady.\",\"sameAs\":[\"https:\/\/www.instagram.com\/ctaudin_\/\"],\"url\":\"https:\/\/theplayoffs.news\/fr\/author\/charles-taudin\/\"}]}<\/script>\n<!-- \/ Yoast SEO plugin. -->","yoast_head_json":{"title":"Bob Melvin prend les rennes des San Francisco Giants - The Playoffs FR","robots":{"index":"index","follow":"follow","max-snippet":"max-snippet:-1","max-image-preview":"max-image-preview:large","max-video-preview":"max-video-preview:-1"},"canonical":"https:\/\/theplayoffs.news\/fr\/actualite-mlb\/bob-melvin-prend-rennes-san-francisco-giants\/","og_locale":"fr_FR","og_type":"article","og_title":"Bob Melvin prend les rennes des San Francisco Giants - The Playoffs FR","og_url":"https:\/\/theplayoffs.news\/fr\/actualite-mlb\/bob-melvin-prend-rennes-san-francisco-giants\/","og_site_name":"The Playoffs FR","article_publisher":"https:\/\/www.facebook.com\/TheFreeAgentFR\/","og_image":[{"width":1920,"height":1280,"url":"https:\/\/theplayoffs.news\/fr\/wp-content\/uploads\/2023\/10\/USATSI_21518402.jpg","type":"image\/jpeg"}],"author":"Charles Taudin","twitter_card":"summary_large_image","twitter_creator":"@TheFreeAgentFR","twitter_site":"@TheFreeAgentFR","twitter_misc":{"\u00c9crit par":"Charles Taudin","Dur\u00e9e de lecture estim\u00e9e":"2 minutes"},"schema":{"@context":"https:\/\/schema.org","@graph":[{"@type":"WebPage","@id":"https:\/\/theplayoffs.news\/fr\/actualite-mlb\/bob-melvin-prend-rennes-san-francisco-giants\/","url":"https:\/\/theplayoffs.news\/fr\/actualite-mlb\/bob-melvin-prend-rennes-san-francisco-giants\/","name":"Bob Melvin prend les rennes des San Francisco Giants - The Playoffs FR","isPartOf":{"@id":"https:\/\/theplayoffs.news\/fr\/#website"},"primaryImageOfPage":{"@id":"https:\/\/theplayoffs.news\/fr\/actualite-mlb\/bob-melvin-prend-rennes-san-francisco-giants\/#primaryimage"},"image":{"@id":"https:\/\/theplayoffs.news\/fr\/actualite-mlb\/bob-melvin-prend-rennes-san-francisco-giants\/#primaryimage"},"thumbnailUrl":"https:\/\/theplayoffs.news\/fr\/wp-content\/uploads\/2023\/10\/USATSI_21518402.jpg","datePublished":"2023-10-24T18:42:34+00:00","dateModified":"2023-10-24T18:42:34+00:00","author":{"@id":"https:\/\/theplayoffs.news\/fr\/#\/schema\/person\/eee5b69ad5d3c51cabe881c839dbe133"},"breadcrumb":{"@id":"https:\/\/theplayoffs.news\/fr\/actualite-mlb\/bob-melvin-prend-rennes-san-francisco-giants\/#breadcrumb"},"inLanguage":"fr-FR","potentialAction":[{"@type":"ReadAction","target":["https:\/\/theplayoffs.news\/fr\/actualite-mlb\/bob-melvin-prend-rennes-san-francisco-giants\/"]}]},{"@type":"ImageObject","inLanguage":"fr-FR","@id":"https:\/\/theplayoffs.news\/fr\/actualite-mlb\/bob-melvin-prend-rennes-san-francisco-giants\/#primaryimage","url":"https:\/\/theplayoffs.news\/fr\/wp-content\/uploads\/2023\/10\/USATSI_21518402.jpg","contentUrl":"https:\/\/theplayoffs.news\/fr\/wp-content\/uploads\/2023\/10\/USATSI_21518402.jpg","width":1920,"height":1280,"caption":"Sep 27, 2023; San Francisco, California, USA; San Diego Padres manager Bob Melvin (3) watches the game against the San Francisco Giants during the seventh inning at Oracle Park. Mandatory Credit: John Hefti-USA TODAY Sports"},{"@type":"BreadcrumbList","@id":"https:\/\/theplayoffs.news\/fr\/actualite-mlb\/bob-melvin-prend-rennes-san-francisco-giants\/#breadcrumb","itemListElement":[{"@type":"ListItem","position":1,"name":"Accueil","item":"https:\/\/theplayoffs.news\/fr\/"},{"@type":"ListItem","position":2,"name":"Bob Melvin prend les rennes des San Francisco Giants"}]},{"@type":"WebSite","@id":"https:\/\/theplayoffs.news\/fr\/#website","url":"https:\/\/theplayoffs.news\/fr\/","name":"The Playoffs FR","description":"NBA-NFL-NHL-MLB","potentialAction":[{"@type":"SearchAction","target":{"@type":"EntryPoint","urlTemplate":"https:\/\/theplayoffs.news\/fr\/?s={search_term_string}"},"query-input":{"@type":"PropertyValueSpecification","valueRequired":true,"valueName":"search_term_string"}}],"inLanguage":"fr-FR"},{"@type":"Person","@id":"https:\/\/theplayoffs.news\/fr\/#\/schema\/person\/eee5b69ad5d3c51cabe881c839dbe133","name":"Charles Taudin","image":{"@type":"ImageObject","inLanguage":"fr-FR","@id":"https:\/\/theplayoffs.news\/fr\/#\/schema\/person\/image\/","url":"https:\/\/secure.gravatar.com\/avatar\/59a1e772205ce9fd255edfcafc93013736822e20261f294c5753b20c41ede9f2?s=96&d=mm&r=g","contentUrl":"https:\/\/secure.gravatar.com\/avatar\/59a1e772205ce9fd255edfcafc93013736822e20261f294c5753b20c41ede9f2?s=96&d=mm&r=g","caption":"Charles Taudin"},"description":"R\u00e9dacteur en chef global de The Playoffs, j\u2019ai cr\u00e9\u00e9 The Free Agent, devenu The Playoffs FR, en 2020 durant la pand\u00e9mie. Amoureux depuis des ann\u00e9es des 4 sports majeurs am\u00e9ricains, j\u2019organise maintenant la strat\u00e9gie \u00e9ditoriale et les r\u00e9seaux sociaux de l\u2019ensemble des versions de The Playoffs. Il m\u2019arrive encore d\u2019\u00e9crire sur certains sports que j\u2019affectionne particuli\u00e8rement comme la NFL ou la MLB. Si vous devez retenir qu\u2019une chose : Eli Manning est le vrai GOAT pour avoir battu deux fois Tom Brady.","sameAs":["https:\/\/www.instagram.com\/ctaudin_\/"],"url":"https:\/\/theplayoffs.news\/fr\/author\/charles-taudin\/"}]}},"_links":{"self":[{"href":"https:\/\/theplayoffs.news\/fr\/wp-json\/wp\/v2\/posts\/1016601","targetHints":{"allow":["GET"]}}],"collection":[{"href":"https:\/\/theplayoffs.news\/fr\/wp-json\/wp\/v2\/posts"}],"about":[{"href":"https:\/\/theplayoffs.news\/fr\/wp-json\/wp\/v2\/types\/post"}],"author":[{"embeddable":true,"href":"https:\/\/theplayoffs.news\/fr\/wp-json\/wp\/v2\/users\/13"}],"replies":[{"embeddable":true,"href":"https:\/\/theplayoffs.news\/fr\/wp-json\/wp\/v2\/comments?post=1016601"}],"version-history":[{"count":3,"href":"https:\/\/theplayoffs.news\/fr\/wp-json\/wp\/v2\/posts\/1016601\/revisions"}],"predecessor-version":[{"id":1016605,"href":"https:\/\/theplayoffs.news\/fr\/wp-json\/wp\/v2\/posts\/1016601\/revisions\/1016605"}],"wp:featuredmedia":[{"embeddable":true,"href":"https:\/\/theplayoffs.news\/fr\/wp-json\/wp\/v2\/media\/1016602"}],"wp:attachment":[{"href":"https:\/\/theplayoffs.news\/fr\/wp-json\/wp\/v2\/media?parent=1016601"}],"wp:term":[{"taxonomy":"category","embeddable":true,"href":"https:\/\/theplayoffs.news\/fr\/wp-json\/wp\/v2\/categories?post=1016601"},{"taxonomy":"post_tag","embeddable":true,"href":"https:\/\/theplayoffs.news\/fr\/wp-json\/wp\/v2\/tags?post=1016601"},{"taxonomy":"sport","embeddable":true,"href":"https:\/\/theplayoffs.news\/fr\/wp-json\/wp\/v2\/sport?post=1016601"},{"taxonomy":"saison","embeddable":true,"href":"https:\/\/theplayoffs.news\/fr\/wp-json\/wp\/v2\/saison?post=1016601"}],"curies":[{"name":"wp","href":"https:\/\/api.w.org\/{rel}","templated":true}]}}