{"id":1013693,"date":"2023-10-23T16:26:31","date_gmt":"2023-10-23T14:26:31","guid":{"rendered":"https:\/\/theplayoffs.news\/fr\/?p=1013693"},"modified":"2023-10-23T16:26:33","modified_gmt":"2023-10-23T14:26:33","slug":"draymond-green-de-retour-a-lentrainement-2","status":"publish","type":"post","link":"https:\/\/theplayoffs.news\/fr\/actualite-nba\/draymond-green-de-retour-a-lentrainement-2\/","title":{"rendered":"Draymond Green de retour \u00e0 l&rsquo;entra\u00eenement"},"content":{"rendered":"<h2>Bonne nouvelle pour les fans des Warriors, Draymond Green est de retour &agrave; l&rsquo;entra&icirc;nement ce qui signifie que son retour est imminent.<\/h2><p>De retour de blessure, Draymond Green a &eacute;t&eacute; autoris&eacute; &agrave; effectuer des 5 contre 5 &agrave; l&rsquo;entra&icirc;nement marquant un retour imminent au sein des Warriors. Son retour sur un parquet de NBA n&rsquo;est pas encore d&rsquo;actualit&eacute;, mais celui-ci devrait tr&egrave;s vite revenir en d&eacute;but de saison.<\/p><p>Le v&eacute;t&eacute;ran des <a href=\"https:\/\/theplayoffs.news\/fr\/equipe\/golden-state-warriors-nba\/\" class=\"trk-cta-link\" data-cta-trk='{\"ctaType\":\"Link\",\"ctaSubType\":\"main\"}'>Golden State Warriors<\/a> s&rsquo;&eacute;tait fait une entorse &agrave; la cheville ce qui l&rsquo;a emp&ecirc;ch&eacute; de jouer les cinq matchs de pr&eacute;saison de Golden State.<\/p><p>\n<div id=\"attachment_1013696\" style=\"width: 310px\" class=\"wp-caption alignnone\"><img loading=\"lazy\" decoding=\"async\" aria-describedby=\"caption-attachment-1013696\" class=\"size-medium wp-image-1013696\" src=\"https:\/\/theplayoffs.news\/fr\/wp-content\/uploads\/2023\/10\/USATSI_20657018-300x202.jpg\" alt=\"Draymond Green en match\" width=\"300\" height=\"202\" srcset=\"https:\/\/theplayoffs.news\/fr\/wp-content\/uploads\/2023\/10\/USATSI_20657018-300x202.jpg 300w, https:\/\/theplayoffs.news\/fr\/wp-content\/uploads\/2023\/10\/USATSI_20657018-1030x693.jpg 1030w, https:\/\/theplayoffs.news\/fr\/wp-content\/uploads\/2023\/10\/USATSI_20657018-768x516.jpg 768w, https:\/\/theplayoffs.news\/fr\/wp-content\/uploads\/2023\/10\/USATSI_20657018-1536x1033.jpg 1536w, https:\/\/theplayoffs.news\/fr\/wp-content\/uploads\/2023\/10\/USATSI_20657018-1500x1009.jpg 1500w, https:\/\/theplayoffs.news\/fr\/wp-content\/uploads\/2023\/10\/USATSI_20657018-705x474.jpg 705w, https:\/\/theplayoffs.news\/fr\/wp-content\/uploads\/2023\/10\/USATSI_20657018-1320x888.jpg 1320w, https:\/\/theplayoffs.news\/fr\/wp-content\/uploads\/2023\/10\/USATSI_20657018.jpg 1920w\" sizes=\"auto, (max-width: 300px) 100vw, 300px\" \/><p id=\"caption-attachment-1013696\" class=\"wp-caption-text\">Cr&eacute;dit : Jayne Kamin-Oncea &ndash; USA TODAY Sports<\/p><\/div>\n<\/p><p>Draymond Green va effectuer sa douzi&egrave;me saison de NBA. Celui-ci devrait tr&egrave;s probablement manquer le premier match de la saison face aux Suns dans la nuit de mardi &agrave; mercredi mais reviendra peut &ecirc;tre face aux Kings dans la nuit de vendredi &agrave; samedi.<\/p><p>L&rsquo;arri&egrave;re des Warriors va pouvoir commencer les entra&icirc;nements avec l&rsquo;autre v&eacute;t&eacute;ran, Chris Paul, pour commencer &agrave; &eacute;tablir des automatismes pour une saison plein d&rsquo;exigence pour les <a href=\"https:\/\/trashtalk.co\/\" class=\"trk-cta-link\" data-cta-trk='{\"ctaType\":\"Link\",\"ctaSubType\":\"main\"}'>Warriors<\/a>.<\/p><p>\n<div id=\"attachment_1013695\" style=\"width: 310px\" class=\"wp-caption alignnone\"><img loading=\"lazy\" decoding=\"async\" aria-describedby=\"caption-attachment-1013695\" class=\"size-medium wp-image-1013695\" src=\"https:\/\/theplayoffs.news\/fr\/wp-content\/uploads\/2023\/10\/USATSI_21646423-300x200.jpg\" alt=\"Draymond Green sur le banc\" width=\"300\" height=\"200\" srcset=\"https:\/\/theplayoffs.news\/fr\/wp-content\/uploads\/2023\/10\/USATSI_21646423-300x200.jpg 300w, https:\/\/theplayoffs.news\/fr\/wp-content\/uploads\/2023\/10\/USATSI_21646423-1030x687.jpg 1030w, https:\/\/theplayoffs.news\/fr\/wp-content\/uploads\/2023\/10\/USATSI_21646423-768x512.jpg 768w, https:\/\/theplayoffs.news\/fr\/wp-content\/uploads\/2023\/10\/USATSI_21646423-1536x1024.jpg 1536w, https:\/\/theplayoffs.news\/fr\/wp-content\/uploads\/2023\/10\/USATSI_21646423-1500x1000.jpg 1500w, https:\/\/theplayoffs.news\/fr\/wp-content\/uploads\/2023\/10\/USATSI_21646423-705x470.jpg 705w, https:\/\/theplayoffs.news\/fr\/wp-content\/uploads\/2023\/10\/USATSI_21646423-1320x880.jpg 1320w, https:\/\/theplayoffs.news\/fr\/wp-content\/uploads\/2023\/10\/USATSI_21646423.jpg 1920w\" sizes=\"auto, (max-width: 300px) 100vw, 300px\" \/><p id=\"caption-attachment-1013695\" class=\"wp-caption-text\">Cr&eacute;dit : Kiyoshi Mio &ndash; USA TODAY Sports<\/p><\/div>\n<\/p>\n","protected":false},"excerpt":{"rendered":"","protected":false},"author":180310178,"featured_media":1013694,"comment_status":"open","ping_status":"closed","sticky":false,"template":"","format":"standard","meta":{"inline_featured_image":false,"kia_subtitle":"","_mux_skip_reasons":[],"proofreadBy":0,"footnotes":""},"categories":[110,10],"tags":[311,1097,23],"sport":[2783],"saison":[3453],"class_list":["post-1013693","post","type-post","status-publish","format-standard","has-post-thumbnail","hentry","category-actualite-nba","category-nba","tag-draymond-green","tag-golden-state-warriors","tag-nba-tag","sport-nba","saison-3453"],"acf":[],"yoast_head":"<!-- This site is optimized with the Yoast SEO plugin v24.2 - https:\/\/yoast.com\/wordpress\/plugins\/seo\/ -->\n<title>Draymond Green de retour &agrave; l&#039;entra&icirc;nement - The Playoffs FR<\/title>\n<meta name=\"robots\" content=\"index, follow, max-snippet:-1, max-image-preview:large, max-video-preview:-1\" \/>\n<link rel=\"canonical\" href=\"https:\/\/theplayoffs.news\/fr\/actualite-nba\/draymond-green-de-retour-a-lentrainement-2\/\" \/>\n<meta property=\"og:locale\" content=\"fr_FR\" \/>\n<meta property=\"og:type\" content=\"article\" \/>\n<meta property=\"og:title\" content=\"Draymond Green de retour &agrave; l&#039;entra&icirc;nement - The Playoffs FR\" \/>\n<meta property=\"og:url\" content=\"https:\/\/theplayoffs.news\/fr\/actualite-nba\/draymond-green-de-retour-a-lentrainement-2\/\" \/>\n<meta property=\"og:site_name\" content=\"The Playoffs FR\" \/>\n<meta property=\"article:publisher\" content=\"https:\/\/www.facebook.com\/TheFreeAgentFR\/\" \/>\n<meta property=\"article:modified_time\" content=\"2023-10-23T16:26:33+02:00\" \/>\n<meta property=\"og:image\" content=\"https:\/\/theplayoffs.news\/fr\/wp-content\/uploads\/2023\/10\/USATSI_21556306.jpg\" \/>\n\t<meta property=\"og:image:width\" content=\"1920\" \/>\n\t<meta property=\"og:image:height\" content=\"1280\" \/>\n\t<meta property=\"og:image:type\" content=\"image\/jpeg\" \/>\n<meta name=\"author\" content=\"Arthur Berlemont\" \/>\n<meta name=\"twitter:card\" content=\"summary_large_image\" \/>\n<meta name=\"twitter:creator\" content=\"@TheFreeAgentFR\" \/>\n<meta name=\"twitter:site\" content=\"@TheFreeAgentFR\" \/>\n<meta name=\"twitter:label1\" content=\"\u00c9crit par\" \/>\n\t<meta name=\"twitter:data1\" content=\"Arthur Berlemont\" \/>\n\t<meta name=\"twitter:label2\" content=\"Dur\u00e9e de lecture estim\u00e9e\" \/>\n\t<meta name=\"twitter:data2\" content=\"1 minute\" \/>\n<script type=\"application\/ld+json\" class=\"yoast-schema-graph\">{\"@context\":\"https:\/\/schema.org\",\"@graph\":[{\"@type\":\"WebPage\",\"@id\":\"https:\/\/theplayoffs.news\/fr\/actualite-nba\/draymond-green-de-retour-a-lentrainement-2\/\",\"url\":\"https:\/\/theplayoffs.news\/fr\/actualite-nba\/draymond-green-de-retour-a-lentrainement-2\/\",\"name\":\"Draymond Green de retour \u00e0 l\\\\'entra\u00eenement - The Playoffs FR\",\"isPartOf\":{\"@id\":\"https:\/\/theplayoffs.news\/fr\/#website\"},\"primaryImageOfPage\":{\"@id\":\"https:\/\/theplayoffs.news\/fr\/actualite-nba\/draymond-green-de-retour-a-lentrainement-2\/#primaryimage\"},\"image\":{\"@id\":\"https:\/\/theplayoffs.news\/fr\/actualite-nba\/draymond-green-de-retour-a-lentrainement-2\/#primaryimage\"},\"thumbnailUrl\":\"https:\/\/theplayoffs.news\/fr\/wp-content\/uploads\/2023\/10\/USATSI_21556306.jpg\",\"datePublished\":\"2023-10-23T14:26:31+00:00\",\"dateModified\":\"2023-10-23T14:26:33+00:00\",\"author\":{\"@id\":\"https:\/\/theplayoffs.news\/fr\/#\/schema\/person\/b6b04a451dab03a5ab75cec8912e8942\"},\"breadcrumb\":{\"@id\":\"https:\/\/theplayoffs.news\/fr\/actualite-nba\/draymond-green-de-retour-a-lentrainement-2\/#breadcrumb\"},\"inLanguage\":\"fr-FR\",\"potentialAction\":[{\"@type\":\"ReadAction\",\"target\":[\"https:\/\/theplayoffs.news\/fr\/actualite-nba\/draymond-green-de-retour-a-lentrainement-2\/\"]}]},{\"@type\":\"ImageObject\",\"inLanguage\":\"fr-FR\",\"@id\":\"https:\/\/theplayoffs.news\/fr\/actualite-nba\/draymond-green-de-retour-a-lentrainement-2\/#primaryimage\",\"url\":\"https:\/\/theplayoffs.news\/fr\/wp-content\/uploads\/2023\/10\/USATSI_21556306.jpg\",\"contentUrl\":\"https:\/\/theplayoffs.news\/fr\/wp-content\/uploads\/2023\/10\/USATSI_21556306.jpg\",\"width\":1920,\"height\":1280,\"caption\":\"Oct 2, 2023; San Francisco, CA, USA; Golden State Warriors forward Draymond Green (23) during Media Day at the Chase Center. Mandatory Credit: Cary Edmondson-USA TODAY Sports\"},{\"@type\":\"BreadcrumbList\",\"@id\":\"https:\/\/theplayoffs.news\/fr\/actualite-nba\/draymond-green-de-retour-a-lentrainement-2\/#breadcrumb\",\"itemListElement\":[{\"@type\":\"ListItem\",\"position\":1,\"name\":\"Accueil\",\"item\":\"https:\/\/theplayoffs.news\/fr\/\"},{\"@type\":\"ListItem\",\"position\":2,\"name\":\"Draymond Green de retour \u00e0 l&rsquo;entra\u00eenement\"}]},{\"@type\":\"WebSite\",\"@id\":\"https:\/\/theplayoffs.news\/fr\/#website\",\"url\":\"https:\/\/theplayoffs.news\/fr\/\",\"name\":\"The Playoffs FR\",\"description\":\"NBA-NFL-NHL-MLB\",\"potentialAction\":[{\"@type\":\"SearchAction\",\"target\":{\"@type\":\"EntryPoint\",\"urlTemplate\":\"https:\/\/theplayoffs.news\/fr\/?s={search_term_string}\"},\"query-input\":{\"@type\":\"PropertyValueSpecification\",\"valueRequired\":true,\"valueName\":\"search_term_string\"}}],\"inLanguage\":\"fr-FR\"},{\"@type\":\"Person\",\"@id\":\"https:\/\/theplayoffs.news\/fr\/#\/schema\/person\/b6b04a451dab03a5ab75cec8912e8942\",\"name\":\"Arthur Berlemont\",\"image\":{\"@type\":\"ImageObject\",\"inLanguage\":\"fr-FR\",\"@id\":\"https:\/\/theplayoffs.news\/fr\/#\/schema\/person\/image\/\",\"url\":\"https:\/\/secure.gravatar.com\/avatar\/19ddab1d62ab0a19b186b86cee130432b120dd6f085625a6a6757dd1aa90a5f3?s=96&d=mm&r=g\",\"contentUrl\":\"https:\/\/secure.gravatar.com\/avatar\/19ddab1d62ab0a19b186b86cee130432b120dd6f085625a6a6757dd1aa90a5f3?s=96&d=mm&r=g\",\"caption\":\"Arthur Berlemont\"},\"description\":\"Etudiant passionn\u00e9 de sport, avant tout m\u00e9caniques, j\\\\'ai d\u00e9couvert les sports US il y a quelques ann\u00e9es. J\\\\'ai tout de suite accroch\u00e9 pour la ville de Cincinnati et ses franchises de NFL et MLB. Aujourd\\\\'hui, je suis l\u00e0 par passion dans la r\u00e9daction d\\\\'articles sur divers sports que j\\\\'affectionne.\",\"url\":\"https:\/\/theplayoffs.news\/fr\/author\/arthur-berlemontgmail-com\/\"}]}<\/script>\n<!-- \/ Yoast SEO plugin. -->","yoast_head_json":{"title":"Draymond Green de retour &agrave; l&#039;entra&icirc;nement - The Playoffs FR","robots":{"index":"index","follow":"follow","max-snippet":"max-snippet:-1","max-image-preview":"max-image-preview:large","max-video-preview":"max-video-preview:-1"},"canonical":"https:\/\/theplayoffs.news\/fr\/actualite-nba\/draymond-green-de-retour-a-lentrainement-2\/","og_locale":"fr_FR","og_type":"article","og_title":"Draymond Green de retour &agrave; l&#039;entra&icirc;nement - The Playoffs FR","og_url":"https:\/\/theplayoffs.news\/fr\/actualite-nba\/draymond-green-de-retour-a-lentrainement-2\/","og_site_name":"The Playoffs FR","article_publisher":"https:\/\/www.facebook.com\/TheFreeAgentFR\/","article_modified_time":"2023-10-23T14:26:33+00:00","og_image":[{"width":1920,"height":1280,"url":"https:\/\/theplayoffs.news\/fr\/wp-content\/uploads\/2023\/10\/USATSI_21556306.jpg","type":"image\/jpeg"}],"author":"Arthur Berlemont","twitter_card":"summary_large_image","twitter_creator":"@TheFreeAgentFR","twitter_site":"@TheFreeAgentFR","twitter_misc":{"\u00c9crit par":"Arthur Berlemont","Dur\u00e9e de lecture estim\u00e9e":"1 minute"},"schema":{"@context":"https:\/\/schema.org","@graph":[{"@type":"WebPage","@id":"https:\/\/theplayoffs.news\/fr\/actualite-nba\/draymond-green-de-retour-a-lentrainement-2\/","url":"https:\/\/theplayoffs.news\/fr\/actualite-nba\/draymond-green-de-retour-a-lentrainement-2\/","name":"Draymond Green de retour \u00e0 l\\'entra\u00eenement - The Playoffs FR","isPartOf":{"@id":"https:\/\/theplayoffs.news\/fr\/#website"},"primaryImageOfPage":{"@id":"https:\/\/theplayoffs.news\/fr\/actualite-nba\/draymond-green-de-retour-a-lentrainement-2\/#primaryimage"},"image":{"@id":"https:\/\/theplayoffs.news\/fr\/actualite-nba\/draymond-green-de-retour-a-lentrainement-2\/#primaryimage"},"thumbnailUrl":"https:\/\/theplayoffs.news\/fr\/wp-content\/uploads\/2023\/10\/USATSI_21556306.jpg","datePublished":"2023-10-23T14:26:31+00:00","dateModified":"2023-10-23T14:26:33+00:00","author":{"@id":"https:\/\/theplayoffs.news\/fr\/#\/schema\/person\/b6b04a451dab03a5ab75cec8912e8942"},"breadcrumb":{"@id":"https:\/\/theplayoffs.news\/fr\/actualite-nba\/draymond-green-de-retour-a-lentrainement-2\/#breadcrumb"},"inLanguage":"fr-FR","potentialAction":[{"@type":"ReadAction","target":["https:\/\/theplayoffs.news\/fr\/actualite-nba\/draymond-green-de-retour-a-lentrainement-2\/"]}]},{"@type":"ImageObject","inLanguage":"fr-FR","@id":"https:\/\/theplayoffs.news\/fr\/actualite-nba\/draymond-green-de-retour-a-lentrainement-2\/#primaryimage","url":"https:\/\/theplayoffs.news\/fr\/wp-content\/uploads\/2023\/10\/USATSI_21556306.jpg","contentUrl":"https:\/\/theplayoffs.news\/fr\/wp-content\/uploads\/2023\/10\/USATSI_21556306.jpg","width":1920,"height":1280,"caption":"Oct 2, 2023; San Francisco, CA, USA; Golden State Warriors forward Draymond Green (23) during Media Day at the Chase Center. Mandatory Credit: Cary Edmondson-USA TODAY Sports"},{"@type":"BreadcrumbList","@id":"https:\/\/theplayoffs.news\/fr\/actualite-nba\/draymond-green-de-retour-a-lentrainement-2\/#breadcrumb","itemListElement":[{"@type":"ListItem","position":1,"name":"Accueil","item":"https:\/\/theplayoffs.news\/fr\/"},{"@type":"ListItem","position":2,"name":"Draymond Green de retour \u00e0 l&rsquo;entra\u00eenement"}]},{"@type":"WebSite","@id":"https:\/\/theplayoffs.news\/fr\/#website","url":"https:\/\/theplayoffs.news\/fr\/","name":"The Playoffs FR","description":"NBA-NFL-NHL-MLB","potentialAction":[{"@type":"SearchAction","target":{"@type":"EntryPoint","urlTemplate":"https:\/\/theplayoffs.news\/fr\/?s={search_term_string}"},"query-input":{"@type":"PropertyValueSpecification","valueRequired":true,"valueName":"search_term_string"}}],"inLanguage":"fr-FR"},{"@type":"Person","@id":"https:\/\/theplayoffs.news\/fr\/#\/schema\/person\/b6b04a451dab03a5ab75cec8912e8942","name":"Arthur Berlemont","image":{"@type":"ImageObject","inLanguage":"fr-FR","@id":"https:\/\/theplayoffs.news\/fr\/#\/schema\/person\/image\/","url":"https:\/\/secure.gravatar.com\/avatar\/19ddab1d62ab0a19b186b86cee130432b120dd6f085625a6a6757dd1aa90a5f3?s=96&d=mm&r=g","contentUrl":"https:\/\/secure.gravatar.com\/avatar\/19ddab1d62ab0a19b186b86cee130432b120dd6f085625a6a6757dd1aa90a5f3?s=96&d=mm&r=g","caption":"Arthur Berlemont"},"description":"Etudiant passionn\u00e9 de sport, avant tout m\u00e9caniques, j\\'ai d\u00e9couvert les sports US il y a quelques ann\u00e9es. J\\'ai tout de suite accroch\u00e9 pour la ville de Cincinnati et ses franchises de NFL et MLB. Aujourd\\'hui, je suis l\u00e0 par passion dans la r\u00e9daction d\\'articles sur divers sports que j\\'affectionne.","url":"https:\/\/theplayoffs.news\/fr\/author\/arthur-berlemontgmail-com\/"}]}},"_links":{"self":[{"href":"https:\/\/theplayoffs.news\/fr\/wp-json\/wp\/v2\/posts\/1013693","targetHints":{"allow":["GET"]}}],"collection":[{"href":"https:\/\/theplayoffs.news\/fr\/wp-json\/wp\/v2\/posts"}],"about":[{"href":"https:\/\/theplayoffs.news\/fr\/wp-json\/wp\/v2\/types\/post"}],"author":[{"embeddable":true,"href":"https:\/\/theplayoffs.news\/fr\/wp-json\/wp\/v2\/users\/180310178"}],"replies":[{"embeddable":true,"href":"https:\/\/theplayoffs.news\/fr\/wp-json\/wp\/v2\/comments?post=1013693"}],"version-history":[{"count":3,"href":"https:\/\/theplayoffs.news\/fr\/wp-json\/wp\/v2\/posts\/1013693\/revisions"}],"predecessor-version":[{"id":1013701,"href":"https:\/\/theplayoffs.news\/fr\/wp-json\/wp\/v2\/posts\/1013693\/revisions\/1013701"}],"wp:featuredmedia":[{"embeddable":true,"href":"https:\/\/theplayoffs.news\/fr\/wp-json\/wp\/v2\/media\/1013694"}],"wp:attachment":[{"href":"https:\/\/theplayoffs.news\/fr\/wp-json\/wp\/v2\/media?parent=1013693"}],"wp:term":[{"taxonomy":"category","embeddable":true,"href":"https:\/\/theplayoffs.news\/fr\/wp-json\/wp\/v2\/categories?post=1013693"},{"taxonomy":"post_tag","embeddable":true,"href":"https:\/\/theplayoffs.news\/fr\/wp-json\/wp\/v2\/tags?post=1013693"},{"taxonomy":"sport","embeddable":true,"href":"https:\/\/theplayoffs.news\/fr\/wp-json\/wp\/v2\/sport?post=1013693"},{"taxonomy":"saison","embeddable":true,"href":"https:\/\/theplayoffs.news\/fr\/wp-json\/wp\/v2\/saison?post=1013693"}],"curies":[{"name":"wp","href":"https:\/\/api.w.org\/{rel}","templated":true}]}}