{"id":1004853,"date":"2023-10-20T15:33:04","date_gmt":"2023-10-20T13:33:04","guid":{"rendered":"https:\/\/theplayoffs.news\/fr\/?p=1004853"},"modified":"2023-10-20T15:33:05","modified_gmt":"2023-10-20T13:33:05","slug":"andre-iguodala-retraite","status":"publish","type":"post","link":"https:\/\/theplayoffs.news\/fr\/actualite-nba\/andre-iguodala-retraite\/","title":{"rendered":"Andre Iguodala prend sa retraite apr\u00e8s 19 saisons en NBA"},"content":{"rendered":"<h2>Apr&egrave;s avoir laiss&eacute; une marque ind&eacute;l&eacute;bile sur la NBA pendant pr&egrave;s de vingt ans, Andre Iguodala a annonc&eacute; sa retraite, marquant la fin d&rsquo;un parcours illustre de 19 saisons.<\/h2><p>Avec quatre titres NBA &agrave; son actif, l&rsquo;impact d&rsquo;Iguodala sur le jeu est indiscutable.<\/p><p>Rep&ecirc;ch&eacute; par les Philadelphia 76ers en 2004 en tant que neuvi&egrave;me choix, Iguodala a pos&eacute; les bases de son h&eacute;ritage dans la ville de l&rsquo;amour fraternel. Au cours des huit ann&eacute;es qu&rsquo;il a pass&eacute;es avec les Sixers, il a affich&eacute; des moyennes remarquables, avec un pic lors de la saison 2011-2012, au cours de laquelle il a &eacute;t&eacute; s&eacute;lectionn&eacute; pour le All-Star Game.<\/p><p>Son parcours a pris un tournant important en ao&ucirc;t 2012, lorsqu&rsquo;il a &eacute;t&eacute; transf&eacute;r&eacute; aux Denver Nuggets, un tremplin avant de jouer un r&ocirc;le d&eacute;terminant dans la dynastie des Golden State Warriors. Les Finales 2015 de la NBA ont mis en lumi&egrave;re les prouesses d&rsquo;Iguodala, o&ugrave; sa remarquable moyenne de 16,3 points, 5,8 rebonds et 4,0 passes, associ&eacute;e &agrave; sa d&eacute;fense impeccable face &agrave; LeBron James, lui ont valu le titre de MVP des Finales. Les ann&eacute;es suivantes, <a href=\"https:\/\/theplayoffs.news\/fr\/joueur\/andre-iguodala-nba-4772\/\" class=\"trk-cta-link\" data-cta-trk='{\"ctaType\":\"Link\",\"ctaSubType\":\"main\"}'><strong>Andre Iguodala<\/strong><\/a> a remport&eacute; trois autres bagues avec les Warriors, affirmant ainsi son statut de l&eacute;gende de la NBA.<\/p><p>Malgr&eacute; les blessures qui ont limit&eacute; sa pr&eacute;sence sur le terrain lors de sa derni&egrave;re saison et les rumeurs d&rsquo;un retour potentiel, l&rsquo;engagement d&rsquo;Iguodala pour un nouveau chapitre de sa vie &eacute;tait &eacute;vident lorsque le directeur g&eacute;n&eacute;ral des Warriors, Mike Dunleavy Jr, a comment&eacute; sa probable retraite.<\/p><p>Iguodala a particip&eacute; &agrave; un total de 1 231 matches de saison r&eacute;guli&egrave;re en carri&egrave;re. Il affiche une moyenne de 11,3 points, 4,9 rebonds et 4,2 passes d&eacute;cisives par match et se classe 10e dans l&rsquo;histoire de la franchise des Sixers avec 9 422 points.<\/p><h3>Transition vers le monde des affaires<\/h3><p>Au-del&agrave; du terrain, Andre Iguodala a manifest&eacute; un vif int&eacute;r&ecirc;t pour le monde de l&rsquo;investissement. Sa retraite ne marque pas une fin, mais un changement d&rsquo;ar&egrave;ne. La r&eacute;v&eacute;lation d&rsquo;Andre Iguodala au <a href=\"https:\/\/www.nytimes.com\/2023\/10\/20\/business\/dealbook\/middle-east-israel-economy.html?smid=tw-dealbook&amp;smtyp=cur\" class=\"trk-cta-link\" data-cta-trk='{\"ctaType\":\"Link\",\"ctaSubType\":\"main\"}'>New York Times<\/a> souligne son ambition de se plonger dans l&rsquo;&eacute;cosyst&egrave;me des start-ups.<\/p><p>Avec son partenaire commercial de longue date Rudy Cline-Thomas, il a lanc&eacute; Mosaic, un fonds de capital-risque dot&eacute; d&rsquo;une enveloppe impressionnante de 200 millions de dollars. Cette initiative consolide sa position, non seulement en tant qu&rsquo;ic&ocirc;ne du sport, mais aussi en tant qu&rsquo;acteur important du monde des affaires.<\/p><p>&nbsp;<\/p><p>Credit: Darren Yamashita-USA TODAY Sports<\/p>\n","protected":false},"excerpt":{"rendered":"","protected":false},"author":13,"featured_media":1004875,"comment_status":"open","ping_status":"closed","sticky":false,"template":"","format":"standard","meta":{"inline_featured_image":false,"kia_subtitle":"","_mux_skip_reasons":[],"proofreadBy":0,"footnotes":""},"categories":[110,10],"tags":[1446],"sport":[],"saison":[],"class_list":["post-1004853","post","type-post","status-publish","format-standard","has-post-thumbnail","hentry","category-actualite-nba","category-nba","tag-andre-iguodala"],"acf":[],"yoast_head":"<!-- This site is optimized with the Yoast SEO plugin v24.2 - https:\/\/yoast.com\/wordpress\/plugins\/seo\/ -->\n<title>Andre Iguodala prend sa retraite apr&egrave;s 19 saisons en NBA - The Playoffs FR<\/title>\n<meta name=\"robots\" content=\"index, follow, max-snippet:-1, max-image-preview:large, max-video-preview:-1\" \/>\n<link rel=\"canonical\" href=\"https:\/\/theplayoffs.news\/fr\/actualite-nba\/andre-iguodala-retraite\/\" \/>\n<meta property=\"og:locale\" content=\"fr_FR\" \/>\n<meta property=\"og:type\" content=\"article\" \/>\n<meta property=\"og:title\" content=\"Andre Iguodala prend sa retraite apr&egrave;s 19 saisons en NBA - The Playoffs FR\" \/>\n<meta property=\"og:url\" content=\"https:\/\/theplayoffs.news\/fr\/actualite-nba\/andre-iguodala-retraite\/\" \/>\n<meta property=\"og:site_name\" content=\"The Playoffs FR\" \/>\n<meta property=\"article:publisher\" content=\"https:\/\/www.facebook.com\/TheFreeAgentFR\/\" \/>\n<meta property=\"article:modified_time\" content=\"2023-10-20T15:33:05+02:00\" \/>\n<meta property=\"og:image\" content=\"https:\/\/theplayoffs.news\/fr\/wp-content\/uploads\/2023\/10\/USATSI_19718362.jpg\" \/>\n\t<meta property=\"og:image:width\" content=\"1920\" \/>\n\t<meta property=\"og:image:height\" content=\"1280\" \/>\n\t<meta property=\"og:image:type\" content=\"image\/jpeg\" \/>\n<meta name=\"author\" content=\"Charles Taudin\" \/>\n<meta name=\"twitter:card\" content=\"summary_large_image\" \/>\n<meta name=\"twitter:creator\" content=\"@TheFreeAgentFR\" \/>\n<meta name=\"twitter:site\" content=\"@TheFreeAgentFR\" \/>\n<meta name=\"twitter:label1\" content=\"\u00c9crit par\" \/>\n\t<meta name=\"twitter:data1\" content=\"Charles Taudin\" \/>\n\t<meta name=\"twitter:label2\" content=\"Dur\u00e9e de lecture estim\u00e9e\" \/>\n\t<meta name=\"twitter:data2\" content=\"2 minutes\" \/>\n<script type=\"application\/ld+json\" class=\"yoast-schema-graph\">{\"@context\":\"https:\/\/schema.org\",\"@graph\":[{\"@type\":\"WebPage\",\"@id\":\"https:\/\/theplayoffs.news\/fr\/actualite-nba\/andre-iguodala-retraite\/\",\"url\":\"https:\/\/theplayoffs.news\/fr\/actualite-nba\/andre-iguodala-retraite\/\",\"name\":\"Andre Iguodala prend sa retraite apr\u00e8s 19 saisons en NBA - The Playoffs FR\",\"isPartOf\":{\"@id\":\"https:\/\/theplayoffs.news\/fr\/#website\"},\"primaryImageOfPage\":{\"@id\":\"https:\/\/theplayoffs.news\/fr\/actualite-nba\/andre-iguodala-retraite\/#primaryimage\"},\"image\":{\"@id\":\"https:\/\/theplayoffs.news\/fr\/actualite-nba\/andre-iguodala-retraite\/#primaryimage\"},\"thumbnailUrl\":\"https:\/\/theplayoffs.news\/fr\/wp-content\/uploads\/2023\/10\/USATSI_19718362.jpg\",\"datePublished\":\"2023-10-20T13:33:04+00:00\",\"dateModified\":\"2023-10-20T13:33:05+00:00\",\"author\":{\"@id\":\"https:\/\/theplayoffs.news\/fr\/#\/schema\/person\/eee5b69ad5d3c51cabe881c839dbe133\"},\"breadcrumb\":{\"@id\":\"https:\/\/theplayoffs.news\/fr\/actualite-nba\/andre-iguodala-retraite\/#breadcrumb\"},\"inLanguage\":\"fr-FR\",\"potentialAction\":[{\"@type\":\"ReadAction\",\"target\":[\"https:\/\/theplayoffs.news\/fr\/actualite-nba\/andre-iguodala-retraite\/\"]}]},{\"@type\":\"ImageObject\",\"inLanguage\":\"fr-FR\",\"@id\":\"https:\/\/theplayoffs.news\/fr\/actualite-nba\/andre-iguodala-retraite\/#primaryimage\",\"url\":\"https:\/\/theplayoffs.news\/fr\/wp-content\/uploads\/2023\/10\/USATSI_19718362.jpg\",\"contentUrl\":\"https:\/\/theplayoffs.news\/fr\/wp-content\/uploads\/2023\/10\/USATSI_19718362.jpg\",\"width\":1920,\"height\":1280,\"caption\":\"Dec 25, 2022; San Francisco, California, USA; Golden State Warriors forward Andre Iguodala (9) warms up before the game against the Memphis Grizzlies at Chase Center. Mandatory Credit: Darren Yamashita-USA TODAY Sports\"},{\"@type\":\"BreadcrumbList\",\"@id\":\"https:\/\/theplayoffs.news\/fr\/actualite-nba\/andre-iguodala-retraite\/#breadcrumb\",\"itemListElement\":[{\"@type\":\"ListItem\",\"position\":1,\"name\":\"Accueil\",\"item\":\"https:\/\/theplayoffs.news\/fr\/\"},{\"@type\":\"ListItem\",\"position\":2,\"name\":\"Andre Iguodala prend sa retraite apr\u00e8s 19 saisons en NBA\"}]},{\"@type\":\"WebSite\",\"@id\":\"https:\/\/theplayoffs.news\/fr\/#website\",\"url\":\"https:\/\/theplayoffs.news\/fr\/\",\"name\":\"The Playoffs FR\",\"description\":\"NBA-NFL-NHL-MLB\",\"potentialAction\":[{\"@type\":\"SearchAction\",\"target\":{\"@type\":\"EntryPoint\",\"urlTemplate\":\"https:\/\/theplayoffs.news\/fr\/?s={search_term_string}\"},\"query-input\":{\"@type\":\"PropertyValueSpecification\",\"valueRequired\":true,\"valueName\":\"search_term_string\"}}],\"inLanguage\":\"fr-FR\"},{\"@type\":\"Person\",\"@id\":\"https:\/\/theplayoffs.news\/fr\/#\/schema\/person\/eee5b69ad5d3c51cabe881c839dbe133\",\"name\":\"Charles Taudin\",\"image\":{\"@type\":\"ImageObject\",\"inLanguage\":\"fr-FR\",\"@id\":\"https:\/\/theplayoffs.news\/fr\/#\/schema\/person\/image\/\",\"url\":\"https:\/\/secure.gravatar.com\/avatar\/59a1e772205ce9fd255edfcafc93013736822e20261f294c5753b20c41ede9f2?s=96&d=mm&r=g\",\"contentUrl\":\"https:\/\/secure.gravatar.com\/avatar\/59a1e772205ce9fd255edfcafc93013736822e20261f294c5753b20c41ede9f2?s=96&d=mm&r=g\",\"caption\":\"Charles Taudin\"},\"description\":\"R\u00e9dacteur en chef global de The Playoffs, j\u2019ai cr\u00e9\u00e9 The Free Agent, devenu The Playoffs FR, en 2020 durant la pand\u00e9mie. Amoureux depuis des ann\u00e9es des 4 sports majeurs am\u00e9ricains, j\u2019organise maintenant la strat\u00e9gie \u00e9ditoriale et les r\u00e9seaux sociaux de l\u2019ensemble des versions de The Playoffs. Il m\u2019arrive encore d\u2019\u00e9crire sur certains sports que j\u2019affectionne particuli\u00e8rement comme la NFL ou la MLB. Si vous devez retenir qu\u2019une chose : Eli Manning est le vrai GOAT pour avoir battu deux fois Tom Brady.\",\"sameAs\":[\"https:\/\/www.instagram.com\/ctaudin_\/\"],\"url\":\"https:\/\/theplayoffs.news\/fr\/author\/charles-taudin\/\"}]}<\/script>\n<!-- \/ Yoast SEO plugin. -->","yoast_head_json":{"title":"Andre Iguodala prend sa retraite apr&egrave;s 19 saisons en NBA - The Playoffs FR","robots":{"index":"index","follow":"follow","max-snippet":"max-snippet:-1","max-image-preview":"max-image-preview:large","max-video-preview":"max-video-preview:-1"},"canonical":"https:\/\/theplayoffs.news\/fr\/actualite-nba\/andre-iguodala-retraite\/","og_locale":"fr_FR","og_type":"article","og_title":"Andre Iguodala prend sa retraite apr&egrave;s 19 saisons en NBA - The Playoffs FR","og_url":"https:\/\/theplayoffs.news\/fr\/actualite-nba\/andre-iguodala-retraite\/","og_site_name":"The Playoffs FR","article_publisher":"https:\/\/www.facebook.com\/TheFreeAgentFR\/","article_modified_time":"2023-10-20T13:33:05+00:00","og_image":[{"width":1920,"height":1280,"url":"https:\/\/theplayoffs.news\/fr\/wp-content\/uploads\/2023\/10\/USATSI_19718362.jpg","type":"image\/jpeg"}],"author":"Charles Taudin","twitter_card":"summary_large_image","twitter_creator":"@TheFreeAgentFR","twitter_site":"@TheFreeAgentFR","twitter_misc":{"\u00c9crit par":"Charles Taudin","Dur\u00e9e de lecture estim\u00e9e":"2 minutes"},"schema":{"@context":"https:\/\/schema.org","@graph":[{"@type":"WebPage","@id":"https:\/\/theplayoffs.news\/fr\/actualite-nba\/andre-iguodala-retraite\/","url":"https:\/\/theplayoffs.news\/fr\/actualite-nba\/andre-iguodala-retraite\/","name":"Andre Iguodala prend sa retraite apr\u00e8s 19 saisons en NBA - The Playoffs FR","isPartOf":{"@id":"https:\/\/theplayoffs.news\/fr\/#website"},"primaryImageOfPage":{"@id":"https:\/\/theplayoffs.news\/fr\/actualite-nba\/andre-iguodala-retraite\/#primaryimage"},"image":{"@id":"https:\/\/theplayoffs.news\/fr\/actualite-nba\/andre-iguodala-retraite\/#primaryimage"},"thumbnailUrl":"https:\/\/theplayoffs.news\/fr\/wp-content\/uploads\/2023\/10\/USATSI_19718362.jpg","datePublished":"2023-10-20T13:33:04+00:00","dateModified":"2023-10-20T13:33:05+00:00","author":{"@id":"https:\/\/theplayoffs.news\/fr\/#\/schema\/person\/eee5b69ad5d3c51cabe881c839dbe133"},"breadcrumb":{"@id":"https:\/\/theplayoffs.news\/fr\/actualite-nba\/andre-iguodala-retraite\/#breadcrumb"},"inLanguage":"fr-FR","potentialAction":[{"@type":"ReadAction","target":["https:\/\/theplayoffs.news\/fr\/actualite-nba\/andre-iguodala-retraite\/"]}]},{"@type":"ImageObject","inLanguage":"fr-FR","@id":"https:\/\/theplayoffs.news\/fr\/actualite-nba\/andre-iguodala-retraite\/#primaryimage","url":"https:\/\/theplayoffs.news\/fr\/wp-content\/uploads\/2023\/10\/USATSI_19718362.jpg","contentUrl":"https:\/\/theplayoffs.news\/fr\/wp-content\/uploads\/2023\/10\/USATSI_19718362.jpg","width":1920,"height":1280,"caption":"Dec 25, 2022; San Francisco, California, USA; Golden State Warriors forward Andre Iguodala (9) warms up before the game against the Memphis Grizzlies at Chase Center. Mandatory Credit: Darren Yamashita-USA TODAY Sports"},{"@type":"BreadcrumbList","@id":"https:\/\/theplayoffs.news\/fr\/actualite-nba\/andre-iguodala-retraite\/#breadcrumb","itemListElement":[{"@type":"ListItem","position":1,"name":"Accueil","item":"https:\/\/theplayoffs.news\/fr\/"},{"@type":"ListItem","position":2,"name":"Andre Iguodala prend sa retraite apr\u00e8s 19 saisons en NBA"}]},{"@type":"WebSite","@id":"https:\/\/theplayoffs.news\/fr\/#website","url":"https:\/\/theplayoffs.news\/fr\/","name":"The Playoffs FR","description":"NBA-NFL-NHL-MLB","potentialAction":[{"@type":"SearchAction","target":{"@type":"EntryPoint","urlTemplate":"https:\/\/theplayoffs.news\/fr\/?s={search_term_string}"},"query-input":{"@type":"PropertyValueSpecification","valueRequired":true,"valueName":"search_term_string"}}],"inLanguage":"fr-FR"},{"@type":"Person","@id":"https:\/\/theplayoffs.news\/fr\/#\/schema\/person\/eee5b69ad5d3c51cabe881c839dbe133","name":"Charles Taudin","image":{"@type":"ImageObject","inLanguage":"fr-FR","@id":"https:\/\/theplayoffs.news\/fr\/#\/schema\/person\/image\/","url":"https:\/\/secure.gravatar.com\/avatar\/59a1e772205ce9fd255edfcafc93013736822e20261f294c5753b20c41ede9f2?s=96&d=mm&r=g","contentUrl":"https:\/\/secure.gravatar.com\/avatar\/59a1e772205ce9fd255edfcafc93013736822e20261f294c5753b20c41ede9f2?s=96&d=mm&r=g","caption":"Charles Taudin"},"description":"R\u00e9dacteur en chef global de The Playoffs, j\u2019ai cr\u00e9\u00e9 The Free Agent, devenu The Playoffs FR, en 2020 durant la pand\u00e9mie. Amoureux depuis des ann\u00e9es des 4 sports majeurs am\u00e9ricains, j\u2019organise maintenant la strat\u00e9gie \u00e9ditoriale et les r\u00e9seaux sociaux de l\u2019ensemble des versions de The Playoffs. Il m\u2019arrive encore d\u2019\u00e9crire sur certains sports que j\u2019affectionne particuli\u00e8rement comme la NFL ou la MLB. Si vous devez retenir qu\u2019une chose : Eli Manning est le vrai GOAT pour avoir battu deux fois Tom Brady.","sameAs":["https:\/\/www.instagram.com\/ctaudin_\/"],"url":"https:\/\/theplayoffs.news\/fr\/author\/charles-taudin\/"}]}},"_links":{"self":[{"href":"https:\/\/theplayoffs.news\/fr\/wp-json\/wp\/v2\/posts\/1004853","targetHints":{"allow":["GET"]}}],"collection":[{"href":"https:\/\/theplayoffs.news\/fr\/wp-json\/wp\/v2\/posts"}],"about":[{"href":"https:\/\/theplayoffs.news\/fr\/wp-json\/wp\/v2\/types\/post"}],"author":[{"embeddable":true,"href":"https:\/\/theplayoffs.news\/fr\/wp-json\/wp\/v2\/users\/13"}],"replies":[{"embeddable":true,"href":"https:\/\/theplayoffs.news\/fr\/wp-json\/wp\/v2\/comments?post=1004853"}],"version-history":[{"count":3,"href":"https:\/\/theplayoffs.news\/fr\/wp-json\/wp\/v2\/posts\/1004853\/revisions"}],"predecessor-version":[{"id":1004895,"href":"https:\/\/theplayoffs.news\/fr\/wp-json\/wp\/v2\/posts\/1004853\/revisions\/1004895"}],"wp:featuredmedia":[{"embeddable":true,"href":"https:\/\/theplayoffs.news\/fr\/wp-json\/wp\/v2\/media\/1004875"}],"wp:attachment":[{"href":"https:\/\/theplayoffs.news\/fr\/wp-json\/wp\/v2\/media?parent=1004853"}],"wp:term":[{"taxonomy":"category","embeddable":true,"href":"https:\/\/theplayoffs.news\/fr\/wp-json\/wp\/v2\/categories?post=1004853"},{"taxonomy":"post_tag","embeddable":true,"href":"https:\/\/theplayoffs.news\/fr\/wp-json\/wp\/v2\/tags?post=1004853"},{"taxonomy":"sport","embeddable":true,"href":"https:\/\/theplayoffs.news\/fr\/wp-json\/wp\/v2\/sport?post=1004853"},{"taxonomy":"saison","embeddable":true,"href":"https:\/\/theplayoffs.news\/fr\/wp-json\/wp\/v2\/saison?post=1004853"}],"curies":[{"name":"wp","href":"https:\/\/api.w.org\/{rel}","templated":true}]}}