{"id":1004003,"date":"2023-10-20T12:09:21","date_gmt":"2023-10-20T10:09:21","guid":{"rendered":"https:\/\/theplayoffs.news\/fr\/?p=1004003"},"modified":"2023-10-20T12:09:22","modified_gmt":"2023-10-20T10:09:22","slug":"james-harden-a-nouveau-absent-entrainement-76ers","status":"publish","type":"post","link":"https:\/\/theplayoffs.news\/fr\/actualite-nba\/james-harden-a-nouveau-absent-entrainement-76ers\/","title":{"rendered":"James Harden \u00e0 nouveau absent de l&rsquo;entra\u00eenement des 76ers"},"content":{"rendered":"<h2>L&rsquo;absence de James Harden lors de deux s&eacute;ances d&rsquo;entra&icirc;nement cons&eacute;cutives continue d&rsquo;alimenter la saga de son d&eacute;part.<\/h2><p>Alors que la position officielle de l&rsquo;&eacute;quipe attribue son absence &agrave; des raisons personnelles, les initi&eacute;s sugg&egrave;rent un malaise plus profond.<\/p><p>La semaine derni&egrave;re, <a href=\"https:\/\/theplayoffs.news\/fr\/joueur\/james-harden-philadelphia-76ers-nba\/\" class=\"trk-cta-link\" data-cta-trk='{\"ctaType\":\"Link\",\"ctaSubType\":\"main\"}'><strong>James Harden<\/strong><\/a> a fait part avec franchise de la d&eacute;t&eacute;rioration de sa relation avec le pr&eacute;sident de l&rsquo;&eacute;quipe, Daryl Morey. Comparant leurs diff&eacute;rends &agrave; un &laquo;&nbsp;mariage bris&eacute;&nbsp;&raquo;, il &eacute;tait &eacute;vident que le lien qui semblait autrefois solide comme un roc ne tenait plus qu&rsquo;&agrave; un fil.<\/p><p>L&rsquo;affirmation audacieuse d&rsquo;Harden cet &eacute;t&eacute;, selon laquelle il ne se voyait plus jouer pour les 76ers, n&rsquo;a fait qu&rsquo;alimenter ces sp&eacute;culations.<\/p><p>Toutefois, l&rsquo;origine de cette relation tumultueuse pourrait &ecirc;tre attribu&eacute;e &agrave; un point de d&eacute;saccord entre les deux parties : un contrat &agrave; long terme. La d&eacute;cision des Sixers de ne pas proposer de contrat &agrave; long terme &agrave; Harden apr&egrave;s une saison remarquable a &eacute;t&eacute; per&ccedil;ue par beaucoup comme un d&eacute;saveux, ce qui a peut-&ecirc;tre conduit &agrave; la demande d&rsquo;&eacute;change du joueur.<\/p><h3>Quelle est la prochaine &eacute;tape pour James Harden?<\/h3><p>Malgr&eacute; les tensions qui r&egrave;gnent, l&rsquo;avenir de James Harden reste ambigu. Bien qu&rsquo;il ait exprim&eacute; le souhait de jouer lors du dernier match de la pr&eacute;-saison des Sixers contre Atlanta, l&rsquo;entra&icirc;neur Nick Nurse, qui en est &agrave; sa premi&egrave;re saison avec l&rsquo;&eacute;quipe, a jug&eacute; cette &eacute;ventualit&eacute; &laquo;&nbsp;improbable&nbsp;&raquo;.<\/p><p>Les commentaires de Nurse soulignent une philosophie plus large : se concentrer sur le pr&eacute;sent et travailler avec les joueurs disponibles. Alors que la position de Harden au sein de l&rsquo;&eacute;quipe semble changer chaque jour, le noyau dur de l&rsquo;&eacute;quipe reste imperturbable. <a href=\"https:\/\/www.espn.com\/nba\/story\/_\/id\/38696849\/james-harden-skips-76ers-practice-second-day-row\" class=\"trk-cta-link\" data-cta-trk='{\"ctaType\":\"Link\",\"ctaSubType\":\"main\"}'>Comme le dit si bien Nurse<\/a>,<\/p><blockquote><p>&laquo;&nbsp;si &ccedil;a change, on s&rsquo;adaptera, c&rsquo;est ce qu&rsquo;on fait&nbsp;&raquo;. C&rsquo;est ce que nous faisons&nbsp;&raquo;.<\/p><\/blockquote><p>Son absence ou sa pr&eacute;sence au sein de l&rsquo;effectif et sur le terrain va fa&ccedil;onner la saison des 76ers. Avec, ils sont un pr&eacute;tendant au titre. Sans, l&rsquo;effet boule de neige peut-&ecirc;tre tr&egrave;s important, en particulier avec l&rsquo;avenir de Joel Embiid.<\/p><p>&nbsp;<\/p><p>&nbsp;<\/p><p>Credit: Eric Hartline-USA TODAY Sports<\/p>\n","protected":false},"excerpt":{"rendered":"","protected":false},"author":13,"featured_media":1004085,"comment_status":"open","ping_status":"closed","sticky":false,"template":"","format":"standard","meta":{"inline_featured_image":false,"kia_subtitle":"","_mux_skip_reasons":[],"proofreadBy":0,"footnotes":""},"categories":[110,10],"tags":[140],"sport":[],"saison":[],"class_list":["post-1004003","post","type-post","status-publish","format-standard","has-post-thumbnail","hentry","category-actualite-nba","category-nba","tag-james-harden"],"acf":[],"yoast_head":"<!-- This site is optimized with the Yoast SEO plugin v24.2 - https:\/\/yoast.com\/wordpress\/plugins\/seo\/ -->\n<title>James Harden &agrave; nouveau absent de l&#039;entra&icirc;nement des 76ers - The Playoffs FR<\/title>\n<meta name=\"robots\" content=\"index, follow, max-snippet:-1, max-image-preview:large, max-video-preview:-1\" \/>\n<link rel=\"canonical\" href=\"https:\/\/theplayoffs.news\/fr\/actualite-nba\/james-harden-a-nouveau-absent-entrainement-76ers\/\" \/>\n<meta property=\"og:locale\" content=\"fr_FR\" \/>\n<meta property=\"og:type\" content=\"article\" \/>\n<meta property=\"og:title\" content=\"James Harden &agrave; nouveau absent de l&#039;entra&icirc;nement des 76ers - The Playoffs FR\" \/>\n<meta property=\"og:url\" content=\"https:\/\/theplayoffs.news\/fr\/actualite-nba\/james-harden-a-nouveau-absent-entrainement-76ers\/\" \/>\n<meta property=\"og:site_name\" content=\"The Playoffs FR\" \/>\n<meta property=\"article:publisher\" content=\"https:\/\/www.facebook.com\/TheFreeAgentFR\/\" \/>\n<meta property=\"article:modified_time\" content=\"2023-10-20T12:09:22+02:00\" \/>\n<meta property=\"og:image\" content=\"https:\/\/theplayoffs.news\/fr\/wp-content\/uploads\/2023\/10\/USATSI_20625266.jpg\" \/>\n\t<meta property=\"og:image:width\" content=\"1920\" \/>\n\t<meta property=\"og:image:height\" content=\"1280\" \/>\n\t<meta property=\"og:image:type\" content=\"image\/jpeg\" \/>\n<meta name=\"author\" content=\"Charles Taudin\" \/>\n<meta name=\"twitter:card\" content=\"summary_large_image\" \/>\n<meta name=\"twitter:creator\" content=\"@TheFreeAgentFR\" \/>\n<meta name=\"twitter:site\" content=\"@TheFreeAgentFR\" \/>\n<meta name=\"twitter:label1\" content=\"\u00c9crit par\" \/>\n\t<meta name=\"twitter:data1\" content=\"Charles Taudin\" \/>\n\t<meta name=\"twitter:label2\" content=\"Dur\u00e9e de lecture estim\u00e9e\" \/>\n\t<meta name=\"twitter:data2\" content=\"2 minutes\" \/>\n<script type=\"application\/ld+json\" class=\"yoast-schema-graph\">{\"@context\":\"https:\/\/schema.org\",\"@graph\":[{\"@type\":\"WebPage\",\"@id\":\"https:\/\/theplayoffs.news\/fr\/actualite-nba\/james-harden-a-nouveau-absent-entrainement-76ers\/\",\"url\":\"https:\/\/theplayoffs.news\/fr\/actualite-nba\/james-harden-a-nouveau-absent-entrainement-76ers\/\",\"name\":\"James Harden \u00e0 nouveau absent de l\\\\'entra\u00eenement des 76ers - The Playoffs FR\",\"isPartOf\":{\"@id\":\"https:\/\/theplayoffs.news\/fr\/#website\"},\"primaryImageOfPage\":{\"@id\":\"https:\/\/theplayoffs.news\/fr\/actualite-nba\/james-harden-a-nouveau-absent-entrainement-76ers\/#primaryimage\"},\"image\":{\"@id\":\"https:\/\/theplayoffs.news\/fr\/actualite-nba\/james-harden-a-nouveau-absent-entrainement-76ers\/#primaryimage\"},\"thumbnailUrl\":\"https:\/\/theplayoffs.news\/fr\/wp-content\/uploads\/2023\/10\/USATSI_20625266.jpg\",\"datePublished\":\"2023-10-20T10:09:21+00:00\",\"dateModified\":\"2023-10-20T10:09:22+00:00\",\"author\":{\"@id\":\"https:\/\/theplayoffs.news\/fr\/#\/schema\/person\/eee5b69ad5d3c51cabe881c839dbe133\"},\"breadcrumb\":{\"@id\":\"https:\/\/theplayoffs.news\/fr\/actualite-nba\/james-harden-a-nouveau-absent-entrainement-76ers\/#breadcrumb\"},\"inLanguage\":\"fr-FR\",\"potentialAction\":[{\"@type\":\"ReadAction\",\"target\":[\"https:\/\/theplayoffs.news\/fr\/actualite-nba\/james-harden-a-nouveau-absent-entrainement-76ers\/\"]}]},{\"@type\":\"ImageObject\",\"inLanguage\":\"fr-FR\",\"@id\":\"https:\/\/theplayoffs.news\/fr\/actualite-nba\/james-harden-a-nouveau-absent-entrainement-76ers\/#primaryimage\",\"url\":\"https:\/\/theplayoffs.news\/fr\/wp-content\/uploads\/2023\/10\/USATSI_20625266.jpg\",\"contentUrl\":\"https:\/\/theplayoffs.news\/fr\/wp-content\/uploads\/2023\/10\/USATSI_20625266.jpg\",\"width\":1920,\"height\":1280,\"caption\":\"May 7, 2023; Philadelphia, Pennsylvania, USA; Philadelphia 76ers guard James Harden (1) against the Boston Celtics during game four of the 2023 NBA playoffs at Wells Fargo Center. Mandatory Credit: Eric Hartline-USA TODAY Sports\"},{\"@type\":\"BreadcrumbList\",\"@id\":\"https:\/\/theplayoffs.news\/fr\/actualite-nba\/james-harden-a-nouveau-absent-entrainement-76ers\/#breadcrumb\",\"itemListElement\":[{\"@type\":\"ListItem\",\"position\":1,\"name\":\"Accueil\",\"item\":\"https:\/\/theplayoffs.news\/fr\/\"},{\"@type\":\"ListItem\",\"position\":2,\"name\":\"James Harden \u00e0 nouveau absent de l&rsquo;entra\u00eenement des 76ers\"}]},{\"@type\":\"WebSite\",\"@id\":\"https:\/\/theplayoffs.news\/fr\/#website\",\"url\":\"https:\/\/theplayoffs.news\/fr\/\",\"name\":\"The Playoffs FR\",\"description\":\"NBA-NFL-NHL-MLB\",\"potentialAction\":[{\"@type\":\"SearchAction\",\"target\":{\"@type\":\"EntryPoint\",\"urlTemplate\":\"https:\/\/theplayoffs.news\/fr\/?s={search_term_string}\"},\"query-input\":{\"@type\":\"PropertyValueSpecification\",\"valueRequired\":true,\"valueName\":\"search_term_string\"}}],\"inLanguage\":\"fr-FR\"},{\"@type\":\"Person\",\"@id\":\"https:\/\/theplayoffs.news\/fr\/#\/schema\/person\/eee5b69ad5d3c51cabe881c839dbe133\",\"name\":\"Charles Taudin\",\"image\":{\"@type\":\"ImageObject\",\"inLanguage\":\"fr-FR\",\"@id\":\"https:\/\/theplayoffs.news\/fr\/#\/schema\/person\/image\/\",\"url\":\"https:\/\/secure.gravatar.com\/avatar\/59a1e772205ce9fd255edfcafc93013736822e20261f294c5753b20c41ede9f2?s=96&d=mm&r=g\",\"contentUrl\":\"https:\/\/secure.gravatar.com\/avatar\/59a1e772205ce9fd255edfcafc93013736822e20261f294c5753b20c41ede9f2?s=96&d=mm&r=g\",\"caption\":\"Charles Taudin\"},\"description\":\"R\u00e9dacteur en chef global de The Playoffs, j\u2019ai cr\u00e9\u00e9 The Free Agent, devenu The Playoffs FR, en 2020 durant la pand\u00e9mie. Amoureux depuis des ann\u00e9es des 4 sports majeurs am\u00e9ricains, j\u2019organise maintenant la strat\u00e9gie \u00e9ditoriale et les r\u00e9seaux sociaux de l\u2019ensemble des versions de The Playoffs. Il m\u2019arrive encore d\u2019\u00e9crire sur certains sports que j\u2019affectionne particuli\u00e8rement comme la NFL ou la MLB. Si vous devez retenir qu\u2019une chose : Eli Manning est le vrai GOAT pour avoir battu deux fois Tom Brady.\",\"sameAs\":[\"https:\/\/www.instagram.com\/ctaudin_\/\"],\"url\":\"https:\/\/theplayoffs.news\/fr\/author\/charles-taudin\/\"}]}<\/script>\n<!-- \/ Yoast SEO plugin. -->","yoast_head_json":{"title":"James Harden &agrave; nouveau absent de l&#039;entra&icirc;nement des 76ers - The Playoffs FR","robots":{"index":"index","follow":"follow","max-snippet":"max-snippet:-1","max-image-preview":"max-image-preview:large","max-video-preview":"max-video-preview:-1"},"canonical":"https:\/\/theplayoffs.news\/fr\/actualite-nba\/james-harden-a-nouveau-absent-entrainement-76ers\/","og_locale":"fr_FR","og_type":"article","og_title":"James Harden &agrave; nouveau absent de l&#039;entra&icirc;nement des 76ers - The Playoffs FR","og_url":"https:\/\/theplayoffs.news\/fr\/actualite-nba\/james-harden-a-nouveau-absent-entrainement-76ers\/","og_site_name":"The Playoffs FR","article_publisher":"https:\/\/www.facebook.com\/TheFreeAgentFR\/","article_modified_time":"2023-10-20T10:09:22+00:00","og_image":[{"width":1920,"height":1280,"url":"https:\/\/theplayoffs.news\/fr\/wp-content\/uploads\/2023\/10\/USATSI_20625266.jpg","type":"image\/jpeg"}],"author":"Charles Taudin","twitter_card":"summary_large_image","twitter_creator":"@TheFreeAgentFR","twitter_site":"@TheFreeAgentFR","twitter_misc":{"\u00c9crit par":"Charles Taudin","Dur\u00e9e de lecture estim\u00e9e":"2 minutes"},"schema":{"@context":"https:\/\/schema.org","@graph":[{"@type":"WebPage","@id":"https:\/\/theplayoffs.news\/fr\/actualite-nba\/james-harden-a-nouveau-absent-entrainement-76ers\/","url":"https:\/\/theplayoffs.news\/fr\/actualite-nba\/james-harden-a-nouveau-absent-entrainement-76ers\/","name":"James Harden \u00e0 nouveau absent de l\\'entra\u00eenement des 76ers - The Playoffs FR","isPartOf":{"@id":"https:\/\/theplayoffs.news\/fr\/#website"},"primaryImageOfPage":{"@id":"https:\/\/theplayoffs.news\/fr\/actualite-nba\/james-harden-a-nouveau-absent-entrainement-76ers\/#primaryimage"},"image":{"@id":"https:\/\/theplayoffs.news\/fr\/actualite-nba\/james-harden-a-nouveau-absent-entrainement-76ers\/#primaryimage"},"thumbnailUrl":"https:\/\/theplayoffs.news\/fr\/wp-content\/uploads\/2023\/10\/USATSI_20625266.jpg","datePublished":"2023-10-20T10:09:21+00:00","dateModified":"2023-10-20T10:09:22+00:00","author":{"@id":"https:\/\/theplayoffs.news\/fr\/#\/schema\/person\/eee5b69ad5d3c51cabe881c839dbe133"},"breadcrumb":{"@id":"https:\/\/theplayoffs.news\/fr\/actualite-nba\/james-harden-a-nouveau-absent-entrainement-76ers\/#breadcrumb"},"inLanguage":"fr-FR","potentialAction":[{"@type":"ReadAction","target":["https:\/\/theplayoffs.news\/fr\/actualite-nba\/james-harden-a-nouveau-absent-entrainement-76ers\/"]}]},{"@type":"ImageObject","inLanguage":"fr-FR","@id":"https:\/\/theplayoffs.news\/fr\/actualite-nba\/james-harden-a-nouveau-absent-entrainement-76ers\/#primaryimage","url":"https:\/\/theplayoffs.news\/fr\/wp-content\/uploads\/2023\/10\/USATSI_20625266.jpg","contentUrl":"https:\/\/theplayoffs.news\/fr\/wp-content\/uploads\/2023\/10\/USATSI_20625266.jpg","width":1920,"height":1280,"caption":"May 7, 2023; Philadelphia, Pennsylvania, USA; Philadelphia 76ers guard James Harden (1) against the Boston Celtics during game four of the 2023 NBA playoffs at Wells Fargo Center. Mandatory Credit: Eric Hartline-USA TODAY Sports"},{"@type":"BreadcrumbList","@id":"https:\/\/theplayoffs.news\/fr\/actualite-nba\/james-harden-a-nouveau-absent-entrainement-76ers\/#breadcrumb","itemListElement":[{"@type":"ListItem","position":1,"name":"Accueil","item":"https:\/\/theplayoffs.news\/fr\/"},{"@type":"ListItem","position":2,"name":"James Harden \u00e0 nouveau absent de l&rsquo;entra\u00eenement des 76ers"}]},{"@type":"WebSite","@id":"https:\/\/theplayoffs.news\/fr\/#website","url":"https:\/\/theplayoffs.news\/fr\/","name":"The Playoffs FR","description":"NBA-NFL-NHL-MLB","potentialAction":[{"@type":"SearchAction","target":{"@type":"EntryPoint","urlTemplate":"https:\/\/theplayoffs.news\/fr\/?s={search_term_string}"},"query-input":{"@type":"PropertyValueSpecification","valueRequired":true,"valueName":"search_term_string"}}],"inLanguage":"fr-FR"},{"@type":"Person","@id":"https:\/\/theplayoffs.news\/fr\/#\/schema\/person\/eee5b69ad5d3c51cabe881c839dbe133","name":"Charles Taudin","image":{"@type":"ImageObject","inLanguage":"fr-FR","@id":"https:\/\/theplayoffs.news\/fr\/#\/schema\/person\/image\/","url":"https:\/\/secure.gravatar.com\/avatar\/59a1e772205ce9fd255edfcafc93013736822e20261f294c5753b20c41ede9f2?s=96&d=mm&r=g","contentUrl":"https:\/\/secure.gravatar.com\/avatar\/59a1e772205ce9fd255edfcafc93013736822e20261f294c5753b20c41ede9f2?s=96&d=mm&r=g","caption":"Charles Taudin"},"description":"R\u00e9dacteur en chef global de The Playoffs, j\u2019ai cr\u00e9\u00e9 The Free Agent, devenu The Playoffs FR, en 2020 durant la pand\u00e9mie. Amoureux depuis des ann\u00e9es des 4 sports majeurs am\u00e9ricains, j\u2019organise maintenant la strat\u00e9gie \u00e9ditoriale et les r\u00e9seaux sociaux de l\u2019ensemble des versions de The Playoffs. Il m\u2019arrive encore d\u2019\u00e9crire sur certains sports que j\u2019affectionne particuli\u00e8rement comme la NFL ou la MLB. Si vous devez retenir qu\u2019une chose : Eli Manning est le vrai GOAT pour avoir battu deux fois Tom Brady.","sameAs":["https:\/\/www.instagram.com\/ctaudin_\/"],"url":"https:\/\/theplayoffs.news\/fr\/author\/charles-taudin\/"}]}},"_links":{"self":[{"href":"https:\/\/theplayoffs.news\/fr\/wp-json\/wp\/v2\/posts\/1004003","targetHints":{"allow":["GET"]}}],"collection":[{"href":"https:\/\/theplayoffs.news\/fr\/wp-json\/wp\/v2\/posts"}],"about":[{"href":"https:\/\/theplayoffs.news\/fr\/wp-json\/wp\/v2\/types\/post"}],"author":[{"embeddable":true,"href":"https:\/\/theplayoffs.news\/fr\/wp-json\/wp\/v2\/users\/13"}],"replies":[{"embeddable":true,"href":"https:\/\/theplayoffs.news\/fr\/wp-json\/wp\/v2\/comments?post=1004003"}],"version-history":[{"count":2,"href":"https:\/\/theplayoffs.news\/fr\/wp-json\/wp\/v2\/posts\/1004003\/revisions"}],"predecessor-version":[{"id":1004105,"href":"https:\/\/theplayoffs.news\/fr\/wp-json\/wp\/v2\/posts\/1004003\/revisions\/1004105"}],"wp:featuredmedia":[{"embeddable":true,"href":"https:\/\/theplayoffs.news\/fr\/wp-json\/wp\/v2\/media\/1004085"}],"wp:attachment":[{"href":"https:\/\/theplayoffs.news\/fr\/wp-json\/wp\/v2\/media?parent=1004003"}],"wp:term":[{"taxonomy":"category","embeddable":true,"href":"https:\/\/theplayoffs.news\/fr\/wp-json\/wp\/v2\/categories?post=1004003"},{"taxonomy":"post_tag","embeddable":true,"href":"https:\/\/theplayoffs.news\/fr\/wp-json\/wp\/v2\/tags?post=1004003"},{"taxonomy":"sport","embeddable":true,"href":"https:\/\/theplayoffs.news\/fr\/wp-json\/wp\/v2\/sport?post=1004003"},{"taxonomy":"saison","embeddable":true,"href":"https:\/\/theplayoffs.news\/fr\/wp-json\/wp\/v2\/saison?post=1004003"}],"curies":[{"name":"wp","href":"https:\/\/api.w.org\/{rel}","templated":true}]}}