{"id":1003170,"date":"2023-10-20T08:30:15","date_gmt":"2023-10-20T06:30:15","guid":{"rendered":"https:\/\/theplayoffs.news\/fr\/?p=1003170"},"modified":"2023-10-20T08:30:16","modified_gmt":"2023-10-20T06:30:16","slug":"patrick-kane-les-sabres-et-les-panthers-sur-le-dossier","status":"publish","type":"post","link":"https:\/\/theplayoffs.news\/fr\/actualite-nhl\/patrick-kane-les-sabres-et-les-panthers-sur-le-dossier\/","title":{"rendered":"Patrick Kane : Les Sabres et les Panthers sur le dossier ?"},"content":{"rendered":"<h2>Patrick Kane est sans doute le plus gros nom encore disponible sur le march&eacute; des agents libres.<\/h2><p>Avec des rumeurs faisant &eacute;tat de l&rsquo;int&eacute;r&ecirc;t d&rsquo;&eacute;quipes telles que les Sabres de Buffalo et les Panthers de Floride rapport&eacute;es par <span id=\"articleByLineString\" class=\"sc-aa8f1740-2 hkDSya\">Chris Johnston de <a href=\"https:\/\/theathletic.com\/4978680\/2023\/10\/19\/nhl-free-agents-kessel-kane-parise\/?source=user-shared-article\" class=\"trk-cta-link\" data-cta-trk='{\"ctaType\":\"Link\",\"ctaSubType\":\"main\"}'>The Athletic<\/a><\/span>, l&rsquo;avenir de Kane pourrait continuer en NHL.<\/p><p>Les Sabres, avec leur formidable attaque, sont dans une position privil&eacute;gi&eacute;e pour accueillir <strong>Patrick Kane<\/strong>. Ils disposent notamment d&rsquo;une marge de man&oelig;uvre de 8,8 millions de dollars, ce qui devrait leur permettre de n&eacute;gocier un contrat convenable. Ce lien ne se limite pas au jeu ; Kane est originaire de Buffalo, ce qui ajoute une touche d&rsquo;attrait pour la ville natale &agrave; la signature potentielle.<\/p><p>&Agrave; l&rsquo;inverse, les Florida Panthers pr&eacute;sentent un casse-t&ecirc;te plus complexe. Bien qu&rsquo;ils soient au-dessus de la limite de 83,5 millions de dollars, ils ont d&eacute;gag&eacute; une certaine marge de man&oelig;uvre financi&egrave;re, gr&acirc;ce &agrave; l&rsquo;espace de 6 millions de dollars cr&eacute;&eacute; par le transfert d&rsquo;Aaron Ekblad sur la r&eacute;serve des bless&eacute;s &agrave; long terme. Alors qu&rsquo;Ekblad devrait revenir sur la glace en d&eacute;cembre, les marges de man&oelig;uvre financi&egrave;res que sa situation offre pourraient ouvrir la voie &agrave; l&rsquo;acquisition de Kane.<\/p><h3>Le retour de Kane : Un t&eacute;moignage de r&eacute;silience<\/h3><p>Mais il ne s&rsquo;agit pas seulement des &eacute;quipes, il s&rsquo;agit aussi du joueur. Patrick Kane, figure embl&eacute;matique de la NHL, est sur la voie de la gu&eacute;rison. &Agrave; la suite d&rsquo;une op&eacute;ration de resurfa&ccedil;age de la hanche effectu&eacute;e hors saison, l&rsquo;avenir imm&eacute;diat de Kane a &eacute;t&eacute; remis en question. De telles interventions peuvent &ecirc;tre exigeantes, et le d&eacute;lai de r&eacute;tablissement pr&eacute;vu pour Kane &eacute;tait de quatre &agrave; six mois apr&egrave;s l&rsquo;op&eacute;ration de juin. Cela signifie qu&rsquo;une grande partie de son intersaison a &eacute;t&eacute;, et continue d&rsquo;&ecirc;tre, consacr&eacute;e &agrave; la r&eacute;&eacute;ducation.<\/p><p>Mais pour Johnston, il n&rsquo;y aura sans doute aucune avanc&eacute;e avant le d&eacute;but du mois de novembre lorsque la saison aura d&eacute;j&agrave; avanc&eacute;.<\/p><p>&nbsp;<\/p><p>Credit: Danny Wild-USA TODAY Sports<\/p>\n","protected":false},"excerpt":{"rendered":"","protected":false},"author":13,"featured_media":1003215,"comment_status":"open","ping_status":"closed","sticky":false,"template":"","format":"standard","meta":{"inline_featured_image":false,"kia_subtitle":"","_mux_skip_reasons":[],"proofreadBy":0,"footnotes":""},"categories":[187,26],"tags":[366,368,1802],"sport":[],"saison":[],"class_list":["post-1003170","post","type-post","status-publish","format-standard","has-post-thumbnail","hentry","category-actualite-nhl","category-nhl","tag-buffalo-sabres","tag-florida-panthers","tag-patrick-kane"],"acf":[],"yoast_head":"<!-- This site is optimized with the Yoast SEO plugin v24.2 - https:\/\/yoast.com\/wordpress\/plugins\/seo\/ -->\n<title>Patrick Kane : Les Sabres et les Panthers sur le dossier ? - The Playoffs FR<\/title>\n<meta name=\"robots\" content=\"index, follow, max-snippet:-1, max-image-preview:large, max-video-preview:-1\" \/>\n<link rel=\"canonical\" href=\"https:\/\/theplayoffs.news\/fr\/actualite-nhl\/patrick-kane-les-sabres-et-les-panthers-sur-le-dossier\/\" \/>\n<meta property=\"og:locale\" content=\"fr_FR\" \/>\n<meta property=\"og:type\" content=\"article\" \/>\n<meta property=\"og:title\" content=\"Patrick Kane : Les Sabres et les Panthers sur le dossier ? - The Playoffs FR\" \/>\n<meta property=\"og:url\" content=\"https:\/\/theplayoffs.news\/fr\/actualite-nhl\/patrick-kane-les-sabres-et-les-panthers-sur-le-dossier\/\" \/>\n<meta property=\"og:site_name\" content=\"The Playoffs FR\" \/>\n<meta property=\"article:publisher\" content=\"https:\/\/www.facebook.com\/TheFreeAgentFR\/\" \/>\n<meta property=\"article:modified_time\" content=\"2023-10-20T08:30:16+02:00\" \/>\n<meta property=\"og:image\" content=\"https:\/\/theplayoffs.news\/fr\/wp-content\/uploads\/2023\/10\/USATSI_20566142.jpg\" \/>\n\t<meta property=\"og:image:width\" content=\"1920\" \/>\n\t<meta property=\"og:image:height\" content=\"1195\" \/>\n\t<meta property=\"og:image:type\" content=\"image\/jpeg\" \/>\n<meta name=\"author\" content=\"Charles Taudin\" \/>\n<meta name=\"twitter:card\" content=\"summary_large_image\" \/>\n<meta name=\"twitter:creator\" content=\"@TheFreeAgentFR\" \/>\n<meta name=\"twitter:site\" content=\"@TheFreeAgentFR\" \/>\n<meta name=\"twitter:label1\" content=\"\u00c9crit par\" \/>\n\t<meta name=\"twitter:data1\" content=\"Charles Taudin\" \/>\n\t<meta name=\"twitter:label2\" content=\"Dur\u00e9e de lecture estim\u00e9e\" \/>\n\t<meta name=\"twitter:data2\" content=\"2 minutes\" \/>\n<script type=\"application\/ld+json\" class=\"yoast-schema-graph\">{\"@context\":\"https:\/\/schema.org\",\"@graph\":[{\"@type\":\"WebPage\",\"@id\":\"https:\/\/theplayoffs.news\/fr\/actualite-nhl\/patrick-kane-les-sabres-et-les-panthers-sur-le-dossier\/\",\"url\":\"https:\/\/theplayoffs.news\/fr\/actualite-nhl\/patrick-kane-les-sabres-et-les-panthers-sur-le-dossier\/\",\"name\":\"Patrick Kane : Les Sabres et les Panthers sur le dossier ? - The Playoffs FR\",\"isPartOf\":{\"@id\":\"https:\/\/theplayoffs.news\/fr\/#website\"},\"primaryImageOfPage\":{\"@id\":\"https:\/\/theplayoffs.news\/fr\/actualite-nhl\/patrick-kane-les-sabres-et-les-panthers-sur-le-dossier\/#primaryimage\"},\"image\":{\"@id\":\"https:\/\/theplayoffs.news\/fr\/actualite-nhl\/patrick-kane-les-sabres-et-les-panthers-sur-le-dossier\/#primaryimage\"},\"thumbnailUrl\":\"https:\/\/theplayoffs.news\/fr\/wp-content\/uploads\/2023\/10\/USATSI_20566142.jpg\",\"datePublished\":\"2023-10-20T06:30:15+00:00\",\"dateModified\":\"2023-10-20T06:30:16+00:00\",\"author\":{\"@id\":\"https:\/\/theplayoffs.news\/fr\/#\/schema\/person\/eee5b69ad5d3c51cabe881c839dbe133\"},\"breadcrumb\":{\"@id\":\"https:\/\/theplayoffs.news\/fr\/actualite-nhl\/patrick-kane-les-sabres-et-les-panthers-sur-le-dossier\/#breadcrumb\"},\"inLanguage\":\"fr-FR\",\"potentialAction\":[{\"@type\":\"ReadAction\",\"target\":[\"https:\/\/theplayoffs.news\/fr\/actualite-nhl\/patrick-kane-les-sabres-et-les-panthers-sur-le-dossier\/\"]}]},{\"@type\":\"ImageObject\",\"inLanguage\":\"fr-FR\",\"@id\":\"https:\/\/theplayoffs.news\/fr\/actualite-nhl\/patrick-kane-les-sabres-et-les-panthers-sur-le-dossier\/#primaryimage\",\"url\":\"https:\/\/theplayoffs.news\/fr\/wp-content\/uploads\/2023\/10\/USATSI_20566142.jpg\",\"contentUrl\":\"https:\/\/theplayoffs.news\/fr\/wp-content\/uploads\/2023\/10\/USATSI_20566142.jpg\",\"width\":1920,\"height\":1195,\"caption\":\"Apr 29, 2023; New York, New York, USA; New York Rangers right wing Patrick Kane (88) skates into the zone against the New Jersey Devils during the second period in game six of the first round of the 2023 Stanley Cup Playoffs at Madison Square Garden. Mandatory Credit: Danny Wild-USA TODAY Sports\"},{\"@type\":\"BreadcrumbList\",\"@id\":\"https:\/\/theplayoffs.news\/fr\/actualite-nhl\/patrick-kane-les-sabres-et-les-panthers-sur-le-dossier\/#breadcrumb\",\"itemListElement\":[{\"@type\":\"ListItem\",\"position\":1,\"name\":\"Accueil\",\"item\":\"https:\/\/theplayoffs.news\/fr\/\"},{\"@type\":\"ListItem\",\"position\":2,\"name\":\"Patrick Kane : Les Sabres et les Panthers sur le dossier ?\"}]},{\"@type\":\"WebSite\",\"@id\":\"https:\/\/theplayoffs.news\/fr\/#website\",\"url\":\"https:\/\/theplayoffs.news\/fr\/\",\"name\":\"The Playoffs FR\",\"description\":\"NBA-NFL-NHL-MLB\",\"potentialAction\":[{\"@type\":\"SearchAction\",\"target\":{\"@type\":\"EntryPoint\",\"urlTemplate\":\"https:\/\/theplayoffs.news\/fr\/?s={search_term_string}\"},\"query-input\":{\"@type\":\"PropertyValueSpecification\",\"valueRequired\":true,\"valueName\":\"search_term_string\"}}],\"inLanguage\":\"fr-FR\"},{\"@type\":\"Person\",\"@id\":\"https:\/\/theplayoffs.news\/fr\/#\/schema\/person\/eee5b69ad5d3c51cabe881c839dbe133\",\"name\":\"Charles Taudin\",\"image\":{\"@type\":\"ImageObject\",\"inLanguage\":\"fr-FR\",\"@id\":\"https:\/\/theplayoffs.news\/fr\/#\/schema\/person\/image\/\",\"url\":\"https:\/\/secure.gravatar.com\/avatar\/59a1e772205ce9fd255edfcafc93013736822e20261f294c5753b20c41ede9f2?s=96&d=mm&r=g\",\"contentUrl\":\"https:\/\/secure.gravatar.com\/avatar\/59a1e772205ce9fd255edfcafc93013736822e20261f294c5753b20c41ede9f2?s=96&d=mm&r=g\",\"caption\":\"Charles Taudin\"},\"description\":\"R\u00e9dacteur en chef global de The Playoffs, j\u2019ai cr\u00e9\u00e9 The Free Agent, devenu The Playoffs FR, en 2020 durant la pand\u00e9mie. Amoureux depuis des ann\u00e9es des 4 sports majeurs am\u00e9ricains, j\u2019organise maintenant la strat\u00e9gie \u00e9ditoriale et les r\u00e9seaux sociaux de l\u2019ensemble des versions de The Playoffs. Il m\u2019arrive encore d\u2019\u00e9crire sur certains sports que j\u2019affectionne particuli\u00e8rement comme la NFL ou la MLB. Si vous devez retenir qu\u2019une chose : Eli Manning est le vrai GOAT pour avoir battu deux fois Tom Brady.\",\"sameAs\":[\"https:\/\/www.instagram.com\/ctaudin_\/\"],\"url\":\"https:\/\/theplayoffs.news\/fr\/author\/charles-taudin\/\"}]}<\/script>\n<!-- \/ Yoast SEO plugin. -->","yoast_head_json":{"title":"Patrick Kane : Les Sabres et les Panthers sur le dossier ? - The Playoffs FR","robots":{"index":"index","follow":"follow","max-snippet":"max-snippet:-1","max-image-preview":"max-image-preview:large","max-video-preview":"max-video-preview:-1"},"canonical":"https:\/\/theplayoffs.news\/fr\/actualite-nhl\/patrick-kane-les-sabres-et-les-panthers-sur-le-dossier\/","og_locale":"fr_FR","og_type":"article","og_title":"Patrick Kane : Les Sabres et les Panthers sur le dossier ? - The Playoffs FR","og_url":"https:\/\/theplayoffs.news\/fr\/actualite-nhl\/patrick-kane-les-sabres-et-les-panthers-sur-le-dossier\/","og_site_name":"The Playoffs FR","article_publisher":"https:\/\/www.facebook.com\/TheFreeAgentFR\/","article_modified_time":"2023-10-20T06:30:16+00:00","og_image":[{"width":1920,"height":1195,"url":"https:\/\/theplayoffs.news\/fr\/wp-content\/uploads\/2023\/10\/USATSI_20566142.jpg","type":"image\/jpeg"}],"author":"Charles Taudin","twitter_card":"summary_large_image","twitter_creator":"@TheFreeAgentFR","twitter_site":"@TheFreeAgentFR","twitter_misc":{"\u00c9crit par":"Charles Taudin","Dur\u00e9e de lecture estim\u00e9e":"2 minutes"},"schema":{"@context":"https:\/\/schema.org","@graph":[{"@type":"WebPage","@id":"https:\/\/theplayoffs.news\/fr\/actualite-nhl\/patrick-kane-les-sabres-et-les-panthers-sur-le-dossier\/","url":"https:\/\/theplayoffs.news\/fr\/actualite-nhl\/patrick-kane-les-sabres-et-les-panthers-sur-le-dossier\/","name":"Patrick Kane : Les Sabres et les Panthers sur le dossier ? - The Playoffs FR","isPartOf":{"@id":"https:\/\/theplayoffs.news\/fr\/#website"},"primaryImageOfPage":{"@id":"https:\/\/theplayoffs.news\/fr\/actualite-nhl\/patrick-kane-les-sabres-et-les-panthers-sur-le-dossier\/#primaryimage"},"image":{"@id":"https:\/\/theplayoffs.news\/fr\/actualite-nhl\/patrick-kane-les-sabres-et-les-panthers-sur-le-dossier\/#primaryimage"},"thumbnailUrl":"https:\/\/theplayoffs.news\/fr\/wp-content\/uploads\/2023\/10\/USATSI_20566142.jpg","datePublished":"2023-10-20T06:30:15+00:00","dateModified":"2023-10-20T06:30:16+00:00","author":{"@id":"https:\/\/theplayoffs.news\/fr\/#\/schema\/person\/eee5b69ad5d3c51cabe881c839dbe133"},"breadcrumb":{"@id":"https:\/\/theplayoffs.news\/fr\/actualite-nhl\/patrick-kane-les-sabres-et-les-panthers-sur-le-dossier\/#breadcrumb"},"inLanguage":"fr-FR","potentialAction":[{"@type":"ReadAction","target":["https:\/\/theplayoffs.news\/fr\/actualite-nhl\/patrick-kane-les-sabres-et-les-panthers-sur-le-dossier\/"]}]},{"@type":"ImageObject","inLanguage":"fr-FR","@id":"https:\/\/theplayoffs.news\/fr\/actualite-nhl\/patrick-kane-les-sabres-et-les-panthers-sur-le-dossier\/#primaryimage","url":"https:\/\/theplayoffs.news\/fr\/wp-content\/uploads\/2023\/10\/USATSI_20566142.jpg","contentUrl":"https:\/\/theplayoffs.news\/fr\/wp-content\/uploads\/2023\/10\/USATSI_20566142.jpg","width":1920,"height":1195,"caption":"Apr 29, 2023; New York, New York, USA; New York Rangers right wing Patrick Kane (88) skates into the zone against the New Jersey Devils during the second period in game six of the first round of the 2023 Stanley Cup Playoffs at Madison Square Garden. Mandatory Credit: Danny Wild-USA TODAY Sports"},{"@type":"BreadcrumbList","@id":"https:\/\/theplayoffs.news\/fr\/actualite-nhl\/patrick-kane-les-sabres-et-les-panthers-sur-le-dossier\/#breadcrumb","itemListElement":[{"@type":"ListItem","position":1,"name":"Accueil","item":"https:\/\/theplayoffs.news\/fr\/"},{"@type":"ListItem","position":2,"name":"Patrick Kane : Les Sabres et les Panthers sur le dossier ?"}]},{"@type":"WebSite","@id":"https:\/\/theplayoffs.news\/fr\/#website","url":"https:\/\/theplayoffs.news\/fr\/","name":"The Playoffs FR","description":"NBA-NFL-NHL-MLB","potentialAction":[{"@type":"SearchAction","target":{"@type":"EntryPoint","urlTemplate":"https:\/\/theplayoffs.news\/fr\/?s={search_term_string}"},"query-input":{"@type":"PropertyValueSpecification","valueRequired":true,"valueName":"search_term_string"}}],"inLanguage":"fr-FR"},{"@type":"Person","@id":"https:\/\/theplayoffs.news\/fr\/#\/schema\/person\/eee5b69ad5d3c51cabe881c839dbe133","name":"Charles Taudin","image":{"@type":"ImageObject","inLanguage":"fr-FR","@id":"https:\/\/theplayoffs.news\/fr\/#\/schema\/person\/image\/","url":"https:\/\/secure.gravatar.com\/avatar\/59a1e772205ce9fd255edfcafc93013736822e20261f294c5753b20c41ede9f2?s=96&d=mm&r=g","contentUrl":"https:\/\/secure.gravatar.com\/avatar\/59a1e772205ce9fd255edfcafc93013736822e20261f294c5753b20c41ede9f2?s=96&d=mm&r=g","caption":"Charles Taudin"},"description":"R\u00e9dacteur en chef global de The Playoffs, j\u2019ai cr\u00e9\u00e9 The Free Agent, devenu The Playoffs FR, en 2020 durant la pand\u00e9mie. Amoureux depuis des ann\u00e9es des 4 sports majeurs am\u00e9ricains, j\u2019organise maintenant la strat\u00e9gie \u00e9ditoriale et les r\u00e9seaux sociaux de l\u2019ensemble des versions de The Playoffs. Il m\u2019arrive encore d\u2019\u00e9crire sur certains sports que j\u2019affectionne particuli\u00e8rement comme la NFL ou la MLB. Si vous devez retenir qu\u2019une chose : Eli Manning est le vrai GOAT pour avoir battu deux fois Tom Brady.","sameAs":["https:\/\/www.instagram.com\/ctaudin_\/"],"url":"https:\/\/theplayoffs.news\/fr\/author\/charles-taudin\/"}]}},"_links":{"self":[{"href":"https:\/\/theplayoffs.news\/fr\/wp-json\/wp\/v2\/posts\/1003170","targetHints":{"allow":["GET"]}}],"collection":[{"href":"https:\/\/theplayoffs.news\/fr\/wp-json\/wp\/v2\/posts"}],"about":[{"href":"https:\/\/theplayoffs.news\/fr\/wp-json\/wp\/v2\/types\/post"}],"author":[{"embeddable":true,"href":"https:\/\/theplayoffs.news\/fr\/wp-json\/wp\/v2\/users\/13"}],"replies":[{"embeddable":true,"href":"https:\/\/theplayoffs.news\/fr\/wp-json\/wp\/v2\/comments?post=1003170"}],"version-history":[{"count":2,"href":"https:\/\/theplayoffs.news\/fr\/wp-json\/wp\/v2\/posts\/1003170\/revisions"}],"predecessor-version":[{"id":1003223,"href":"https:\/\/theplayoffs.news\/fr\/wp-json\/wp\/v2\/posts\/1003170\/revisions\/1003223"}],"wp:featuredmedia":[{"embeddable":true,"href":"https:\/\/theplayoffs.news\/fr\/wp-json\/wp\/v2\/media\/1003215"}],"wp:attachment":[{"href":"https:\/\/theplayoffs.news\/fr\/wp-json\/wp\/v2\/media?parent=1003170"}],"wp:term":[{"taxonomy":"category","embeddable":true,"href":"https:\/\/theplayoffs.news\/fr\/wp-json\/wp\/v2\/categories?post=1003170"},{"taxonomy":"post_tag","embeddable":true,"href":"https:\/\/theplayoffs.news\/fr\/wp-json\/wp\/v2\/tags?post=1003170"},{"taxonomy":"sport","embeddable":true,"href":"https:\/\/theplayoffs.news\/fr\/wp-json\/wp\/v2\/sport?post=1003170"},{"taxonomy":"saison","embeddable":true,"href":"https:\/\/theplayoffs.news\/fr\/wp-json\/wp\/v2\/saison?post=1003170"}],"curies":[{"name":"wp","href":"https:\/\/api.w.org\/{rel}","templated":true}]}}