{"id":619724,"date":"2025-08-07T16:19:11","date_gmt":"2025-08-07T15:19:11","guid":{"rendered":"https:\/\/theplayoffs.news\/en\/?p=619724"},"modified":"2025-08-07T16:19:18","modified_gmt":"2025-08-07T15:19:18","slug":"2025-ballon-dor-ceremony-date-and-time-revealed","status":"publish","type":"post","link":"https:\/\/theplayoffs.news\/en\/2025-ballon-dor-ceremony-date-and-time-revealed\/","title":{"rendered":"2025 Ballon d\u2019Or Ceremony: Date and Time Revealed"},"content":{"rendered":"<p>The 69th edition of the Ballon d&rsquo;Or, football&rsquo;s most prestigious individual honour, is officially set to take place on <strong>Monday, 22 September 2025<\/strong> at the renowned <strong>Th&eacute;&acirc;tre du Ch&acirc;telet<\/strong> in <strong>Paris<\/strong>. Known for its grandeur and history, the venue will once again host the stars of world football for a night of celebration and recognition.<\/p><figure class=\"wp-block-embed is-type-rich is-provider-twitter wp-block-embed-twitter\"><div class=\"wp-block-embed__wrapper\">\n<blockquote class=\"twitter-tweet\" data-width=\"500\" data-dnt=\"true\"><p lang=\"en\" dir=\"ltr\">Here are the 2025 Ballon d'Or nominees!<a href=\"https:\/\/twitter.com\/hashtag\/ballondor?src=hash&amp;ref_src=twsrc%5Etfw\" class=\"trk-cta-link\" data-cta-trk='{\"ctaType\":\"Link\",\"ctaSubType\":\"main\"}'>#ballondor<\/a> <a href=\"https:\/\/t.co\/tehmbU4R0j\" class=\"trk-cta-link\" data-cta-trk='{\"ctaType\":\"Link\",\"ctaSubType\":\"main\"}'>pic.twitter.com\/tehmbU4R0j<\/a><\/p>&mdash; Ballon d'Or (@ballondor) <a href=\"https:\/\/twitter.com\/ballondor\/status\/1953448057237872779?ref_src=twsrc%5Etfw\" class=\"trk-cta-link\" data-cta-trk='{\"ctaType\":\"Link\",\"ctaSubType\":\"main\"}'>August 7, 2025<\/a><\/blockquote><script async src=\"https:\/\/platform.twitter.com\/widgets.js\" charset=\"utf-8\"><\/script>\n<\/div><\/figure><p>Since its inception in 1956 by <em>France Football<\/em>, the Ballon d&rsquo;Or has stood as the ultimate symbol of excellence in the sport, awarded to the most outstanding player in men&rsquo;s football. In recent years, the scope of the awards has grown, and with UEFA partnering with Groupe Amaury &mdash; the parent company of <em>France Football<\/em> and <em>L&rsquo;&Eacute;quipe<\/em> &mdash; the ceremony has become a more comprehensive celebration of global football talent.<\/p><h3 class=\"wp-block-heading\">Three New Women&rsquo;s Awards to Be Introduced<\/h3><p>The 2025 edition marks a significant evolution of the ceremony with the introduction of <strong>three new categories dedicated to women&rsquo;s football<\/strong>, further cementing the commitment to gender equality in the sport. Female players will now be recognised not just in the <strong>Ballon d&rsquo;Or F&eacute;minin<\/strong>, but also in their own versions of:<\/p><ul class=\"wp-block-list\">\n<li><strong>Kopa Trophy<\/strong> &ndash; for the best young player<\/li>\n\n\n\n<li><strong>Yashin Trophy<\/strong> &ndash; for the best goalkeeper<\/li>\n\n\n\n<li><strong>Gerd M&uuml;ller Trophy<\/strong> &ndash; for top scorer at club or national level<\/li>\n\n\n\n<li><strong>Johan Cruyff Trophy<\/strong> &ndash; for best coach at club or national level<\/li>\n\n\n\n<li><strong>Club of the Year<\/strong> &ndash; recognising excellence in women&rsquo;s club football<\/li>\n<\/ul><p>These categories mirror those awarded on the men&rsquo;s side, reflecting the growing impact and visibility of the women&rsquo;s game across the globe.<\/p><p><strong><a href=\"https:\/\/theplayoffs.news\/en\/2025-cruyff-trophy-nominees-five-tactical-masterminds-revealed-for-mens-team-coach-of-the-year\/\" target=\"_blank\" rel=\"noreferrer noopener nofollow\" class=\"trk-cta-link\" data-cta-trk='{\"ctaType\":\"Link\",\"ctaSubType\":\"main\"}'>ALSO READ: 2025 Cruyff Trophy Nominees: Five Tactical Masterminds Revealed for Men&rsquo;s Team Coach of the Year<\/a><\/strong><\/p><h3 class=\"wp-block-heading\">Recognition Beyond the Pitch<\/h3><p>In addition to the sporting awards, the <strong>S&oacute;crates Award<\/strong> will return once again. Co-presented by <em>L&rsquo;&Eacute;quipe<\/em> and <em>Peace and Sport<\/em>, it honours athletes making a meaningful impact off the pitch through social initiatives, charitable work, or campaigns for justice and equality.<\/p><p>With the expanded list of honours and renewed global interest, the 2025 Ballon d&rsquo;Or ceremony promises to be one of the most inclusive and widely watched editions in its storied history.<\/p>\n<div class=\"mm-layout mm-layout-type-post mm-layout-slot4\">\n<\/div>","protected":false},"excerpt":{"rendered":"<p>The 69th edition of the Ballon d&rsquo;Or, football&rsquo;s most prestigious individual honour, is officially set to take place on Monday, 22 September 2025 at the renowned Th&eacute;&acirc;tre du Ch&acirc;telet in Paris. Known for its grandeur and history, the venue will once again host the stars of world football for a night of celebration and recognition. [&hellip;]<\/p>\n","protected":false},"author":41,"featured_media":619738,"comment_status":"closed","ping_status":"closed","sticky":false,"template":"","format":"standard","meta":{"_acf_changed":false,"_mux_skip_reasons":[],"footnotes":""},"categories":[4038],"tags":[9052,9012,9053],"class_list":["post-619724","post","type-post","status-publish","format-standard","has-post-thumbnail","hentry","category-soccer","tag-ballon-dor-2","tag-dembele","tag-france-football"],"acf":[],"yoast_head":"<!-- This site is optimized with the Yoast SEO plugin v23.8 - https:\/\/yoast.com\/wordpress\/plugins\/seo\/ -->\n<title>2025 Ballon d&rsquo;Or Ceremony: Date and Time Revealed - The Playoffs<\/title>\n<meta name=\"description\" content=\"The 69th edition of the Ballon d&rsquo;Or, is officially set to take place on Monday, 22 September 2025 at the renowned Th&eacute;&acirc;tre du Ch&acirc;telet.\" \/>\n<meta name=\"robots\" content=\"index, follow, max-snippet:-1, max-image-preview:large, max-video-preview:-1\" \/>\n<link rel=\"canonical\" href=\"https:\/\/theplayoffs.news\/en\/2025-ballon-dor-ceremony-date-and-time-revealed\/\" \/>\n<meta property=\"og:locale\" content=\"en_US\" \/>\n<meta property=\"og:type\" content=\"article\" \/>\n<meta property=\"og:title\" content=\"2025 Ballon d&rsquo;Or Ceremony: Date and Time Revealed - The Playoffs\" \/>\n<meta property=\"og:description\" content=\"The 69th edition of the Ballon d&rsquo;Or, is officially set to take place on Monday, 22 September 2025 at the renowned Th&eacute;&acirc;tre du Ch&acirc;telet.\" \/>\n<meta property=\"og:url\" content=\"https:\/\/theplayoffs.news\/en\/2025-ballon-dor-ceremony-date-and-time-revealed\/\" \/>\n<meta property=\"og:site_name\" content=\"The Playoffs\" \/>\n<meta property=\"article:modified_time\" content=\"2025-08-07T16:19:18+01:00\" \/>\n<meta property=\"og:image\" content=\"https:\/\/theplayoffs.news\/en\/wp-content\/uploads\/2025\/08\/USATSI_26611002-scaled.jpg\" \/>\n\t<meta property=\"og:image:width\" content=\"2560\" \/>\n\t<meta property=\"og:image:height\" content=\"1905\" \/>\n\t<meta property=\"og:image:type\" content=\"image\/jpeg\" \/>\n<meta name=\"author\" content=\"Ritam Dey\" \/>\n<meta name=\"twitter:card\" content=\"summary_large_image\" \/>\n<meta name=\"twitter:creator\" content=\"@ThePlayoffsEN\" \/>\n<meta name=\"twitter:site\" content=\"@ThePlayoffsEN\" \/>\n<meta name=\"twitter:label1\" content=\"Written by\" \/>\n\t<meta name=\"twitter:data1\" content=\"Ritam Dey\" \/>\n\t<meta name=\"twitter:label2\" content=\"Est. reading time\" \/>\n\t<meta name=\"twitter:data2\" content=\"2 minutes\" \/>\n<script type=\"application\/ld+json\" class=\"yoast-schema-graph\">{\"@context\":\"https:\/\/schema.org\",\"@graph\":[{\"@type\":\"NewsArticle\",\"@id\":\"https:\/\/theplayoffs.news\/en\/2025-ballon-dor-ceremony-date-and-time-revealed\/#article\",\"isPartOf\":{\"@id\":\"https:\/\/theplayoffs.news\/en\/2025-ballon-dor-ceremony-date-and-time-revealed\/\"},\"author\":{\"name\":\"Ritam Dey\",\"@id\":\"https:\/\/theplayoffs.news\/en\/#\/schema\/person\/c0020932c2824104d81ad83870075a55\"},\"headline\":\"2025 Ballon d\u2019Or Ceremony: Date and Time Revealed\",\"datePublished\":\"2025-08-07T15:19:11+00:00\",\"dateModified\":\"2025-08-07T15:19:18+00:00\",\"mainEntityOfPage\":{\"@id\":\"https:\/\/theplayoffs.news\/en\/2025-ballon-dor-ceremony-date-and-time-revealed\/\"},\"wordCount\":367,\"publisher\":{\"@id\":\"https:\/\/theplayoffs.news\/en\/#organization\"},\"image\":{\"@id\":\"https:\/\/theplayoffs.news\/en\/2025-ballon-dor-ceremony-date-and-time-revealed\/#primaryimage\"},\"thumbnailUrl\":\"https:\/\/cdn.theplayoffs.news\/en\/\/wp-content\/uploads\/2025\/08\/USATSI_26611002-scaled.jpg\",\"keywords\":[\"Ballon Dor\",\"Dembele\",\"France football\"],\"articleSection\":[\"Soccer\"],\"inLanguage\":\"en-US\",\"copyrightYear\":\"2025\",\"copyrightHolder\":{\"@id\":\"https:\/\/theplayoffs.news\/en\/#organization\"}},{\"@type\":\"WebPage\",\"@id\":\"https:\/\/theplayoffs.news\/en\/2025-ballon-dor-ceremony-date-and-time-revealed\/\",\"url\":\"https:\/\/theplayoffs.news\/en\/2025-ballon-dor-ceremony-date-and-time-revealed\/\",\"name\":\"2025 Ballon d\u2019Or Ceremony: Date and Time Revealed - The Playoffs\",\"isPartOf\":{\"@id\":\"https:\/\/theplayoffs.news\/en\/#website\"},\"primaryImageOfPage\":{\"@id\":\"https:\/\/theplayoffs.news\/en\/2025-ballon-dor-ceremony-date-and-time-revealed\/#primaryimage\"},\"image\":{\"@id\":\"https:\/\/theplayoffs.news\/en\/2025-ballon-dor-ceremony-date-and-time-revealed\/#primaryimage\"},\"thumbnailUrl\":\"https:\/\/cdn.theplayoffs.news\/en\/\/wp-content\/uploads\/2025\/08\/USATSI_26611002-scaled.jpg\",\"datePublished\":\"2025-08-07T15:19:11+00:00\",\"dateModified\":\"2025-08-07T15:19:18+00:00\",\"description\":\"The 69th edition of the Ballon d\u2019Or, is officially set to take place on Monday, 22 September 2025 at the renowned Th\u00e9\u00e2tre du Ch\u00e2telet.\",\"breadcrumb\":{\"@id\":\"https:\/\/theplayoffs.news\/en\/2025-ballon-dor-ceremony-date-and-time-revealed\/#breadcrumb\"},\"inLanguage\":\"en-US\",\"potentialAction\":[{\"@type\":\"ReadAction\",\"target\":[\"https:\/\/theplayoffs.news\/en\/2025-ballon-dor-ceremony-date-and-time-revealed\/\"]}]},{\"@type\":\"ImageObject\",\"inLanguage\":\"en-US\",\"@id\":\"https:\/\/theplayoffs.news\/en\/2025-ballon-dor-ceremony-date-and-time-revealed\/#primaryimage\",\"url\":\"https:\/\/cdn.theplayoffs.news\/en\/\/wp-content\/uploads\/2025\/08\/USATSI_26611002-scaled.jpg\",\"contentUrl\":\"https:\/\/cdn.theplayoffs.news\/en\/\/wp-content\/uploads\/2025\/08\/USATSI_26611002-scaled.jpg\",\"width\":2560,\"height\":1905,\"caption\":\"[Subscription Customers Only] Jul 9, 2025; East Rutherford, New Jersey, USA; Paris Saint-Germain forward Ousmane Dembele (10) arrives before a semifinal match of the 2025 FIFA Club World Cup at MetLife Stadium. Mandatory Credit: Hannah Mckay-Reuters via Imagn Images\"},{\"@type\":\"BreadcrumbList\",\"@id\":\"https:\/\/theplayoffs.news\/en\/2025-ballon-dor-ceremony-date-and-time-revealed\/#breadcrumb\",\"itemListElement\":[{\"@type\":\"ListItem\",\"position\":1,\"name\":\"Home\",\"item\":\"https:\/\/theplayoffs.news\/en\/\"},{\"@type\":\"ListItem\",\"position\":2,\"name\":\"2025 Ballon d\u2019Or Ceremony: Date and Time Revealed\"}]},{\"@type\":\"WebSite\",\"@id\":\"https:\/\/theplayoffs.news\/en\/#website\",\"url\":\"https:\/\/theplayoffs.news\/en\/\",\"name\":\"The Playoffs\",\"description\":\"Share passion for sports &amp; betting\",\"publisher\":{\"@id\":\"https:\/\/theplayoffs.news\/en\/#organization\"},\"potentialAction\":[{\"@type\":\"SearchAction\",\"target\":{\"@type\":\"EntryPoint\",\"urlTemplate\":\"https:\/\/theplayoffs.news\/en\/?s={search_term_string}\"},\"query-input\":{\"@type\":\"PropertyValueSpecification\",\"valueRequired\":true,\"valueName\":\"search_term_string\"}}],\"inLanguage\":\"en-US\"},{\"@type\":\"Organization\",\"@id\":\"https:\/\/theplayoffs.news\/en\/#organization\",\"name\":\"The Playoffs\",\"url\":\"https:\/\/theplayoffs.news\/en\/\",\"logo\":{\"@type\":\"ImageObject\",\"inLanguage\":\"en-US\",\"@id\":\"https:\/\/theplayoffs.news\/en\/#\/schema\/logo\/image\/\",\"url\":\"https:\/\/theplayoffs.news\/en\/wp-content\/uploads\/2024\/11\/selo-tp-2020-415x280-1.webp\",\"contentUrl\":\"https:\/\/theplayoffs.news\/en\/wp-content\/uploads\/2024\/11\/selo-tp-2020-415x280-1.webp\",\"width\":415,\"height\":280,\"caption\":\"The Playoffs\"},\"image\":{\"@id\":\"https:\/\/theplayoffs.news\/en\/#\/schema\/logo\/image\/\"},\"sameAs\":[\"https:\/\/x.com\/ThePlayoffsEN\",\"https:\/\/www.instagram.com\/theplayoffs_en\/\"]},{\"@type\":\"Person\",\"@id\":\"https:\/\/theplayoffs.news\/en\/#\/schema\/person\/c0020932c2824104d81ad83870075a55\",\"name\":\"Ritam Dey\",\"image\":{\"@type\":\"ImageObject\",\"inLanguage\":\"en-US\",\"@id\":\"https:\/\/theplayoffs.news\/en\/#\/schema\/person\/image\/\",\"url\":\"https:\/\/secure.gravatar.com\/avatar\/b97c95b31122533d6cca98823b5f9961?s=96&d=mm&r=g\",\"contentUrl\":\"https:\/\/secure.gravatar.com\/avatar\/b97c95b31122533d6cca98823b5f9961?s=96&d=mm&r=g\",\"caption\":\"Ritam Dey\"},\"url\":\"https:\/\/theplayoffs.news\/en\/author\/ritam\/\"}]}<\/script>\n<!-- \/ Yoast SEO plugin. -->","yoast_head_json":{"title":"2025 Ballon d&rsquo;Or Ceremony: Date and Time Revealed - The Playoffs","description":"The 69th edition of the Ballon d&rsquo;Or, is officially set to take place on Monday, 22 September 2025 at the renowned Th&eacute;&acirc;tre du Ch&acirc;telet.","robots":{"index":"index","follow":"follow","max-snippet":"max-snippet:-1","max-image-preview":"max-image-preview:large","max-video-preview":"max-video-preview:-1"},"canonical":"https:\/\/theplayoffs.news\/en\/2025-ballon-dor-ceremony-date-and-time-revealed\/","og_locale":"en_US","og_type":"article","og_title":"2025 Ballon d&rsquo;Or Ceremony: Date and Time Revealed - The Playoffs","og_description":"The 69th edition of the Ballon d&rsquo;Or, is officially set to take place on Monday, 22 September 2025 at the renowned Th&eacute;&acirc;tre du Ch&acirc;telet.","og_url":"https:\/\/theplayoffs.news\/en\/2025-ballon-dor-ceremony-date-and-time-revealed\/","og_site_name":"The Playoffs","article_modified_time":"2025-08-07T15:19:18+00:00","og_image":[{"width":2560,"height":1905,"url":"https:\/\/theplayoffs.news\/en\/wp-content\/uploads\/2025\/08\/USATSI_26611002-scaled.jpg","type":"image\/jpeg"}],"author":"Ritam Dey","twitter_card":"summary_large_image","twitter_creator":"@ThePlayoffsEN","twitter_site":"@ThePlayoffsEN","twitter_misc":{"Written by":"Ritam Dey","Est. reading time":"2 minutes"},"schema":{"@context":"https:\/\/schema.org","@graph":[{"@type":"NewsArticle","@id":"https:\/\/theplayoffs.news\/en\/2025-ballon-dor-ceremony-date-and-time-revealed\/#article","isPartOf":{"@id":"https:\/\/theplayoffs.news\/en\/2025-ballon-dor-ceremony-date-and-time-revealed\/"},"author":{"name":"Ritam Dey","@id":"https:\/\/theplayoffs.news\/en\/#\/schema\/person\/c0020932c2824104d81ad83870075a55"},"headline":"2025 Ballon d\u2019Or Ceremony: Date and Time Revealed","datePublished":"2025-08-07T15:19:11+00:00","dateModified":"2025-08-07T15:19:18+00:00","mainEntityOfPage":{"@id":"https:\/\/theplayoffs.news\/en\/2025-ballon-dor-ceremony-date-and-time-revealed\/"},"wordCount":367,"publisher":{"@id":"https:\/\/theplayoffs.news\/en\/#organization"},"image":{"@id":"https:\/\/theplayoffs.news\/en\/2025-ballon-dor-ceremony-date-and-time-revealed\/#primaryimage"},"thumbnailUrl":"https:\/\/cdn.theplayoffs.news\/en\/\/wp-content\/uploads\/2025\/08\/USATSI_26611002-scaled.jpg","keywords":["Ballon Dor","Dembele","France football"],"articleSection":["Soccer"],"inLanguage":"en-US","copyrightYear":"2025","copyrightHolder":{"@id":"https:\/\/theplayoffs.news\/en\/#organization"}},{"@type":"WebPage","@id":"https:\/\/theplayoffs.news\/en\/2025-ballon-dor-ceremony-date-and-time-revealed\/","url":"https:\/\/theplayoffs.news\/en\/2025-ballon-dor-ceremony-date-and-time-revealed\/","name":"2025 Ballon d\u2019Or Ceremony: Date and Time Revealed - The Playoffs","isPartOf":{"@id":"https:\/\/theplayoffs.news\/en\/#website"},"primaryImageOfPage":{"@id":"https:\/\/theplayoffs.news\/en\/2025-ballon-dor-ceremony-date-and-time-revealed\/#primaryimage"},"image":{"@id":"https:\/\/theplayoffs.news\/en\/2025-ballon-dor-ceremony-date-and-time-revealed\/#primaryimage"},"thumbnailUrl":"https:\/\/cdn.theplayoffs.news\/en\/\/wp-content\/uploads\/2025\/08\/USATSI_26611002-scaled.jpg","datePublished":"2025-08-07T15:19:11+00:00","dateModified":"2025-08-07T15:19:18+00:00","description":"The 69th edition of the Ballon d\u2019Or, is officially set to take place on Monday, 22 September 2025 at the renowned Th\u00e9\u00e2tre du Ch\u00e2telet.","breadcrumb":{"@id":"https:\/\/theplayoffs.news\/en\/2025-ballon-dor-ceremony-date-and-time-revealed\/#breadcrumb"},"inLanguage":"en-US","potentialAction":[{"@type":"ReadAction","target":["https:\/\/theplayoffs.news\/en\/2025-ballon-dor-ceremony-date-and-time-revealed\/"]}]},{"@type":"ImageObject","inLanguage":"en-US","@id":"https:\/\/theplayoffs.news\/en\/2025-ballon-dor-ceremony-date-and-time-revealed\/#primaryimage","url":"https:\/\/cdn.theplayoffs.news\/en\/\/wp-content\/uploads\/2025\/08\/USATSI_26611002-scaled.jpg","contentUrl":"https:\/\/cdn.theplayoffs.news\/en\/\/wp-content\/uploads\/2025\/08\/USATSI_26611002-scaled.jpg","width":2560,"height":1905,"caption":"[Subscription Customers Only] Jul 9, 2025; East Rutherford, New Jersey, USA; Paris Saint-Germain forward Ousmane Dembele (10) arrives before a semifinal match of the 2025 FIFA Club World Cup at MetLife Stadium. Mandatory Credit: Hannah Mckay-Reuters via Imagn Images"},{"@type":"BreadcrumbList","@id":"https:\/\/theplayoffs.news\/en\/2025-ballon-dor-ceremony-date-and-time-revealed\/#breadcrumb","itemListElement":[{"@type":"ListItem","position":1,"name":"Home","item":"https:\/\/theplayoffs.news\/en\/"},{"@type":"ListItem","position":2,"name":"2025 Ballon d\u2019Or Ceremony: Date and Time Revealed"}]},{"@type":"WebSite","@id":"https:\/\/theplayoffs.news\/en\/#website","url":"https:\/\/theplayoffs.news\/en\/","name":"The Playoffs","description":"Share passion for sports &amp; betting","publisher":{"@id":"https:\/\/theplayoffs.news\/en\/#organization"},"potentialAction":[{"@type":"SearchAction","target":{"@type":"EntryPoint","urlTemplate":"https:\/\/theplayoffs.news\/en\/?s={search_term_string}"},"query-input":{"@type":"PropertyValueSpecification","valueRequired":true,"valueName":"search_term_string"}}],"inLanguage":"en-US"},{"@type":"Organization","@id":"https:\/\/theplayoffs.news\/en\/#organization","name":"The Playoffs","url":"https:\/\/theplayoffs.news\/en\/","logo":{"@type":"ImageObject","inLanguage":"en-US","@id":"https:\/\/theplayoffs.news\/en\/#\/schema\/logo\/image\/","url":"https:\/\/theplayoffs.news\/en\/wp-content\/uploads\/2024\/11\/selo-tp-2020-415x280-1.webp","contentUrl":"https:\/\/theplayoffs.news\/en\/wp-content\/uploads\/2024\/11\/selo-tp-2020-415x280-1.webp","width":415,"height":280,"caption":"The Playoffs"},"image":{"@id":"https:\/\/theplayoffs.news\/en\/#\/schema\/logo\/image\/"},"sameAs":["https:\/\/x.com\/ThePlayoffsEN","https:\/\/www.instagram.com\/theplayoffs_en\/"]},{"@type":"Person","@id":"https:\/\/theplayoffs.news\/en\/#\/schema\/person\/c0020932c2824104d81ad83870075a55","name":"Ritam Dey","image":{"@type":"ImageObject","inLanguage":"en-US","@id":"https:\/\/theplayoffs.news\/en\/#\/schema\/person\/image\/","url":"https:\/\/secure.gravatar.com\/avatar\/b97c95b31122533d6cca98823b5f9961?s=96&d=mm&r=g","contentUrl":"https:\/\/secure.gravatar.com\/avatar\/b97c95b31122533d6cca98823b5f9961?s=96&d=mm&r=g","caption":"Ritam Dey"},"url":"https:\/\/theplayoffs.news\/en\/author\/ritam\/"}]}},"_links":{"self":[{"href":"https:\/\/theplayoffs.news\/en\/wp-json\/wp\/v2\/posts\/619724"}],"collection":[{"href":"https:\/\/theplayoffs.news\/en\/wp-json\/wp\/v2\/posts"}],"about":[{"href":"https:\/\/theplayoffs.news\/en\/wp-json\/wp\/v2\/types\/post"}],"author":[{"embeddable":true,"href":"https:\/\/theplayoffs.news\/en\/wp-json\/wp\/v2\/users\/41"}],"replies":[{"embeddable":true,"href":"https:\/\/theplayoffs.news\/en\/wp-json\/wp\/v2\/comments?post=619724"}],"version-history":[{"count":2,"href":"https:\/\/theplayoffs.news\/en\/wp-json\/wp\/v2\/posts\/619724\/revisions"}],"predecessor-version":[{"id":619739,"href":"https:\/\/theplayoffs.news\/en\/wp-json\/wp\/v2\/posts\/619724\/revisions\/619739"}],"wp:featuredmedia":[{"embeddable":true,"href":"https:\/\/theplayoffs.news\/en\/wp-json\/wp\/v2\/media\/619738"}],"wp:attachment":[{"href":"https:\/\/theplayoffs.news\/en\/wp-json\/wp\/v2\/media?parent=619724"}],"wp:term":[{"taxonomy":"category","embeddable":true,"href":"https:\/\/theplayoffs.news\/en\/wp-json\/wp\/v2\/categories?post=619724"},{"taxonomy":"post_tag","embeddable":true,"href":"https:\/\/theplayoffs.news\/en\/wp-json\/wp\/v2\/tags?post=619724"}],"curies":[{"name":"wp","href":"https:\/\/api.w.org\/{rel}","templated":true}]}}