{"id":53238,"date":"2025-05-15T10:55:27","date_gmt":"2025-05-15T09:55:27","guid":{"rendered":"https:\/\/theplayoffs.news\/en\/?p=53238"},"modified":"2025-05-15T12:16:14","modified_gmt":"2025-05-15T11:16:14","slug":"ac-milan-manager-sergei-conceicao-will-bid-farewell-to-ac-milan-following-the-coppa-italia-defeat-to-bologna","status":"publish","type":"post","link":"https:\/\/theplayoffs.news\/en\/ac-milan-manager-sergei-conceicao-will-bid-farewell-to-ac-milan-following-the-coppa-italia-defeat-to-bologna\/","title":{"rendered":"AC Milan Manager Sergio Conceicao Will Bid Farewell to AC Milan Following the Coppa Italia Defeat To Bologna\u00a0"},"content":{"rendered":"<p>AC Milan sustained a shocking 0-1 defeat to Bologna in the Coppa Italia Final on Wednesday. Conceding early in the second half, Sergio Conceicao&rsquo;s side failed to make a comeback or score, for that matter.<\/p><p>Things have gone from bad to worse for the Italian side, given their struggles in Serie A as well.&nbsp;Following this setback, manager Conceicao is reported to leave AC Milan at the end of the season. With a Trophyless season in front, the Milan side has also struggled to compete in Serie A as they currently stand eighth on the table.&nbsp;<\/p><figure class=\"wp-block-embed is-type-rich is-provider-twitter wp-block-embed-twitter\"><div class=\"wp-block-embed__wrapper\">\n<blockquote class=\"twitter-tweet\" data-width=\"500\" data-dnt=\"true\"><p lang=\"en\" dir=\"ltr\">What a moment! &#128165;<br><br>Bologna's 51-year wait for a major trophy is over after beating AC Milan 1-0 in the Coppa Italia final &#127942; <a href=\"https:\/\/t.co\/0UDJLrWQM6\" class=\"trk-cta-link\" data-cta-trk='{\"ctaType\":\"Link\",\"ctaSubType\":\"main\"}'>pic.twitter.com\/0UDJLrWQM6<\/a><\/p>&mdash; Sky Sports Football (@SkyFootball) <a href=\"https:\/\/twitter.com\/SkyFootball\/status\/1922762666684174514?ref_src=twsrc%5Etfw\" class=\"trk-cta-link\" data-cta-trk='{\"ctaType\":\"Link\",\"ctaSubType\":\"main\"}'>May 14, 2025<\/a><\/blockquote><script async src=\"https:\/\/platform.twitter.com\/widgets.js\" charset=\"utf-8\"><\/script>\n<\/div><\/figure><h2 class=\"wp-block-heading\"><strong>Fabrizio Romano: S&eacute;rgio Concei&ccedil;&atilde;o to Depart AC Milan After Coppa Italia Loss to Bologna<\/strong><\/h2><p>AC Milan has lost 10 games of their 36 games in the Serie A 2024\/25 campaign as of May 2025. Compared to their seven defeats in the previous campaign, Conceicao has failed to pick up the crucial points required for the European stages.&nbsp;<\/p><p>The Rossoneri will have two games to go as they trail by three points to sixth-placed Roma. With the team&rsquo;s participation in the elite competition stumbling, AC Milan might also see some of their players bid farewell to the club.<\/p><p><a href=\"https:\/\/x.com\/milanposts\/status\/1922761070491336714?s=46\" class=\"trk-cta-link\" data-cta-trk='{\"ctaType\":\"Link\",\"ctaSubType\":\"main\"}'><\/a><\/p><figure class=\"wp-block-embed is-type-rich is-provider-twitter wp-block-embed-twitter\"><div class=\"wp-block-embed__wrapper\">\n<blockquote class=\"twitter-tweet\" data-width=\"500\" data-dnt=\"true\"><p lang=\"en\" dir=\"ltr\">FIRE PAOLO MALDINI THE LEGEND OF AC MILAN!! THE EMBLEM OF AC MILAN!! THE DNA OF AC MILAN!! IT'S A SHAME!! <a href=\"https:\/\/t.co\/kDJMTnINx3\" class=\"trk-cta-link\" data-cta-trk='{\"ctaType\":\"Link\",\"ctaSubType\":\"main\"}'>pic.twitter.com\/kDJMTnINx3<\/a><\/p>&mdash; Milan Posts (@MilanPosts) <a href=\"https:\/\/twitter.com\/MilanPosts\/status\/1922761070491336714?ref_src=twsrc%5Etfw\" class=\"trk-cta-link\" data-cta-trk='{\"ctaType\":\"Link\",\"ctaSubType\":\"main\"}'>May 14, 2025<\/a><\/blockquote><script async src=\"https:\/\/platform.twitter.com\/widgets.js\" charset=\"utf-8\"><\/script>\n<\/div><\/figure><h3 class=\"wp-block-heading\"><strong>Jo&atilde;o Felix Is Said To Return To Chelsea&nbsp;<\/strong><\/h3><p>Following a disappointing season, Jo&atilde;o Felix is being talked about as having a quick exit to AC Milan in reports. He is reported to return to Chelsea at the end of the season. Starting six games since his arrival in January, the Portuguese is yet to score in Serie A in 11 appearances.&nbsp;<\/p><p><strong>ALSO READ:<\/strong>&nbsp;<a href=\"https:\/\/theplayoffs.news\/en\/ac-milan-vs-bologna-rossoblu-end-51-year-wait-with-historic-coppa-italia-win\/\" target=\"_blank\" rel=\"noreferrer noopener\" class=\"trk-cta-link\" data-cta-trk='{\"ctaType\":\"Link\",\"ctaSubType\":\"main\"}'><strong>AC Milan vs Bologna: Rossoblu End 51-Year Wait With Historic Coppa Italia Win<\/strong><\/a><\/p><p>In the other schemes of transfers in Milan, Manchester City is set to submit a formal bid for Tijjani Reijnders to AC Milan in the coming weeks. The Dutchman has impressed Pep Guardiola and could be headed to Etihad as the Cityzens try to regroup.&nbsp;<\/p><p>AC Milan will be out of the Champions League for the first time since the 2019\/20 season, given their downfall this year. Conceicao has been in talks of an exit since taking over in December 2024 has failed to turn things around. Failing to win 14 of the games from 29 games, the Portuguese manager will part ways this summer.<\/p>\n<div class=\"mm-layout mm-layout-type-post mm-layout-slot4\">\n<\/div>","protected":false},"excerpt":{"rendered":"<p>Portuguese Manager\u2019s Departure Confirmed Following 1-0 Defeat in 2025 Coppa Italia Final<\/p>\n","protected":false},"author":29,"featured_media":53245,"comment_status":"closed","ping_status":"closed","sticky":false,"template":"","format":"standard","meta":{"_acf_changed":false,"_mux_skip_reasons":[],"footnotes":""},"categories":[4038],"tags":[5189],"class_list":["post-53238","post","type-post","status-publish","format-standard","has-post-thumbnail","hentry","category-soccer","tag-ac-milan"],"acf":[],"yoast_head":"<!-- This site is optimized with the Yoast SEO plugin v23.8 - https:\/\/yoast.com\/wordpress\/plugins\/seo\/ -->\n<title>S&eacute;rgio Concei&ccedil;&atilde;o to Leave AC Milan After Coppa Italia Loss to Bologna<\/title>\n<meta name=\"description\" content=\"S&eacute;rgio Concei&ccedil;&atilde;o will reportedly exit AC Milan after a 1-0 loss to Bologna in the 2025 Coppa Italia final. Explore the reasons behind his farewell and what&rsquo;s next for the Rossoneri.\" \/>\n<meta name=\"robots\" content=\"index, follow, max-snippet:-1, max-image-preview:large, max-video-preview:-1\" \/>\n<link rel=\"canonical\" href=\"https:\/\/theplayoffs.news\/en\/ac-milan-manager-sergei-conceicao-will-bid-farewell-to-ac-milan-following-the-coppa-italia-defeat-to-bologna\/\" \/>\n<meta property=\"og:locale\" content=\"en_US\" \/>\n<meta property=\"og:type\" content=\"article\" \/>\n<meta property=\"og:title\" content=\"S&eacute;rgio Concei&ccedil;&atilde;o to Leave AC Milan After Coppa Italia Loss to Bologna\" \/>\n<meta property=\"og:description\" content=\"S&eacute;rgio Concei&ccedil;&atilde;o will reportedly exit AC Milan after a 1-0 loss to Bologna in the 2025 Coppa Italia final. Explore the reasons behind his farewell and what&rsquo;s next for the Rossoneri.\" \/>\n<meta property=\"og:url\" content=\"https:\/\/theplayoffs.news\/en\/ac-milan-manager-sergei-conceicao-will-bid-farewell-to-ac-milan-following-the-coppa-italia-defeat-to-bologna\/\" \/>\n<meta property=\"og:site_name\" content=\"The Playoffs\" \/>\n<meta property=\"article:modified_time\" content=\"2025-05-15T12:16:14+01:00\" \/>\n<meta property=\"og:image\" content=\"https:\/\/theplayoffs.news\/en\/wp-content\/uploads\/2025\/05\/AC-Milan-Manager-Sergei-Conceicao-Will-Bid-Farewell-to-AC-Milan-Following-the-Coppa-Italia-Defeat-To-Bologna.jpg\" \/>\n\t<meta property=\"og:image:width\" content=\"1080\" \/>\n\t<meta property=\"og:image:height\" content=\"809\" \/>\n\t<meta property=\"og:image:type\" content=\"image\/jpeg\" \/>\n<meta name=\"author\" content=\"Mayur Dedwal\" \/>\n<meta name=\"twitter:card\" content=\"summary_large_image\" \/>\n<meta name=\"twitter:creator\" content=\"@deadwall12\" \/>\n<meta name=\"twitter:site\" content=\"@ThePlayoffsEN\" \/>\n<meta name=\"twitter:label1\" content=\"Written by\" \/>\n\t<meta name=\"twitter:data1\" content=\"Mayur Dedwal\" \/>\n\t<meta name=\"twitter:label2\" content=\"Est. reading time\" \/>\n\t<meta name=\"twitter:data2\" content=\"2 minutes\" \/>\n<script type=\"application\/ld+json\" class=\"yoast-schema-graph\">{\"@context\":\"https:\/\/schema.org\",\"@graph\":[{\"@type\":\"NewsArticle\",\"@id\":\"https:\/\/theplayoffs.news\/en\/ac-milan-manager-sergei-conceicao-will-bid-farewell-to-ac-milan-following-the-coppa-italia-defeat-to-bologna\/#article\",\"isPartOf\":{\"@id\":\"https:\/\/theplayoffs.news\/en\/ac-milan-manager-sergei-conceicao-will-bid-farewell-to-ac-milan-following-the-coppa-italia-defeat-to-bologna\/\"},\"author\":{\"name\":\"Mayur Dedwal\",\"@id\":\"https:\/\/theplayoffs.news\/en\/#\/schema\/person\/2e3f217988a0b71e7d21e1c2080bb859\"},\"headline\":\"AC Milan Manager Sergio Conceicao Will Bid Farewell to AC Milan Following the Coppa Italia Defeat To Bologna\u00a0\",\"datePublished\":\"2025-05-15T09:55:27+00:00\",\"dateModified\":\"2025-05-15T11:16:14+00:00\",\"mainEntityOfPage\":{\"@id\":\"https:\/\/theplayoffs.news\/en\/ac-milan-manager-sergei-conceicao-will-bid-farewell-to-ac-milan-following-the-coppa-italia-defeat-to-bologna\/\"},\"wordCount\":408,\"publisher\":{\"@id\":\"https:\/\/theplayoffs.news\/en\/#organization\"},\"image\":{\"@id\":\"https:\/\/theplayoffs.news\/en\/ac-milan-manager-sergei-conceicao-will-bid-farewell-to-ac-milan-following-the-coppa-italia-defeat-to-bologna\/#primaryimage\"},\"thumbnailUrl\":\"https:\/\/cdn.theplayoffs.news\/en\/\/wp-content\/uploads\/2025\/05\/AC-Milan-Manager-Sergei-Conceicao-Will-Bid-Farewell-to-AC-Milan-Following-the-Coppa-Italia-Defeat-To-Bologna.jpg\",\"keywords\":[\"AC Milan\"],\"articleSection\":[\"Soccer\"],\"inLanguage\":\"en-US\",\"copyrightYear\":\"2025\",\"copyrightHolder\":{\"@id\":\"https:\/\/theplayoffs.news\/en\/#organization\"}},{\"@type\":\"WebPage\",\"@id\":\"https:\/\/theplayoffs.news\/en\/ac-milan-manager-sergei-conceicao-will-bid-farewell-to-ac-milan-following-the-coppa-italia-defeat-to-bologna\/\",\"url\":\"https:\/\/theplayoffs.news\/en\/ac-milan-manager-sergei-conceicao-will-bid-farewell-to-ac-milan-following-the-coppa-italia-defeat-to-bologna\/\",\"name\":\"S\u00e9rgio Concei\u00e7\u00e3o to Leave AC Milan After Coppa Italia Loss to Bologna\",\"isPartOf\":{\"@id\":\"https:\/\/theplayoffs.news\/en\/#website\"},\"primaryImageOfPage\":{\"@id\":\"https:\/\/theplayoffs.news\/en\/ac-milan-manager-sergei-conceicao-will-bid-farewell-to-ac-milan-following-the-coppa-italia-defeat-to-bologna\/#primaryimage\"},\"image\":{\"@id\":\"https:\/\/theplayoffs.news\/en\/ac-milan-manager-sergei-conceicao-will-bid-farewell-to-ac-milan-following-the-coppa-italia-defeat-to-bologna\/#primaryimage\"},\"thumbnailUrl\":\"https:\/\/cdn.theplayoffs.news\/en\/\/wp-content\/uploads\/2025\/05\/AC-Milan-Manager-Sergei-Conceicao-Will-Bid-Farewell-to-AC-Milan-Following-the-Coppa-Italia-Defeat-To-Bologna.jpg\",\"datePublished\":\"2025-05-15T09:55:27+00:00\",\"dateModified\":\"2025-05-15T11:16:14+00:00\",\"description\":\"S\u00e9rgio Concei\u00e7\u00e3o will reportedly exit AC Milan after a 1-0 loss to Bologna in the 2025 Coppa Italia final. Explore the reasons behind his farewell and what\u2019s next for the Rossoneri.\",\"breadcrumb\":{\"@id\":\"https:\/\/theplayoffs.news\/en\/ac-milan-manager-sergei-conceicao-will-bid-farewell-to-ac-milan-following-the-coppa-italia-defeat-to-bologna\/#breadcrumb\"},\"inLanguage\":\"en-US\",\"potentialAction\":[{\"@type\":\"ReadAction\",\"target\":[\"https:\/\/theplayoffs.news\/en\/ac-milan-manager-sergei-conceicao-will-bid-farewell-to-ac-milan-following-the-coppa-italia-defeat-to-bologna\/\"]}]},{\"@type\":\"ImageObject\",\"inLanguage\":\"en-US\",\"@id\":\"https:\/\/theplayoffs.news\/en\/ac-milan-manager-sergei-conceicao-will-bid-farewell-to-ac-milan-following-the-coppa-italia-defeat-to-bologna\/#primaryimage\",\"url\":\"https:\/\/cdn.theplayoffs.news\/en\/\/wp-content\/uploads\/2025\/05\/AC-Milan-Manager-Sergei-Conceicao-Will-Bid-Farewell-to-AC-Milan-Following-the-Coppa-Italia-Defeat-To-Bologna.jpg\",\"contentUrl\":\"https:\/\/cdn.theplayoffs.news\/en\/\/wp-content\/uploads\/2025\/05\/AC-Milan-Manager-Sergei-Conceicao-Will-Bid-Farewell-to-AC-Milan-Following-the-Coppa-Italia-Defeat-To-Bologna.jpg\",\"width\":1080,\"height\":809,\"caption\":\"image via - @acmilan\/ X\"},{\"@type\":\"BreadcrumbList\",\"@id\":\"https:\/\/theplayoffs.news\/en\/ac-milan-manager-sergei-conceicao-will-bid-farewell-to-ac-milan-following-the-coppa-italia-defeat-to-bologna\/#breadcrumb\",\"itemListElement\":[{\"@type\":\"ListItem\",\"position\":1,\"name\":\"Home\",\"item\":\"https:\/\/theplayoffs.news\/en\/\"},{\"@type\":\"ListItem\",\"position\":2,\"name\":\"AC Milan Manager Sergio Conceicao Will Bid Farewell to AC Milan Following the Coppa Italia Defeat To Bologna\u00a0\"}]},{\"@type\":\"WebSite\",\"@id\":\"https:\/\/theplayoffs.news\/en\/#website\",\"url\":\"https:\/\/theplayoffs.news\/en\/\",\"name\":\"The Playoffs\",\"description\":\"Share passion for sports &amp; betting\",\"publisher\":{\"@id\":\"https:\/\/theplayoffs.news\/en\/#organization\"},\"potentialAction\":[{\"@type\":\"SearchAction\",\"target\":{\"@type\":\"EntryPoint\",\"urlTemplate\":\"https:\/\/theplayoffs.news\/en\/?s={search_term_string}\"},\"query-input\":{\"@type\":\"PropertyValueSpecification\",\"valueRequired\":true,\"valueName\":\"search_term_string\"}}],\"inLanguage\":\"en-US\"},{\"@type\":\"Organization\",\"@id\":\"https:\/\/theplayoffs.news\/en\/#organization\",\"name\":\"The Playoffs\",\"url\":\"https:\/\/theplayoffs.news\/en\/\",\"logo\":{\"@type\":\"ImageObject\",\"inLanguage\":\"en-US\",\"@id\":\"https:\/\/theplayoffs.news\/en\/#\/schema\/logo\/image\/\",\"url\":\"https:\/\/theplayoffs.news\/en\/wp-content\/uploads\/2024\/11\/selo-tp-2020-415x280-1.webp\",\"contentUrl\":\"https:\/\/theplayoffs.news\/en\/wp-content\/uploads\/2024\/11\/selo-tp-2020-415x280-1.webp\",\"width\":415,\"height\":280,\"caption\":\"The Playoffs\"},\"image\":{\"@id\":\"https:\/\/theplayoffs.news\/en\/#\/schema\/logo\/image\/\"},\"sameAs\":[\"https:\/\/x.com\/ThePlayoffsEN\",\"https:\/\/www.instagram.com\/theplayoffs_en\/\"]},{\"@type\":\"Person\",\"@id\":\"https:\/\/theplayoffs.news\/en\/#\/schema\/person\/2e3f217988a0b71e7d21e1c2080bb859\",\"name\":\"Mayur Dedwal\",\"image\":{\"@type\":\"ImageObject\",\"inLanguage\":\"en-US\",\"@id\":\"https:\/\/theplayoffs.news\/en\/#\/schema\/person\/image\/\",\"url\":\"https:\/\/secure.gravatar.com\/avatar\/455e1b33eb1adcffefab4798f332f263?s=96&d=mm&r=g\",\"contentUrl\":\"https:\/\/secure.gravatar.com\/avatar\/455e1b33eb1adcffefab4798f332f263?s=96&d=mm&r=g\",\"caption\":\"Mayur Dedwal\"},\"description\":\"I\u2019m a Sports Content Writer with expertise in football. Being a decade old football enthusiast and part-time coach, I try to bring to life to the articles in a statistical manner. Being around all kinds of sports updates and able to put in my perspective\u2019s to the happenings in the world of football are few of the many things i like in doing what i do. You can find me playing Sunday leagues or Xbox on weekends!\",\"sameAs\":[\"https:\/\/pin.it\/3FTHHtth9\",\"https:\/\/x.com\/deadwall12\"],\"url\":\"https:\/\/theplayoffs.news\/en\/author\/mayur\/\"}]}<\/script>\n<!-- \/ Yoast SEO plugin. -->","yoast_head_json":{"title":"S&eacute;rgio Concei&ccedil;&atilde;o to Leave AC Milan After Coppa Italia Loss to Bologna","description":"S&eacute;rgio Concei&ccedil;&atilde;o will reportedly exit AC Milan after a 1-0 loss to Bologna in the 2025 Coppa Italia final. Explore the reasons behind his farewell and what&rsquo;s next for the Rossoneri.","robots":{"index":"index","follow":"follow","max-snippet":"max-snippet:-1","max-image-preview":"max-image-preview:large","max-video-preview":"max-video-preview:-1"},"canonical":"https:\/\/theplayoffs.news\/en\/ac-milan-manager-sergei-conceicao-will-bid-farewell-to-ac-milan-following-the-coppa-italia-defeat-to-bologna\/","og_locale":"en_US","og_type":"article","og_title":"S&eacute;rgio Concei&ccedil;&atilde;o to Leave AC Milan After Coppa Italia Loss to Bologna","og_description":"S&eacute;rgio Concei&ccedil;&atilde;o will reportedly exit AC Milan after a 1-0 loss to Bologna in the 2025 Coppa Italia final. Explore the reasons behind his farewell and what&rsquo;s next for the Rossoneri.","og_url":"https:\/\/theplayoffs.news\/en\/ac-milan-manager-sergei-conceicao-will-bid-farewell-to-ac-milan-following-the-coppa-italia-defeat-to-bologna\/","og_site_name":"The Playoffs","article_modified_time":"2025-05-15T11:16:14+00:00","og_image":[{"width":1080,"height":809,"url":"https:\/\/theplayoffs.news\/en\/wp-content\/uploads\/2025\/05\/AC-Milan-Manager-Sergei-Conceicao-Will-Bid-Farewell-to-AC-Milan-Following-the-Coppa-Italia-Defeat-To-Bologna.jpg","type":"image\/jpeg"}],"author":"Mayur Dedwal","twitter_card":"summary_large_image","twitter_creator":"@deadwall12","twitter_site":"@ThePlayoffsEN","twitter_misc":{"Written by":"Mayur Dedwal","Est. reading time":"2 minutes"},"schema":{"@context":"https:\/\/schema.org","@graph":[{"@type":"NewsArticle","@id":"https:\/\/theplayoffs.news\/en\/ac-milan-manager-sergei-conceicao-will-bid-farewell-to-ac-milan-following-the-coppa-italia-defeat-to-bologna\/#article","isPartOf":{"@id":"https:\/\/theplayoffs.news\/en\/ac-milan-manager-sergei-conceicao-will-bid-farewell-to-ac-milan-following-the-coppa-italia-defeat-to-bologna\/"},"author":{"name":"Mayur Dedwal","@id":"https:\/\/theplayoffs.news\/en\/#\/schema\/person\/2e3f217988a0b71e7d21e1c2080bb859"},"headline":"AC Milan Manager Sergio Conceicao Will Bid Farewell to AC Milan Following the Coppa Italia Defeat To Bologna\u00a0","datePublished":"2025-05-15T09:55:27+00:00","dateModified":"2025-05-15T11:16:14+00:00","mainEntityOfPage":{"@id":"https:\/\/theplayoffs.news\/en\/ac-milan-manager-sergei-conceicao-will-bid-farewell-to-ac-milan-following-the-coppa-italia-defeat-to-bologna\/"},"wordCount":408,"publisher":{"@id":"https:\/\/theplayoffs.news\/en\/#organization"},"image":{"@id":"https:\/\/theplayoffs.news\/en\/ac-milan-manager-sergei-conceicao-will-bid-farewell-to-ac-milan-following-the-coppa-italia-defeat-to-bologna\/#primaryimage"},"thumbnailUrl":"https:\/\/cdn.theplayoffs.news\/en\/\/wp-content\/uploads\/2025\/05\/AC-Milan-Manager-Sergei-Conceicao-Will-Bid-Farewell-to-AC-Milan-Following-the-Coppa-Italia-Defeat-To-Bologna.jpg","keywords":["AC Milan"],"articleSection":["Soccer"],"inLanguage":"en-US","copyrightYear":"2025","copyrightHolder":{"@id":"https:\/\/theplayoffs.news\/en\/#organization"}},{"@type":"WebPage","@id":"https:\/\/theplayoffs.news\/en\/ac-milan-manager-sergei-conceicao-will-bid-farewell-to-ac-milan-following-the-coppa-italia-defeat-to-bologna\/","url":"https:\/\/theplayoffs.news\/en\/ac-milan-manager-sergei-conceicao-will-bid-farewell-to-ac-milan-following-the-coppa-italia-defeat-to-bologna\/","name":"S\u00e9rgio Concei\u00e7\u00e3o to Leave AC Milan After Coppa Italia Loss to Bologna","isPartOf":{"@id":"https:\/\/theplayoffs.news\/en\/#website"},"primaryImageOfPage":{"@id":"https:\/\/theplayoffs.news\/en\/ac-milan-manager-sergei-conceicao-will-bid-farewell-to-ac-milan-following-the-coppa-italia-defeat-to-bologna\/#primaryimage"},"image":{"@id":"https:\/\/theplayoffs.news\/en\/ac-milan-manager-sergei-conceicao-will-bid-farewell-to-ac-milan-following-the-coppa-italia-defeat-to-bologna\/#primaryimage"},"thumbnailUrl":"https:\/\/cdn.theplayoffs.news\/en\/\/wp-content\/uploads\/2025\/05\/AC-Milan-Manager-Sergei-Conceicao-Will-Bid-Farewell-to-AC-Milan-Following-the-Coppa-Italia-Defeat-To-Bologna.jpg","datePublished":"2025-05-15T09:55:27+00:00","dateModified":"2025-05-15T11:16:14+00:00","description":"S\u00e9rgio Concei\u00e7\u00e3o will reportedly exit AC Milan after a 1-0 loss to Bologna in the 2025 Coppa Italia final. Explore the reasons behind his farewell and what\u2019s next for the Rossoneri.","breadcrumb":{"@id":"https:\/\/theplayoffs.news\/en\/ac-milan-manager-sergei-conceicao-will-bid-farewell-to-ac-milan-following-the-coppa-italia-defeat-to-bologna\/#breadcrumb"},"inLanguage":"en-US","potentialAction":[{"@type":"ReadAction","target":["https:\/\/theplayoffs.news\/en\/ac-milan-manager-sergei-conceicao-will-bid-farewell-to-ac-milan-following-the-coppa-italia-defeat-to-bologna\/"]}]},{"@type":"ImageObject","inLanguage":"en-US","@id":"https:\/\/theplayoffs.news\/en\/ac-milan-manager-sergei-conceicao-will-bid-farewell-to-ac-milan-following-the-coppa-italia-defeat-to-bologna\/#primaryimage","url":"https:\/\/cdn.theplayoffs.news\/en\/\/wp-content\/uploads\/2025\/05\/AC-Milan-Manager-Sergei-Conceicao-Will-Bid-Farewell-to-AC-Milan-Following-the-Coppa-Italia-Defeat-To-Bologna.jpg","contentUrl":"https:\/\/cdn.theplayoffs.news\/en\/\/wp-content\/uploads\/2025\/05\/AC-Milan-Manager-Sergei-Conceicao-Will-Bid-Farewell-to-AC-Milan-Following-the-Coppa-Italia-Defeat-To-Bologna.jpg","width":1080,"height":809,"caption":"image via - @acmilan\/ X"},{"@type":"BreadcrumbList","@id":"https:\/\/theplayoffs.news\/en\/ac-milan-manager-sergei-conceicao-will-bid-farewell-to-ac-milan-following-the-coppa-italia-defeat-to-bologna\/#breadcrumb","itemListElement":[{"@type":"ListItem","position":1,"name":"Home","item":"https:\/\/theplayoffs.news\/en\/"},{"@type":"ListItem","position":2,"name":"AC Milan Manager Sergio Conceicao Will Bid Farewell to AC Milan Following the Coppa Italia Defeat To Bologna\u00a0"}]},{"@type":"WebSite","@id":"https:\/\/theplayoffs.news\/en\/#website","url":"https:\/\/theplayoffs.news\/en\/","name":"The Playoffs","description":"Share passion for sports &amp; betting","publisher":{"@id":"https:\/\/theplayoffs.news\/en\/#organization"},"potentialAction":[{"@type":"SearchAction","target":{"@type":"EntryPoint","urlTemplate":"https:\/\/theplayoffs.news\/en\/?s={search_term_string}"},"query-input":{"@type":"PropertyValueSpecification","valueRequired":true,"valueName":"search_term_string"}}],"inLanguage":"en-US"},{"@type":"Organization","@id":"https:\/\/theplayoffs.news\/en\/#organization","name":"The Playoffs","url":"https:\/\/theplayoffs.news\/en\/","logo":{"@type":"ImageObject","inLanguage":"en-US","@id":"https:\/\/theplayoffs.news\/en\/#\/schema\/logo\/image\/","url":"https:\/\/theplayoffs.news\/en\/wp-content\/uploads\/2024\/11\/selo-tp-2020-415x280-1.webp","contentUrl":"https:\/\/theplayoffs.news\/en\/wp-content\/uploads\/2024\/11\/selo-tp-2020-415x280-1.webp","width":415,"height":280,"caption":"The Playoffs"},"image":{"@id":"https:\/\/theplayoffs.news\/en\/#\/schema\/logo\/image\/"},"sameAs":["https:\/\/x.com\/ThePlayoffsEN","https:\/\/www.instagram.com\/theplayoffs_en\/"]},{"@type":"Person","@id":"https:\/\/theplayoffs.news\/en\/#\/schema\/person\/2e3f217988a0b71e7d21e1c2080bb859","name":"Mayur Dedwal","image":{"@type":"ImageObject","inLanguage":"en-US","@id":"https:\/\/theplayoffs.news\/en\/#\/schema\/person\/image\/","url":"https:\/\/secure.gravatar.com\/avatar\/455e1b33eb1adcffefab4798f332f263?s=96&d=mm&r=g","contentUrl":"https:\/\/secure.gravatar.com\/avatar\/455e1b33eb1adcffefab4798f332f263?s=96&d=mm&r=g","caption":"Mayur Dedwal"},"description":"I\u2019m a Sports Content Writer with expertise in football. Being a decade old football enthusiast and part-time coach, I try to bring to life to the articles in a statistical manner. Being around all kinds of sports updates and able to put in my perspective\u2019s to the happenings in the world of football are few of the many things i like in doing what i do. You can find me playing Sunday leagues or Xbox on weekends!","sameAs":["https:\/\/pin.it\/3FTHHtth9","https:\/\/x.com\/deadwall12"],"url":"https:\/\/theplayoffs.news\/en\/author\/mayur\/"}]}},"_links":{"self":[{"href":"https:\/\/theplayoffs.news\/en\/wp-json\/wp\/v2\/posts\/53238"}],"collection":[{"href":"https:\/\/theplayoffs.news\/en\/wp-json\/wp\/v2\/posts"}],"about":[{"href":"https:\/\/theplayoffs.news\/en\/wp-json\/wp\/v2\/types\/post"}],"author":[{"embeddable":true,"href":"https:\/\/theplayoffs.news\/en\/wp-json\/wp\/v2\/users\/29"}],"replies":[{"embeddable":true,"href":"https:\/\/theplayoffs.news\/en\/wp-json\/wp\/v2\/comments?post=53238"}],"version-history":[{"count":6,"href":"https:\/\/theplayoffs.news\/en\/wp-json\/wp\/v2\/posts\/53238\/revisions"}],"predecessor-version":[{"id":53311,"href":"https:\/\/theplayoffs.news\/en\/wp-json\/wp\/v2\/posts\/53238\/revisions\/53311"}],"wp:featuredmedia":[{"embeddable":true,"href":"https:\/\/theplayoffs.news\/en\/wp-json\/wp\/v2\/media\/53245"}],"wp:attachment":[{"href":"https:\/\/theplayoffs.news\/en\/wp-json\/wp\/v2\/media?parent=53238"}],"wp:term":[{"taxonomy":"category","embeddable":true,"href":"https:\/\/theplayoffs.news\/en\/wp-json\/wp\/v2\/categories?post=53238"},{"taxonomy":"post_tag","embeddable":true,"href":"https:\/\/theplayoffs.news\/en\/wp-json\/wp\/v2\/tags?post=53238"}],"curies":[{"name":"wp","href":"https:\/\/api.w.org\/{rel}","templated":true}]}}