{"id":38948,"date":"2025-04-11T11:50:59","date_gmt":"2025-04-11T10:50:59","guid":{"rendered":"https:\/\/theplayoffs.news\/en\/?p=38948"},"modified":"2025-04-11T11:53:37","modified_gmt":"2025-04-11T10:53:37","slug":"valencia-vs-sevilla-la-liga-injury-news-match-preview-and-predicted-line-ups","status":"publish","type":"post","link":"https:\/\/theplayoffs.news\/en\/valencia-vs-sevilla-la-liga-injury-news-match-preview-and-predicted-line-ups\/","title":{"rendered":"Valencia vs Sevilla La Liga \u2013 Injury News, Match Preview and Predicted Line-Ups"},"content":{"rendered":"<p>Valencia will look to secure a third consecutive La Liga win as they host Sevilla at the Mestalla on Friday night. Currently sitting 14th in the table, Valencia head into the clash with confidence after a hard-fought 2-1 victory over Real Madrid. Valencia clinched a dramatic late victory, with Hugo Duro nodding in a Rafa Mir cross in the dying moments to seal a memorable win at the Bernab&eacute;u.<\/p><p>Meanwhile, 12th-placed Sevilla will be hoping to bounce back following a 2-1 home defeat to Atletico Madrid in their previous outing. The reverse fixture between these two sides earlier this season ended in a 1-1 draw at the Estadio Ram&oacute;n S&aacute;nchez Pizju&aacute;n. With the season entering its final stretch, both sides will be eager to pick up valuable points and climb further up the standings.<\/p><figure class=\"wp-block-embed is-type-rich is-provider-twitter wp-block-embed-twitter\"><div class=\"wp-block-embed__wrapper\">\n<blockquote class=\"twitter-tweet\" data-width=\"500\" data-dnt=\"true\"><p lang=\"en\" dir=\"ltr\">LET&rsquo;S DO THIS  &#128170;&#127998;<br><br>See you tomorrow at Mestalla &#129415;<a href=\"https:\/\/twitter.com\/hashtag\/ValenciaSevillaFC?src=hash&amp;ref_src=twsrc%5Etfw\" class=\"trk-cta-link\" data-cta-trk='{\"ctaType\":\"Link\",\"ctaSubType\":\"main\"}'>#ValenciaSevillaFC<\/a>  <a href=\"https:\/\/t.co\/rN3iBP0swU\" class=\"trk-cta-link\" data-cta-trk='{\"ctaType\":\"Link\",\"ctaSubType\":\"main\"}'>pic.twitter.com\/rN3iBP0swU<\/a><\/p>&mdash; Valencia CF (@valenciacf_en) <a href=\"https:\/\/twitter.com\/valenciacf_en\/status\/1910403434114691537?ref_src=twsrc%5Etfw\" class=\"trk-cta-link\" data-cta-trk='{\"ctaType\":\"Link\",\"ctaSubType\":\"main\"}'>April 10, 2025<\/a><\/blockquote><script async src=\"https:\/\/platform.twitter.com\/widgets.js\" charset=\"utf-8\"><\/script>\n<\/div><\/figure><h2 class=\"wp-block-heading\">Valencia Injury News<\/h2><p>Valencia have a near fully fit squad to choose from. They home team will be boosted by the return of three key players from suspension for Friday&rsquo;s clash, with Luis Rioja, Jose Gaya, and Dimitri Foulquier all back in contention for selection. Gaya and Foulquier are expected to slot straight back into the starting XI in the wing-back roles. However, they&rsquo;ll still be without Cristian Rivero and Thierry Correia, who remain sidelined with injuries.<\/p><p><strong>Valencia Probable Starting Lineup:<\/strong><\/p><p>Mamardashvili; Foulquier, Mosquera, Tarrega, Diakhaby, Gaya; D Lopez, Guerra, Barrenechea, Almeida; Duro<\/p><h2 class=\"wp-block-heading\">Sevilla Injury News<\/h2><p>Sevilla continue to struggle with injury concerns ahead of their trip to Valencia. Attacker Ruben Vargas is a major doubt after being forced off early in the loss to Atletico Madrid. Akor Adams and Tanguy Nianzou are also likely to miss out due to muscle issues. Nemanja Gudelj could be drafted into the team to solidify the defense. Chidera Ejuke and Isaac Romero should replace Vargas and Adams respectively.&nbsp;<\/p><p><strong>ALSO READ:<\/strong>&nbsp;<a href=\"https:\/\/theplayoffs.news\/en\/key-takeaways-from-arsenal-vs-real-madrid-ucl-quarter-finals-leg-1\/\" target=\"_blank\" rel=\"noreferrer noopener\" class=\"trk-cta-link\" data-cta-trk='{\"ctaType\":\"Link\",\"ctaSubType\":\"main\"}'><strong>Key Takeaways from Arsenal vs. Real Madrid UCL Quarter-finals Leg 1<\/strong><\/a><\/p><figure class=\"wp-block-embed is-type-rich is-provider-twitter wp-block-embed-twitter\"><div class=\"wp-block-embed__wrapper\">\n<blockquote class=\"twitter-tweet\" data-width=\"500\" data-dnt=\"true\"><p lang=\"en\" dir=\"ltr\">&#128203; Our 2&#65039;&#8419;3&#65039;&#8419;-man squad for <a href=\"https:\/\/twitter.com\/hashtag\/ValenciaSevillaFC?src=hash&amp;ref_src=twsrc%5Etfw\" class=\"trk-cta-link\" data-cta-trk='{\"ctaType\":\"Link\",\"ctaSubType\":\"main\"}'>#ValenciaSevillaFC<\/a> <a href=\"https:\/\/t.co\/vdoOJb1K5q\" class=\"trk-cta-link\" data-cta-trk='{\"ctaType\":\"Link\",\"ctaSubType\":\"main\"}'>pic.twitter.com\/vdoOJb1K5q<\/a><\/p>&mdash; Sevilla FC (@SevillaFC_ENG) <a href=\"https:\/\/twitter.com\/SevillaFC_ENG\/status\/1910363646485495903?ref_src=twsrc%5Etfw\" class=\"trk-cta-link\" data-cta-trk='{\"ctaType\":\"Link\",\"ctaSubType\":\"main\"}'>April 10, 2025<\/a><\/blockquote><script async src=\"https:\/\/platform.twitter.com\/widgets.js\" charset=\"utf-8\"><\/script>\n<\/div><\/figure><p><strong>Sevilla Probable Starting Lineup:<\/strong><\/p><p>Nyland; Pedrosa, Salas, Bad&eacute;, Carmona; Sow, Agoum&eacute;, Lokonga; Ejuke, Romero, Lukebakio<\/p><p><\/p>\n<div class=\"mm-layout mm-layout-type-post mm-layout-slot4\">\n<\/div>","protected":false},"excerpt":{"rendered":"<p>The reverse fixture between these two sides earlier this season ended in a 1-1 draw at the Estadio Ram\u00f3n S\u00e1nchez Pizju\u00e1n.<\/p>\n","protected":false},"author":32,"featured_media":38963,"comment_status":"closed","ping_status":"closed","sticky":false,"template":"","format":"standard","meta":{"_acf_changed":false,"_mux_skip_reasons":[],"footnotes":""},"categories":[4038],"tags":[3948,4500,4503],"class_list":["post-38948","post","type-post","status-publish","format-standard","has-post-thumbnail","hentry","category-soccer","tag-la-liga","tag-sevilla","tag-valencia"],"acf":[],"yoast_head":"<!-- This site is optimized with the Yoast SEO plugin v23.8 - https:\/\/yoast.com\/wordpress\/plugins\/seo\/ -->\n<title>Valencia vs Sevilla La Liga &ndash; Injury News, Match Preview and Predicted Line-Ups - The Playoffs<\/title>\n<meta name=\"description\" content=\"The reverse fixture between these two sides earlier this season ended in a 1-1 draw at the Estadio Ram&oacute;n S&aacute;nchez Pizju&aacute;n.\" \/>\n<meta name=\"robots\" content=\"index, follow, max-snippet:-1, max-image-preview:large, max-video-preview:-1\" \/>\n<link rel=\"canonical\" href=\"https:\/\/theplayoffs.news\/en\/valencia-vs-sevilla-la-liga-injury-news-match-preview-and-predicted-line-ups\/\" \/>\n<meta property=\"og:locale\" content=\"en_US\" \/>\n<meta property=\"og:type\" content=\"article\" \/>\n<meta property=\"og:title\" content=\"Valencia vs Sevilla La Liga &ndash; Injury News, Match Preview and Predicted Line-Ups - The Playoffs\" \/>\n<meta property=\"og:description\" content=\"The reverse fixture between these two sides earlier this season ended in a 1-1 draw at the Estadio Ram&oacute;n S&aacute;nchez Pizju&aacute;n.\" \/>\n<meta property=\"og:url\" content=\"https:\/\/theplayoffs.news\/en\/valencia-vs-sevilla-la-liga-injury-news-match-preview-and-predicted-line-ups\/\" \/>\n<meta property=\"og:site_name\" content=\"The Playoffs\" \/>\n<meta property=\"article:modified_time\" content=\"2025-04-11T11:53:37+01:00\" \/>\n<meta property=\"og:image\" content=\"https:\/\/theplayoffs.news\/en\/wp-content\/uploads\/2025\/04\/Valencia-vs-Sevilla-La-Liga.jpg\" \/>\n\t<meta property=\"og:image:width\" content=\"680\" \/>\n\t<meta property=\"og:image:height\" content=\"453\" \/>\n\t<meta property=\"og:image:type\" content=\"image\/jpeg\" \/>\n<meta name=\"author\" content=\"Abhinav Goel\" \/>\n<meta name=\"twitter:card\" content=\"summary_large_image\" \/>\n<meta name=\"twitter:creator\" content=\"@ThePlayoffsEN\" \/>\n<meta name=\"twitter:site\" content=\"@ThePlayoffsEN\" \/>\n<meta name=\"twitter:label1\" content=\"Written by\" \/>\n\t<meta name=\"twitter:data1\" content=\"Abhinav Goel\" \/>\n\t<meta name=\"twitter:label2\" content=\"Est. reading time\" \/>\n\t<meta name=\"twitter:data2\" content=\"2 minutes\" \/>\n<script type=\"application\/ld+json\" class=\"yoast-schema-graph\">{\"@context\":\"https:\/\/schema.org\",\"@graph\":[{\"@type\":\"NewsArticle\",\"@id\":\"https:\/\/theplayoffs.news\/en\/valencia-vs-sevilla-la-liga-injury-news-match-preview-and-predicted-line-ups\/#article\",\"isPartOf\":{\"@id\":\"https:\/\/theplayoffs.news\/en\/valencia-vs-sevilla-la-liga-injury-news-match-preview-and-predicted-line-ups\/\"},\"author\":{\"name\":\"Abhinav Goel\",\"@id\":\"https:\/\/theplayoffs.news\/en\/#\/schema\/person\/560f53c1b7b036779d2efecc3dc9bc35\"},\"headline\":\"Valencia vs Sevilla La Liga \u2013 Injury News, Match Preview and Predicted Line-Ups\",\"datePublished\":\"2025-04-11T10:50:59+00:00\",\"dateModified\":\"2025-04-11T10:53:37+00:00\",\"mainEntityOfPage\":{\"@id\":\"https:\/\/theplayoffs.news\/en\/valencia-vs-sevilla-la-liga-injury-news-match-preview-and-predicted-line-ups\/\"},\"wordCount\":357,\"publisher\":{\"@id\":\"https:\/\/theplayoffs.news\/en\/#organization\"},\"image\":{\"@id\":\"https:\/\/theplayoffs.news\/en\/valencia-vs-sevilla-la-liga-injury-news-match-preview-and-predicted-line-ups\/#primaryimage\"},\"thumbnailUrl\":\"https:\/\/cdn.theplayoffs.news\/en\/\/wp-content\/uploads\/2025\/04\/Valencia-vs-Sevilla-La-Liga.jpg\",\"keywords\":[\"La Liga\",\"Sevilla\",\"Valencia\"],\"articleSection\":[\"Soccer\"],\"inLanguage\":\"en-US\",\"copyrightYear\":\"2025\",\"copyrightHolder\":{\"@id\":\"https:\/\/theplayoffs.news\/en\/#organization\"}},{\"@type\":\"WebPage\",\"@id\":\"https:\/\/theplayoffs.news\/en\/valencia-vs-sevilla-la-liga-injury-news-match-preview-and-predicted-line-ups\/\",\"url\":\"https:\/\/theplayoffs.news\/en\/valencia-vs-sevilla-la-liga-injury-news-match-preview-and-predicted-line-ups\/\",\"name\":\"Valencia vs Sevilla La Liga \u2013 Injury News, Match Preview and Predicted Line-Ups - The Playoffs\",\"isPartOf\":{\"@id\":\"https:\/\/theplayoffs.news\/en\/#website\"},\"primaryImageOfPage\":{\"@id\":\"https:\/\/theplayoffs.news\/en\/valencia-vs-sevilla-la-liga-injury-news-match-preview-and-predicted-line-ups\/#primaryimage\"},\"image\":{\"@id\":\"https:\/\/theplayoffs.news\/en\/valencia-vs-sevilla-la-liga-injury-news-match-preview-and-predicted-line-ups\/#primaryimage\"},\"thumbnailUrl\":\"https:\/\/cdn.theplayoffs.news\/en\/\/wp-content\/uploads\/2025\/04\/Valencia-vs-Sevilla-La-Liga.jpg\",\"datePublished\":\"2025-04-11T10:50:59+00:00\",\"dateModified\":\"2025-04-11T10:53:37+00:00\",\"description\":\"The reverse fixture between these two sides earlier this season ended in a 1-1 draw at the Estadio Ram\u00f3n S\u00e1nchez Pizju\u00e1n.\",\"breadcrumb\":{\"@id\":\"https:\/\/theplayoffs.news\/en\/valencia-vs-sevilla-la-liga-injury-news-match-preview-and-predicted-line-ups\/#breadcrumb\"},\"inLanguage\":\"en-US\",\"potentialAction\":[{\"@type\":\"ReadAction\",\"target\":[\"https:\/\/theplayoffs.news\/en\/valencia-vs-sevilla-la-liga-injury-news-match-preview-and-predicted-line-ups\/\"]}]},{\"@type\":\"ImageObject\",\"inLanguage\":\"en-US\",\"@id\":\"https:\/\/theplayoffs.news\/en\/valencia-vs-sevilla-la-liga-injury-news-match-preview-and-predicted-line-ups\/#primaryimage\",\"url\":\"https:\/\/cdn.theplayoffs.news\/en\/\/wp-content\/uploads\/2025\/04\/Valencia-vs-Sevilla-La-Liga.jpg\",\"contentUrl\":\"https:\/\/cdn.theplayoffs.news\/en\/\/wp-content\/uploads\/2025\/04\/Valencia-vs-Sevilla-La-Liga.jpg\",\"width\":680,\"height\":453,\"caption\":\"Credit: @valenciacf_en \/ X\"},{\"@type\":\"BreadcrumbList\",\"@id\":\"https:\/\/theplayoffs.news\/en\/valencia-vs-sevilla-la-liga-injury-news-match-preview-and-predicted-line-ups\/#breadcrumb\",\"itemListElement\":[{\"@type\":\"ListItem\",\"position\":1,\"name\":\"Home\",\"item\":\"https:\/\/theplayoffs.news\/en\/\"},{\"@type\":\"ListItem\",\"position\":2,\"name\":\"Valencia vs Sevilla La Liga \u2013 Injury News, Match Preview and Predicted Line-Ups\"}]},{\"@type\":\"WebSite\",\"@id\":\"https:\/\/theplayoffs.news\/en\/#website\",\"url\":\"https:\/\/theplayoffs.news\/en\/\",\"name\":\"The Playoffs\",\"description\":\"Share passion for sports &amp; betting\",\"publisher\":{\"@id\":\"https:\/\/theplayoffs.news\/en\/#organization\"},\"potentialAction\":[{\"@type\":\"SearchAction\",\"target\":{\"@type\":\"EntryPoint\",\"urlTemplate\":\"https:\/\/theplayoffs.news\/en\/?s={search_term_string}\"},\"query-input\":{\"@type\":\"PropertyValueSpecification\",\"valueRequired\":true,\"valueName\":\"search_term_string\"}}],\"inLanguage\":\"en-US\"},{\"@type\":\"Organization\",\"@id\":\"https:\/\/theplayoffs.news\/en\/#organization\",\"name\":\"The Playoffs\",\"url\":\"https:\/\/theplayoffs.news\/en\/\",\"logo\":{\"@type\":\"ImageObject\",\"inLanguage\":\"en-US\",\"@id\":\"https:\/\/theplayoffs.news\/en\/#\/schema\/logo\/image\/\",\"url\":\"https:\/\/theplayoffs.news\/en\/wp-content\/uploads\/2024\/11\/selo-tp-2020-415x280-1.webp\",\"contentUrl\":\"https:\/\/theplayoffs.news\/en\/wp-content\/uploads\/2024\/11\/selo-tp-2020-415x280-1.webp\",\"width\":415,\"height\":280,\"caption\":\"The Playoffs\"},\"image\":{\"@id\":\"https:\/\/theplayoffs.news\/en\/#\/schema\/logo\/image\/\"},\"sameAs\":[\"https:\/\/x.com\/ThePlayoffsEN\",\"https:\/\/www.instagram.com\/theplayoffs_en\/\"]},{\"@type\":\"Person\",\"@id\":\"https:\/\/theplayoffs.news\/en\/#\/schema\/person\/560f53c1b7b036779d2efecc3dc9bc35\",\"name\":\"Abhinav Goel\",\"image\":{\"@type\":\"ImageObject\",\"inLanguage\":\"en-US\",\"@id\":\"https:\/\/theplayoffs.news\/en\/#\/schema\/person\/image\/\",\"url\":\"https:\/\/secure.gravatar.com\/avatar\/a6424122a12451a65543acb90873f966?s=96&d=mm&r=g\",\"contentUrl\":\"https:\/\/secure.gravatar.com\/avatar\/a6424122a12451a65543acb90873f966?s=96&d=mm&r=g\",\"caption\":\"Abhinav Goel\"},\"description\":\"I am a soccer writer at The PlayOffs, covering everything from match analysis to transfer buzz and tactical deep dives. Ever since I was a kid, soccer has been more than just a sport to me\u2014it\u2019s been an obsession. Playing and watching the game from a young age fueled my passion, eventually leading me into the world of sports media and betting. Now, I get to analyze the sport I love and bring the latest updates to fans worldwide. The best part of my job is staying as close as possible to the beautiful game. From the intensity of matchdays to the drama of the transfer market, every moment keeps me hooked. To all the readers out there \u2014 soccer is unpredictable, chaotic, and often heartbreaking just like our lives. But that\u2019s what makes it beautiful. So, buckle up and enjoy the ride.\",\"sameAs\":[\"https:\/\/www.instagram.com\/s.p.o.r.t.s.m.a.n.i.a\/?hl=en\"],\"url\":\"https:\/\/theplayoffs.news\/en\/author\/abhinav\/\"}]}<\/script>\n<!-- \/ Yoast SEO plugin. -->","yoast_head_json":{"title":"Valencia vs Sevilla La Liga &ndash; Injury News, Match Preview and Predicted Line-Ups - The Playoffs","description":"The reverse fixture between these two sides earlier this season ended in a 1-1 draw at the Estadio Ram&oacute;n S&aacute;nchez Pizju&aacute;n.","robots":{"index":"index","follow":"follow","max-snippet":"max-snippet:-1","max-image-preview":"max-image-preview:large","max-video-preview":"max-video-preview:-1"},"canonical":"https:\/\/theplayoffs.news\/en\/valencia-vs-sevilla-la-liga-injury-news-match-preview-and-predicted-line-ups\/","og_locale":"en_US","og_type":"article","og_title":"Valencia vs Sevilla La Liga &ndash; Injury News, Match Preview and Predicted Line-Ups - The Playoffs","og_description":"The reverse fixture between these two sides earlier this season ended in a 1-1 draw at the Estadio Ram&oacute;n S&aacute;nchez Pizju&aacute;n.","og_url":"https:\/\/theplayoffs.news\/en\/valencia-vs-sevilla-la-liga-injury-news-match-preview-and-predicted-line-ups\/","og_site_name":"The Playoffs","article_modified_time":"2025-04-11T10:53:37+00:00","og_image":[{"width":680,"height":453,"url":"https:\/\/theplayoffs.news\/en\/wp-content\/uploads\/2025\/04\/Valencia-vs-Sevilla-La-Liga.jpg","type":"image\/jpeg"}],"author":"Abhinav Goel","twitter_card":"summary_large_image","twitter_creator":"@ThePlayoffsEN","twitter_site":"@ThePlayoffsEN","twitter_misc":{"Written by":"Abhinav Goel","Est. reading time":"2 minutes"},"schema":{"@context":"https:\/\/schema.org","@graph":[{"@type":"NewsArticle","@id":"https:\/\/theplayoffs.news\/en\/valencia-vs-sevilla-la-liga-injury-news-match-preview-and-predicted-line-ups\/#article","isPartOf":{"@id":"https:\/\/theplayoffs.news\/en\/valencia-vs-sevilla-la-liga-injury-news-match-preview-and-predicted-line-ups\/"},"author":{"name":"Abhinav Goel","@id":"https:\/\/theplayoffs.news\/en\/#\/schema\/person\/560f53c1b7b036779d2efecc3dc9bc35"},"headline":"Valencia vs Sevilla La Liga \u2013 Injury News, Match Preview and Predicted Line-Ups","datePublished":"2025-04-11T10:50:59+00:00","dateModified":"2025-04-11T10:53:37+00:00","mainEntityOfPage":{"@id":"https:\/\/theplayoffs.news\/en\/valencia-vs-sevilla-la-liga-injury-news-match-preview-and-predicted-line-ups\/"},"wordCount":357,"publisher":{"@id":"https:\/\/theplayoffs.news\/en\/#organization"},"image":{"@id":"https:\/\/theplayoffs.news\/en\/valencia-vs-sevilla-la-liga-injury-news-match-preview-and-predicted-line-ups\/#primaryimage"},"thumbnailUrl":"https:\/\/cdn.theplayoffs.news\/en\/\/wp-content\/uploads\/2025\/04\/Valencia-vs-Sevilla-La-Liga.jpg","keywords":["La Liga","Sevilla","Valencia"],"articleSection":["Soccer"],"inLanguage":"en-US","copyrightYear":"2025","copyrightHolder":{"@id":"https:\/\/theplayoffs.news\/en\/#organization"}},{"@type":"WebPage","@id":"https:\/\/theplayoffs.news\/en\/valencia-vs-sevilla-la-liga-injury-news-match-preview-and-predicted-line-ups\/","url":"https:\/\/theplayoffs.news\/en\/valencia-vs-sevilla-la-liga-injury-news-match-preview-and-predicted-line-ups\/","name":"Valencia vs Sevilla La Liga \u2013 Injury News, Match Preview and Predicted Line-Ups - The Playoffs","isPartOf":{"@id":"https:\/\/theplayoffs.news\/en\/#website"},"primaryImageOfPage":{"@id":"https:\/\/theplayoffs.news\/en\/valencia-vs-sevilla-la-liga-injury-news-match-preview-and-predicted-line-ups\/#primaryimage"},"image":{"@id":"https:\/\/theplayoffs.news\/en\/valencia-vs-sevilla-la-liga-injury-news-match-preview-and-predicted-line-ups\/#primaryimage"},"thumbnailUrl":"https:\/\/cdn.theplayoffs.news\/en\/\/wp-content\/uploads\/2025\/04\/Valencia-vs-Sevilla-La-Liga.jpg","datePublished":"2025-04-11T10:50:59+00:00","dateModified":"2025-04-11T10:53:37+00:00","description":"The reverse fixture between these two sides earlier this season ended in a 1-1 draw at the Estadio Ram\u00f3n S\u00e1nchez Pizju\u00e1n.","breadcrumb":{"@id":"https:\/\/theplayoffs.news\/en\/valencia-vs-sevilla-la-liga-injury-news-match-preview-and-predicted-line-ups\/#breadcrumb"},"inLanguage":"en-US","potentialAction":[{"@type":"ReadAction","target":["https:\/\/theplayoffs.news\/en\/valencia-vs-sevilla-la-liga-injury-news-match-preview-and-predicted-line-ups\/"]}]},{"@type":"ImageObject","inLanguage":"en-US","@id":"https:\/\/theplayoffs.news\/en\/valencia-vs-sevilla-la-liga-injury-news-match-preview-and-predicted-line-ups\/#primaryimage","url":"https:\/\/cdn.theplayoffs.news\/en\/\/wp-content\/uploads\/2025\/04\/Valencia-vs-Sevilla-La-Liga.jpg","contentUrl":"https:\/\/cdn.theplayoffs.news\/en\/\/wp-content\/uploads\/2025\/04\/Valencia-vs-Sevilla-La-Liga.jpg","width":680,"height":453,"caption":"Credit: @valenciacf_en \/ X"},{"@type":"BreadcrumbList","@id":"https:\/\/theplayoffs.news\/en\/valencia-vs-sevilla-la-liga-injury-news-match-preview-and-predicted-line-ups\/#breadcrumb","itemListElement":[{"@type":"ListItem","position":1,"name":"Home","item":"https:\/\/theplayoffs.news\/en\/"},{"@type":"ListItem","position":2,"name":"Valencia vs Sevilla La Liga \u2013 Injury News, Match Preview and Predicted Line-Ups"}]},{"@type":"WebSite","@id":"https:\/\/theplayoffs.news\/en\/#website","url":"https:\/\/theplayoffs.news\/en\/","name":"The Playoffs","description":"Share passion for sports &amp; betting","publisher":{"@id":"https:\/\/theplayoffs.news\/en\/#organization"},"potentialAction":[{"@type":"SearchAction","target":{"@type":"EntryPoint","urlTemplate":"https:\/\/theplayoffs.news\/en\/?s={search_term_string}"},"query-input":{"@type":"PropertyValueSpecification","valueRequired":true,"valueName":"search_term_string"}}],"inLanguage":"en-US"},{"@type":"Organization","@id":"https:\/\/theplayoffs.news\/en\/#organization","name":"The Playoffs","url":"https:\/\/theplayoffs.news\/en\/","logo":{"@type":"ImageObject","inLanguage":"en-US","@id":"https:\/\/theplayoffs.news\/en\/#\/schema\/logo\/image\/","url":"https:\/\/theplayoffs.news\/en\/wp-content\/uploads\/2024\/11\/selo-tp-2020-415x280-1.webp","contentUrl":"https:\/\/theplayoffs.news\/en\/wp-content\/uploads\/2024\/11\/selo-tp-2020-415x280-1.webp","width":415,"height":280,"caption":"The Playoffs"},"image":{"@id":"https:\/\/theplayoffs.news\/en\/#\/schema\/logo\/image\/"},"sameAs":["https:\/\/x.com\/ThePlayoffsEN","https:\/\/www.instagram.com\/theplayoffs_en\/"]},{"@type":"Person","@id":"https:\/\/theplayoffs.news\/en\/#\/schema\/person\/560f53c1b7b036779d2efecc3dc9bc35","name":"Abhinav Goel","image":{"@type":"ImageObject","inLanguage":"en-US","@id":"https:\/\/theplayoffs.news\/en\/#\/schema\/person\/image\/","url":"https:\/\/secure.gravatar.com\/avatar\/a6424122a12451a65543acb90873f966?s=96&d=mm&r=g","contentUrl":"https:\/\/secure.gravatar.com\/avatar\/a6424122a12451a65543acb90873f966?s=96&d=mm&r=g","caption":"Abhinav Goel"},"description":"I am a soccer writer at The PlayOffs, covering everything from match analysis to transfer buzz and tactical deep dives. Ever since I was a kid, soccer has been more than just a sport to me\u2014it\u2019s been an obsession. Playing and watching the game from a young age fueled my passion, eventually leading me into the world of sports media and betting. Now, I get to analyze the sport I love and bring the latest updates to fans worldwide. The best part of my job is staying as close as possible to the beautiful game. From the intensity of matchdays to the drama of the transfer market, every moment keeps me hooked. To all the readers out there \u2014 soccer is unpredictable, chaotic, and often heartbreaking just like our lives. But that\u2019s what makes it beautiful. So, buckle up and enjoy the ride.","sameAs":["https:\/\/www.instagram.com\/s.p.o.r.t.s.m.a.n.i.a\/?hl=en"],"url":"https:\/\/theplayoffs.news\/en\/author\/abhinav\/"}]}},"_links":{"self":[{"href":"https:\/\/theplayoffs.news\/en\/wp-json\/wp\/v2\/posts\/38948"}],"collection":[{"href":"https:\/\/theplayoffs.news\/en\/wp-json\/wp\/v2\/posts"}],"about":[{"href":"https:\/\/theplayoffs.news\/en\/wp-json\/wp\/v2\/types\/post"}],"author":[{"embeddable":true,"href":"https:\/\/theplayoffs.news\/en\/wp-json\/wp\/v2\/users\/32"}],"replies":[{"embeddable":true,"href":"https:\/\/theplayoffs.news\/en\/wp-json\/wp\/v2\/comments?post=38948"}],"version-history":[{"count":2,"href":"https:\/\/theplayoffs.news\/en\/wp-json\/wp\/v2\/posts\/38948\/revisions"}],"predecessor-version":[{"id":39017,"href":"https:\/\/theplayoffs.news\/en\/wp-json\/wp\/v2\/posts\/38948\/revisions\/39017"}],"wp:featuredmedia":[{"embeddable":true,"href":"https:\/\/theplayoffs.news\/en\/wp-json\/wp\/v2\/media\/38963"}],"wp:attachment":[{"href":"https:\/\/theplayoffs.news\/en\/wp-json\/wp\/v2\/media?parent=38948"}],"wp:term":[{"taxonomy":"category","embeddable":true,"href":"https:\/\/theplayoffs.news\/en\/wp-json\/wp\/v2\/categories?post=38948"},{"taxonomy":"post_tag","embeddable":true,"href":"https:\/\/theplayoffs.news\/en\/wp-json\/wp\/v2\/tags?post=38948"}],"curies":[{"name":"wp","href":"https:\/\/api.w.org\/{rel}","templated":true}]}}